{"id":27454,"date":"2020-03-23T15:36:57","date_gmt":"2020-03-23T14:36:57","guid":{"rendered":"https:\/\/www.maior.it\/?p=27454"},"modified":"2025-05-19T12:57:08","modified_gmt":"2025-05-19T10:57:08","slug":"gestao-de-emergencia-covid-19","status":"publish","type":"post","link":"https:\/\/www.maior.it\/pt\/gestao-de-emergencia-covid-19\/","title":{"rendered":"Gest\u00e3o de Emerg\u00eancia COVID-19"},"content":{"rendered":"<section class=\"wpb-content-wrapper\">[vc_row full_width=&#8221;stretch_row&#8221; equal_height=&#8221;yes&#8221; wpex_bg_overlay=&#8221;custom&#8221; css=&#8221;.vc_custom_1693487952024{background-image: url(https:\/\/www.maior.it\/wp-content\/uploads\/2023\/08\/coronavirus.jpeg?id=2585) !important;background-position: center !important;background-repeat: no-repeat !important;background-size: cover !important;}&#8221; el_class=&#8221;evento_riga_slide&#8221; wpex_bg_overlay_image=&#8221;1947&#8243; wpex_bg_overlay_opacity=&#8221;0.85&#8243;][vc_column width=&#8221;1\/6&#8243;][\/vc_column][vc_column width=&#8221;2\/3&#8243;]<nav class=\"vcex-breadcrumbs vcex-breadcrumbs--links-inherit-color vcex-breadcrumbs--custom-color center_desktop bread\" style=\"color:#b9d6f4;--vcex-breadcrumbs-sep-color:#b9d6f4;font-size:14px;font-family:&#039;Inter&#039;,sans-serif;line-height:140%;\"><span><span><a href=\"https:\/\/www.maior.it\/pt\/\">Home<\/a><\/span><\/span><\/nav><div class=\"vcex-module vcex-page-title center_desktop evento_riga_slide_titolo desktop\"><h2 class=\"wpex-heading vcex-page-title__heading wpex-text-3xl\" style=\"color:#ffffff;\"><span class=\"vcex-page-title__text\">Gest\u00e3o de Emerg\u00eancia COVID-19<\/span><\/h2><\/div>[\/vc_column][vc_column width=&#8221;1\/6&#8243;][\/vc_column][\/vc_row][vc_row el_class=&#8221;articolo_riga_content&#8221;][vc_column][vc_column_text css=&#8221;.vc_custom_1742482483389{margin-top: 40px !important;}&#8221; text_align=&#8221;center&#8221;]\n<h2 style=\"text-align: left;\">Descubra como as solu\u00e7\u00f5es MAIOR ajudam as ag\u00eancias de transporte a enfrentar a emerg\u00eancia do COVID-19<\/h2>\n<p>&nbsp;<\/p>\n<p style=\"text-align: left;\">Em todo o mundo, milhares de ag\u00eancias de transporte p\u00fablico est\u00e3o enfrentando um novo desafio: <strong>gerenciar o planejamento r\u00e1pido dos servi\u00e7os e comunicar milhares de altera\u00e7\u00f5es para lidar com a emerg\u00eancia do coronav\u00edrus<\/strong>. Os clientes da MAIOR puderam contar com a flexibilidade e a completude de nossas solu\u00e7\u00f5es para superar esse desafio sem dificuldades.<\/p>\n<p style=\"text-align: left;\">An\u00e1lise de <strong>cen\u00e1rios<\/strong>, facilidade de <strong>reprograma\u00e7\u00e3o de servi\u00e7os<\/strong>, agilidade na otimiza\u00e7\u00e3o de recursos, rapidez na<strong> comunica\u00e7\u00e3o com motoristas<\/strong> e <strong>informa\u00e7\u00f5es pontuais para passageiros<\/strong> s\u00e3o os recursos mais apreciados das solu\u00e7\u00f5es MAIOR na gest\u00e3o do COVID-19.<\/p>\n<p style=\"text-align: left;\">Confira mais nas declara\u00e7\u00f5es de alguns de nossos clientes.\u00a0<strong><a href=\"https:\/\/www.linkedin.com\/company\/m-a-i-o-r-\/\" data-linktype=\"external\" data-val=\"https:\/\/www.linkedin.com\/company\/m-a-i-o-r-\/\">Siga-nos no LinkedIn.<\/a><\/strong><\/p>\n[\/vc_column_text][vc_column_text css=&#8221;.vc_custom_1742482734670{margin-top: 40px !important;}&#8221; text_align=&#8221;center&#8221;]\n<h2 class=\"h2sectiono\" style=\"text-align: left;\">Mil\u00e3o, It\u00e1lia<\/h2>\n<h4 class=\"h4sectiono\" style=\"text-align: left;\">Gest\u00e3o de operadores e informa\u00e7\u00f5es para usu\u00e1rios<\/h4>\n<p>&nbsp;<\/p>\n<div class=\"textsectiono textright\" style=\"text-align: left;\">\n<p style=\"font-weight: 400;\"><em>\u201cAs semanas de emerg\u00eancia foram desafiadoras. Em um tempo muito curto e em modo de trabalho remoto, gra\u00e7as \u00e0 <strong>flexibilidade e facilidade de uso do software MAIOR<\/strong>, conseguimos modificar e reprogramar dezenas de servi\u00e7os diferentes. Tamb\u00e9m aproveitamos ao m\u00e1ximo as funcionalidades de despacho e quiosque do software para <strong>comunicar rapidamente as altera\u00e7\u00f5es nas fun\u00e7\u00f5es dos motoristas<\/strong>. As sa\u00eddas autom\u00e1ticas nos permitiram <strong>garantir a precis\u00e3o das informa\u00e7\u00f5es para os passageiros<\/strong>. Antecipando o que est\u00e1 por vir, ser\u00e1 fundamental hipotetizar diferentes cen\u00e1rios a serem avaliados, e o sistema MAIOR ser\u00e1 indispens\u00e1vel <strong>para colocar o servi\u00e7o online rapidamente<\/strong> com as devidas comunica\u00e7\u00f5es.\u201d<\/em><\/p>\n<p style=\"font-weight: 400;\"><strong>Diego Cecchini<\/strong>, Desenvolvimento de Servi\u00e7os e Design, <strong><a href=\"http:\/\/autoguidovie.it\/\" target=\"_blank\" rel=\"noopener noreferrer\" data-linktype=\"external\" data-val=\"http:\/\/autoguidovie.it\/\">Autoguidovie S.p.A.<\/a><\/strong><\/p>\n<\/div>\n[\/vc_column_text][vc_empty_space][vc_single_image image=&#8221;2572&#8243; alignment=&#8221;center&#8221;][vc_column_text css=&#8221;.vc_custom_1742482846886{margin-top: 40px !important;}&#8221; text_align=&#8221;center&#8221;]\n<h2 class=\"h2sectiono\" style=\"text-align: left;\">Regi\u00e3o Lazio, It\u00e1lia<\/h2>\n<h4 class=\"h4sectiono\" style=\"text-align: left;\">Melhores pr\u00e1ticas: Gest\u00e3o de varia\u00e7\u00f5es de servi\u00e7os<\/h4>\n<p>&nbsp;<\/p>\n<div class=\"textsectiono textleft\">\n<p style=\"font-weight: 400;\"><em>\u201cPara enfrentar esta emerg\u00eancia, desde os primeiros dias, come\u00e7amos a preparar <strong>diversos cen\u00e1rios operacionais<\/strong> que nos permitissem reagir prontamente \u00e0 necessidade de limitar o servi\u00e7o. A <strong>flexibilidade na gest\u00e3o de calend\u00e1rios do software MAIOR<\/strong> nos permitiu escolher o cen\u00e1rio operacional a ser executado diariamente, com base nas ordens da Regi\u00e3o Lazio e nas restri\u00e7\u00f5es em constante mudan\u00e7a para o acesso \u00e0s zonas vermelhas. Dessa forma, tamb\u00e9m garantimos informa\u00e7\u00f5es <strong>pontuais e precisas<\/strong> aos usu\u00e1rios.\u201d<\/em><\/p>\n<p style=\"text-align: left;\"><strong>Fabio Toscano<\/strong>, Respons\u00e1vel pelo Planejamento e Aplica\u00e7\u00f5es MAIOR, <strong><a href=\"https:\/\/www.cotralspa.it\/\" target=\"_blank\" rel=\"noopener noreferrer\" data-linktype=\"external\" data-val=\"https:\/\/www.cotralspa.it\/\">Cotral Spa<\/a><\/strong><\/p>\n<\/div>\n[\/vc_column_text][vc_empty_space][vc_single_image image=&#8221;2580&#8243; alignment=&#8221;center&#8221;][vc_column_text css=&#8221;.vc_custom_1742483095971{margin-top: 40px !important;}&#8221; text_align=&#8221;center&#8221;]\n<h2 class=\"h2sectiono\" style=\"text-align: left;\">Regi\u00e3o Marche, It\u00e1lia<\/h2>\n<h4 class=\"h4sectiono\" style=\"text-align: left;\">Reprograma\u00e7\u00e3o de servi\u00e7os com MAIOR na Nuvem<\/h4>\n<p>&nbsp;<\/p>\n<div class=\"textsectiono textright\">\n<p style=\"font-weight: 400; text-align: left;\"><em>\u201c<strong>Usando diretamente o MAIOR Suite de casa<\/strong>, conseguimos gerenciar rapidamente a redu\u00e7\u00e3o dos servi\u00e7os necess\u00e1ria para enfrentar essa emerg\u00eancia. Modificamos rotas, viagens e fun\u00e7\u00f5es. <strong>Em pouco mais de um dia, o novo servi\u00e7o planejado estava pronto<\/strong> para ser comunicado aos usu\u00e1rios e outros stakeholders. Al\u00e9m disso, notificamos os motoristas sobre as novas fun\u00e7\u00f5es via o aplicativo web dispon\u00edvel com o suite, e eles podem continuar a registrar seus pedidos de f\u00e9rias, licen\u00e7as ou licen\u00e7as parentais facilmente de seus smartphones, sem precisar ir ao escrit\u00f3rio de RH, que continua a verificar e aprovar tudo remotamente.\u201d<\/em><\/p>\n<p style=\"text-align: left;\"><strong>Deborah\u00a0<\/strong><strong>Mesolella<\/strong>, Chefe de Programa\u00e7\u00e3o e Controle de Servi\u00e7os, <a href=\"http:\/\/www.amibus.it\/\" target=\"_blank\" rel=\"noopener noreferrer\" data-linktype=\"external\" data-val=\"http:\/\/www.amibus.it\/\"><strong>AMI\u00a0<\/strong><strong>SpA<\/strong><\/a><\/p>\n<\/div>\n[\/vc_column_text][vc_empty_space][vc_single_image image=&#8221;2583&#8243; alignment=&#8221;center&#8221;][\/vc_column][\/vc_row][vc_row el_class=&#8221;margin_top_100&#8243;][vc_column width=&#8221;1\/6&#8243;][\/vc_column][vc_column width=&#8221;2\/3&#8243;][vc_separator color=&#8221;custom&#8221; border_width=&#8221;6&#8243; el_width=&#8221;10&#8243; accent_color=&#8221;#003a69&#8243; el_class=&#8221;desktop&#8221;][vc_separator color=&#8221;custom&#8221; align=&#8221;align_left&#8221; border_width=&#8221;6&#8243; el_width=&#8221;20&#8243; accent_color=&#8221;#003a69&#8243; el_class=&#8221;mobile&#8221;][vc_column_text color=&#8221;#0071bb&#8221; font_size=&#8221;d:19px|pl:16px|pp:16px&#8221; font_family=&#8221;Montserrat&#8221; letter_spacing=&#8221;2.28px&#8221; font_weight=&#8221;600&#8243; text_transform=&#8221;uppercase&#8221; css=&#8221;.vc_custom_1742482942203{margin-top: 15px !important;}&#8221; el_class=&#8221;center_desktop&#8221;]\n<h4>artigos relacionados<\/h4>\n[\/vc_column_text][\/vc_column][vc_column width=&#8221;1\/6&#8243;][\/vc_column][\/vc_row][vc_row el_class=&#8221;articolo_riga_correlati margin_bot_100&#8243;][vc_column width=&#8221;1\/12&#8243;][\/vc_column][vc_column width=&#8221;10\/12&#8243;][vc_basic_grid post_type=&#8221;post&#8221; max_items=&#8221;2&#8243; element_width=&#8221;6&#8243; item=&#8221;1781&#8243; grid_id=&#8221;vc_gid:1742483063282-1ead8df1-3bb6-8&#8243; page_id=&#8221;1772&#8243; css=&#8221;.vc_custom_1691137916575{margin-top: 30px !important;}&#8221;][\/vc_column][vc_column width=&#8221;1\/12&#8243;][\/vc_column][\/vc_row]\n<\/section>","protected":false},"excerpt":{"rendered":"<p>[vc_row full_width=&#8221;stretch_row&#8221; equal_height=&#8221;yes&#8221; wpex_bg_overlay=&#8221;custom&#8221; css=&#8221;.vc_custom_1693487952024{background-image: url(https:\/\/www.maior.it\/wp-content\/uploads\/2023\/08\/coronavirus.jpeg?id=2585) !important;background-position: center !important;background-repeat: no-repeat !important;background-size: cover !important;}&#8221; el_class=&#8221;evento_riga_slide&#8221; wpex_bg_overlay_image=&#8221;1947&#8243; wpex_bg_overlay_opacity=&#8221;0.85&#8243;][vc_column width=&#8221;1\/6&#8243;][\/vc_column][vc_column width=&#8221;2\/3&#8243;][\/vc_column][vc_column width=&#8221;1\/6&#8243;][\/vc_column][\/vc_row][vc_row el_class=&#8221;articolo_riga_content&#8221;][vc_column][vc_column_text css=&#8221;.vc_custom_1742482483389{margin-top: 40px !important;}&#8221; text_align=&#8221;center&#8221;] Descubra como as solu\u00e7\u00f5es MAIOR ajudam as ag\u00eancias de transporte a enfrentar a emerg\u00eancia do COVID-19 &nbsp; Em todo o mundo, milhares de ag\u00eancias de transporte p\u00fablico est\u00e3o enfrentando um novo&hellip;<\/p>\n","protected":false},"author":2,"featured_media":27456,"comment_status":"open","ping_status":"open","sticky":false,"template":"","format":"standard","meta":{"_acf_changed":false,"inline_featured_image":false,"footnotes":""},"categories":[230],"tags":[],"post_series":[],"class_list":["post-27454","post","type-post","status-publish","format-standard","has-post-thumbnail","hentry","category-best-practices-public-transport-pt","entry","has-media"],"acf":[],"yoast_head":"<!-- This site is optimized with the Yoast SEO plugin v27.1.1 - https:\/\/yoast.com\/product\/yoast-seo-wordpress\/ -->\n<title>Gest\u00e3o de Emerg\u00eancia COVID-19<\/title>\n<meta name=\"description\" content=\"Descubra como as solu\u00e7\u00f5es MAIOR ajudam as ag\u00eancias de transporte a enfrentar a emerg\u00eancia do COVID-19\" \/>\n<meta name=\"robots\" content=\"index, follow, max-snippet:-1, max-image-preview:large, max-video-preview:-1\" \/>\n<link rel=\"canonical\" href=\"https:\/\/www.maior.it\/pt-pt\/gestao-de-emergencia-covid-19\/\" \/>\n<meta property=\"og:locale\" content=\"pt_PT\" \/>\n<meta property=\"og:type\" content=\"article\" \/>\n<meta property=\"og:title\" content=\"Gest\u00e3o de Emerg\u00eancia COVID-19\" \/>\n<meta property=\"og:description\" content=\"Descubra como as solu\u00e7\u00f5es MAIOR ajudam as ag\u00eancias de transporte a enfrentar a emerg\u00eancia do COVID-19\" \/>\n<meta property=\"og:url\" content=\"https:\/\/www.maior.it\/pt-pt\/gestao-de-emergencia-covid-19\/\" \/>\n<meta property=\"og:site_name\" content=\"MAIOR\" \/>\n<meta property=\"article:published_time\" content=\"2020-03-23T14:36:57+00:00\" \/>\n<meta property=\"article:modified_time\" content=\"2025-05-19T10:57:08+00:00\" \/>\n<meta property=\"og:image\" content=\"https:\/\/www.maior.it\/wp-content\/uploads\/2023\/08\/Coronavirus-emergency-bus.png\" \/>\n\t<meta property=\"og:image:width\" content=\"551\" \/>\n\t<meta property=\"og:image:height\" content=\"300\" \/>\n\t<meta property=\"og:image:type\" content=\"image\/png\" \/>\n<meta name=\"author\" content=\"mentarossa\" \/>\n<meta name=\"twitter:card\" content=\"summary_large_image\" \/>\n<meta name=\"twitter:label1\" content=\"Written by\" \/>\n\t<meta name=\"twitter:data1\" content=\"mentarossa\" \/>\n\t<meta name=\"twitter:label2\" content=\"Est. reading time\" \/>\n\t<meta name=\"twitter:data2\" content=\"3 minutos\" \/>\n<script type=\"application\/ld+json\" class=\"yoast-schema-graph\">{\"@context\":\"https:\/\/schema.org\",\"@graph\":[{\"@type\":\"Article\",\"@id\":\"https:\/\/www.maior.it\/pt-pt\/gestao-de-emergencia-covid-19\/#article\",\"isPartOf\":{\"@id\":\"https:\/\/www.maior.it\/pt-pt\/gestao-de-emergencia-covid-19\/\"},\"author\":{\"name\":\"mentarossa\",\"@id\":\"https:\/\/www.maior.it\/#\/schema\/person\/86c8a8dfd1855850685b62611a92b0ae\"},\"headline\":\"Gest\u00e3o de Emerg\u00eancia COVID-19\",\"datePublished\":\"2020-03-23T14:36:57+00:00\",\"dateModified\":\"2025-05-19T10:57:08+00:00\",\"mainEntityOfPage\":{\"@id\":\"https:\/\/www.maior.it\/pt-pt\/gestao-de-emergencia-covid-19\/\"},\"wordCount\":896,\"commentCount\":0,\"publisher\":{\"@id\":\"https:\/\/www.maior.it\/#organization\"},\"image\":{\"@id\":\"https:\/\/www.maior.it\/pt-pt\/gestao-de-emergencia-covid-19\/#primaryimage\"},\"thumbnailUrl\":\"https:\/\/www.maior.it\/wp-content\/uploads\/2023\/08\/Coronavirus-emergency-bus.png\",\"articleSection\":[\"Best Practices\"],\"inLanguage\":\"pt-AO\"},{\"@type\":\"WebPage\",\"@id\":\"https:\/\/www.maior.it\/pt-pt\/gestao-de-emergencia-covid-19\/\",\"url\":\"https:\/\/www.maior.it\/pt-pt\/gestao-de-emergencia-covid-19\/\",\"name\":\"Gest\u00e3o de Emerg\u00eancia COVID-19\",\"isPartOf\":{\"@id\":\"https:\/\/www.maior.it\/#website\"},\"primaryImageOfPage\":{\"@id\":\"https:\/\/www.maior.it\/pt-pt\/gestao-de-emergencia-covid-19\/#primaryimage\"},\"image\":{\"@id\":\"https:\/\/www.maior.it\/pt-pt\/gestao-de-emergencia-covid-19\/#primaryimage\"},\"thumbnailUrl\":\"https:\/\/www.maior.it\/wp-content\/uploads\/2023\/08\/Coronavirus-emergency-bus.png\",\"datePublished\":\"2020-03-23T14:36:57+00:00\",\"dateModified\":\"2025-05-19T10:57:08+00:00\",\"description\":\"Descubra como as solu\u00e7\u00f5es MAIOR ajudam as ag\u00eancias de transporte a enfrentar a emerg\u00eancia do COVID-19\",\"breadcrumb\":{\"@id\":\"https:\/\/www.maior.it\/pt-pt\/gestao-de-emergencia-covid-19\/#breadcrumb\"},\"inLanguage\":\"pt-AO\",\"potentialAction\":[{\"@type\":\"ReadAction\",\"target\":[\"https:\/\/www.maior.it\/pt-pt\/gestao-de-emergencia-covid-19\/\"]}]},{\"@type\":\"ImageObject\",\"inLanguage\":\"pt-AO\",\"@id\":\"https:\/\/www.maior.it\/pt-pt\/gestao-de-emergencia-covid-19\/#primaryimage\",\"url\":\"https:\/\/www.maior.it\/wp-content\/uploads\/2023\/08\/Coronavirus-emergency-bus.png\",\"contentUrl\":\"https:\/\/www.maior.it\/wp-content\/uploads\/2023\/08\/Coronavirus-emergency-bus.png\",\"width\":551,\"height\":300,\"caption\":\"Gest\u00e3o de Emerg\u00eancia COVID-19\"},{\"@type\":\"BreadcrumbList\",\"@id\":\"https:\/\/www.maior.it\/pt-pt\/gestao-de-emergencia-covid-19\/#breadcrumb\",\"itemListElement\":[{\"@type\":\"ListItem\",\"position\":1,\"name\":\"Home\",\"item\":\"https:\/\/www.maior.it\/pt\/\"},{\"@type\":\"ListItem\",\"position\":2,\"name\":\"Gest\u00e3o de Emerg\u00eancia COVID-19\"}]},{\"@type\":\"WebSite\",\"@id\":\"https:\/\/www.maior.it\/#website\",\"url\":\"https:\/\/www.maior.it\/\",\"name\":\"MAIOR\",\"description\":\"\",\"publisher\":{\"@id\":\"https:\/\/www.maior.it\/#organization\"},\"potentialAction\":[{\"@type\":\"SearchAction\",\"target\":{\"@type\":\"EntryPoint\",\"urlTemplate\":\"https:\/\/www.maior.it\/?s={search_term_string}\"},\"query-input\":{\"@type\":\"PropertyValueSpecification\",\"valueRequired\":true,\"valueName\":\"search_term_string\"}}],\"inLanguage\":\"pt-AO\"},{\"@type\":\"Organization\",\"@id\":\"https:\/\/www.maior.it\/#organization\",\"name\":\"MAIOR\",\"url\":\"https:\/\/www.maior.it\/\",\"logo\":{\"@type\":\"ImageObject\",\"inLanguage\":\"pt-AO\",\"@id\":\"https:\/\/www.maior.it\/#\/schema\/logo\/image\/\",\"url\":\"https:\/\/www.maior.it\/wp-content\/uploads\/2023\/08\/maior-favicon.jpg\",\"contentUrl\":\"https:\/\/www.maior.it\/wp-content\/uploads\/2023\/08\/maior-favicon.jpg\",\"width\":48,\"height\":48,\"caption\":\"MAIOR\"},\"image\":{\"@id\":\"https:\/\/www.maior.it\/#\/schema\/logo\/image\/\"},\"sameAs\":[\"https:\/\/www.instagram.com\/maior.it\",\"https:\/\/www.linkedin.com\/company\/m-a-i-o-r-\/\"]},{\"@type\":\"Person\",\"@id\":\"https:\/\/www.maior.it\/#\/schema\/person\/86c8a8dfd1855850685b62611a92b0ae\",\"name\":\"mentarossa\",\"image\":{\"@type\":\"ImageObject\",\"inLanguage\":\"pt-AO\",\"@id\":\"https:\/\/www.maior.it\/#\/schema\/person\/image\/\",\"url\":\"https:\/\/secure.gravatar.com\/avatar\/989259148a9f4e461636de4e7fedd396cf3809275930008cb654afa2eef469ba?s=96&d=mm&r=g\",\"contentUrl\":\"https:\/\/secure.gravatar.com\/avatar\/989259148a9f4e461636de4e7fedd396cf3809275930008cb654afa2eef469ba?s=96&d=mm&r=g\",\"caption\":\"mentarossa\"},\"url\":\"https:\/\/www.maior.it\/pt\/author\/mentarossa\/\"}]}<\/script>\n<!-- \/ Yoast SEO plugin. -->","yoast_head_json":{"title":"Gest\u00e3o de Emerg\u00eancia COVID-19","description":"Descubra como as solu\u00e7\u00f5es MAIOR ajudam as ag\u00eancias de transporte a enfrentar a emerg\u00eancia do COVID-19","robots":{"index":"index","follow":"follow","max-snippet":"max-snippet:-1","max-image-preview":"max-image-preview:large","max-video-preview":"max-video-preview:-1"},"canonical":"https:\/\/www.maior.it\/pt-pt\/gestao-de-emergencia-covid-19\/","og_locale":"pt_PT","og_type":"article","og_title":"Gest\u00e3o de Emerg\u00eancia COVID-19","og_description":"Descubra como as solu\u00e7\u00f5es MAIOR ajudam as ag\u00eancias de transporte a enfrentar a emerg\u00eancia do COVID-19","og_url":"https:\/\/www.maior.it\/pt-pt\/gestao-de-emergencia-covid-19\/","og_site_name":"MAIOR","article_published_time":"2020-03-23T14:36:57+00:00","article_modified_time":"2025-05-19T10:57:08+00:00","og_image":[{"width":551,"height":300,"url":"https:\/\/www.maior.it\/wp-content\/uploads\/2023\/08\/Coronavirus-emergency-bus.png","type":"image\/png"}],"author":"mentarossa","twitter_card":"summary_large_image","twitter_misc":{"Written by":"mentarossa","Est. reading time":"3 minutos"},"schema":{"@context":"https:\/\/schema.org","@graph":[{"@type":"Article","@id":"https:\/\/www.maior.it\/pt-pt\/gestao-de-emergencia-covid-19\/#article","isPartOf":{"@id":"https:\/\/www.maior.it\/pt-pt\/gestao-de-emergencia-covid-19\/"},"author":{"name":"mentarossa","@id":"https:\/\/www.maior.it\/#\/schema\/person\/86c8a8dfd1855850685b62611a92b0ae"},"headline":"Gest\u00e3o de Emerg\u00eancia COVID-19","datePublished":"2020-03-23T14:36:57+00:00","dateModified":"2025-05-19T10:57:08+00:00","mainEntityOfPage":{"@id":"https:\/\/www.maior.it\/pt-pt\/gestao-de-emergencia-covid-19\/"},"wordCount":896,"commentCount":0,"publisher":{"@id":"https:\/\/www.maior.it\/#organization"},"image":{"@id":"https:\/\/www.maior.it\/pt-pt\/gestao-de-emergencia-covid-19\/#primaryimage"},"thumbnailUrl":"https:\/\/www.maior.it\/wp-content\/uploads\/2023\/08\/Coronavirus-emergency-bus.png","articleSection":["Best Practices"],"inLanguage":"pt-AO"},{"@type":"WebPage","@id":"https:\/\/www.maior.it\/pt-pt\/gestao-de-emergencia-covid-19\/","url":"https:\/\/www.maior.it\/pt-pt\/gestao-de-emergencia-covid-19\/","name":"Gest\u00e3o de Emerg\u00eancia COVID-19","isPartOf":{"@id":"https:\/\/www.maior.it\/#website"},"primaryImageOfPage":{"@id":"https:\/\/www.maior.it\/pt-pt\/gestao-de-emergencia-covid-19\/#primaryimage"},"image":{"@id":"https:\/\/www.maior.it\/pt-pt\/gestao-de-emergencia-covid-19\/#primaryimage"},"thumbnailUrl":"https:\/\/www.maior.it\/wp-content\/uploads\/2023\/08\/Coronavirus-emergency-bus.png","datePublished":"2020-03-23T14:36:57+00:00","dateModified":"2025-05-19T10:57:08+00:00","description":"Descubra como as solu\u00e7\u00f5es MAIOR ajudam as ag\u00eancias de transporte a enfrentar a emerg\u00eancia do COVID-19","breadcrumb":{"@id":"https:\/\/www.maior.it\/pt-pt\/gestao-de-emergencia-covid-19\/#breadcrumb"},"inLanguage":"pt-AO","potentialAction":[{"@type":"ReadAction","target":["https:\/\/www.maior.it\/pt-pt\/gestao-de-emergencia-covid-19\/"]}]},{"@type":"ImageObject","inLanguage":"pt-AO","@id":"https:\/\/www.maior.it\/pt-pt\/gestao-de-emergencia-covid-19\/#primaryimage","url":"https:\/\/www.maior.it\/wp-content\/uploads\/2023\/08\/Coronavirus-emergency-bus.png","contentUrl":"https:\/\/www.maior.it\/wp-content\/uploads\/2023\/08\/Coronavirus-emergency-bus.png","width":551,"height":300,"caption":"Gest\u00e3o de Emerg\u00eancia COVID-19"},{"@type":"BreadcrumbList","@id":"https:\/\/www.maior.it\/pt-pt\/gestao-de-emergencia-covid-19\/#breadcrumb","itemListElement":[{"@type":"ListItem","position":1,"name":"Home","item":"https:\/\/www.maior.it\/pt\/"},{"@type":"ListItem","position":2,"name":"Gest\u00e3o de Emerg\u00eancia COVID-19"}]},{"@type":"WebSite","@id":"https:\/\/www.maior.it\/#website","url":"https:\/\/www.maior.it\/","name":"MAIOR","description":"","publisher":{"@id":"https:\/\/www.maior.it\/#organization"},"potentialAction":[{"@type":"SearchAction","target":{"@type":"EntryPoint","urlTemplate":"https:\/\/www.maior.it\/?s={search_term_string}"},"query-input":{"@type":"PropertyValueSpecification","valueRequired":true,"valueName":"search_term_string"}}],"inLanguage":"pt-AO"},{"@type":"Organization","@id":"https:\/\/www.maior.it\/#organization","name":"MAIOR","url":"https:\/\/www.maior.it\/","logo":{"@type":"ImageObject","inLanguage":"pt-AO","@id":"https:\/\/www.maior.it\/#\/schema\/logo\/image\/","url":"https:\/\/www.maior.it\/wp-content\/uploads\/2023\/08\/maior-favicon.jpg","contentUrl":"https:\/\/www.maior.it\/wp-content\/uploads\/2023\/08\/maior-favicon.jpg","width":48,"height":48,"caption":"MAIOR"},"image":{"@id":"https:\/\/www.maior.it\/#\/schema\/logo\/image\/"},"sameAs":["https:\/\/www.instagram.com\/maior.it","https:\/\/www.linkedin.com\/company\/m-a-i-o-r-\/"]},{"@type":"Person","@id":"https:\/\/www.maior.it\/#\/schema\/person\/86c8a8dfd1855850685b62611a92b0ae","name":"mentarossa","image":{"@type":"ImageObject","inLanguage":"pt-AO","@id":"https:\/\/www.maior.it\/#\/schema\/person\/image\/","url":"https:\/\/secure.gravatar.com\/avatar\/989259148a9f4e461636de4e7fedd396cf3809275930008cb654afa2eef469ba?s=96&d=mm&r=g","contentUrl":"https:\/\/secure.gravatar.com\/avatar\/989259148a9f4e461636de4e7fedd396cf3809275930008cb654afa2eef469ba?s=96&d=mm&r=g","caption":"mentarossa"},"url":"https:\/\/www.maior.it\/pt\/author\/mentarossa\/"}]}},"_links":{"self":[{"href":"https:\/\/www.maior.it\/pt\/wp-json\/wp\/v2\/posts\/27454","targetHints":{"allow":["GET"]}}],"collection":[{"href":"https:\/\/www.maior.it\/pt\/wp-json\/wp\/v2\/posts"}],"about":[{"href":"https:\/\/www.maior.it\/pt\/wp-json\/wp\/v2\/types\/post"}],"author":[{"embeddable":true,"href":"https:\/\/www.maior.it\/pt\/wp-json\/wp\/v2\/users\/2"}],"replies":[{"embeddable":true,"href":"https:\/\/www.maior.it\/pt\/wp-json\/wp\/v2\/comments?post=27454"}],"version-history":[{"count":1,"href":"https:\/\/www.maior.it\/pt\/wp-json\/wp\/v2\/posts\/27454\/revisions"}],"predecessor-version":[{"id":27460,"href":"https:\/\/www.maior.it\/pt\/wp-json\/wp\/v2\/posts\/27454\/revisions\/27460"}],"wp:featuredmedia":[{"embeddable":true,"href":"https:\/\/www.maior.it\/pt\/wp-json\/wp\/v2\/media\/27456"}],"wp:attachment":[{"href":"https:\/\/www.maior.it\/pt\/wp-json\/wp\/v2\/media?parent=27454"}],"wp:term":[{"taxonomy":"category","embeddable":true,"href":"https:\/\/www.maior.it\/pt\/wp-json\/wp\/v2\/categories?post=27454"},{"taxonomy":"post_tag","embeddable":true,"href":"https:\/\/www.maior.it\/pt\/wp-json\/wp\/v2\/tags?post=27454"},{"taxonomy":"post_series","embeddable":true,"href":"https:\/\/www.maior.it\/pt\/wp-json\/wp\/v2\/post_series?post=27454"}],"curies":[{"name":"wp","href":"https:\/\/api.w.org\/{rel}","templated":true}]}}