{"id":27442,"date":"2021-07-01T10:35:47","date_gmt":"2021-07-01T08:35:47","guid":{"rendered":"https:\/\/www.maior.it\/?p=27442"},"modified":"2025-10-16T11:38:40","modified_gmt":"2025-10-16T09:38:40","slug":"uma-entrevista-com-o-nosso-ceo","status":"publish","type":"post","link":"https:\/\/www.maior.it\/pt\/uma-entrevista-com-o-nosso-ceo\/","title":{"rendered":"Uma Entrevista com o Nosso CEO"},"content":{"rendered":"<section class=\"wpb-content-wrapper\">[vc_row full_width=&#8221;stretch_row&#8221; equal_height=&#8221;yes&#8221; wpex_bg_overlay=&#8221;custom&#8221; css=&#8221;.vc_custom_1693558013074{background-image: url(https:\/\/www.maior.it\/wp-content\/uploads\/2023\/09\/Leopoldo-Girardi.jpeg?id=2725) !important;background-position: center !important;background-repeat: no-repeat !important;background-size: cover !important;}&#8221; el_class=&#8221;evento_riga_slide&#8221; wpex_bg_overlay_image=&#8221;1947&#8243; wpex_bg_overlay_opacity=&#8221;0.85&#8243;][vc_column width=&#8221;1\/6&#8243;][\/vc_column][vc_column width=&#8221;2\/3&#8243;]<nav class=\"vcex-breadcrumbs vcex-breadcrumbs--links-inherit-color vcex-breadcrumbs--custom-color center_desktop bread\" style=\"color:#b9d6f4;--vcex-breadcrumbs-sep-color:#b9d6f4;font-size:14px;font-family:&#039;Inter&#039;,sans-serif;line-height:140%;\"><span><span><a href=\"https:\/\/www.maior.it\/pt\/\">Home<\/a><\/span><\/span><\/nav><div class=\"vcex-module vcex-page-title center_desktop evento_riga_slide_titolo desktop\"><h2 class=\"wpex-heading vcex-page-title__heading wpex-text-3xl\" style=\"color:#ffffff;\"><span class=\"vcex-page-title__text\">Uma Entrevista com o Nosso CEO<\/span><\/h2><\/div>[\/vc_column][vc_column width=&#8221;1\/6&#8243;][\/vc_column][\/vc_row][vc_row el_class=&#8221;articolo_riga_content&#8221;][vc_column][vc_column_text css=&#8221;.vc_custom_1742810599202{margin-top: 40px !important;}&#8221; text_align=&#8221;center&#8221;]\n<div class=\"mosaic-grid-row\">\n<div class=\"mosaic-grid-cell mosaic-width-full mosaic-position-leftmost\">\n<div class=\"movable removable mosaic-tile mosaic-collective.themefragments.fragment-tile\">\n<div class=\"mosaic-tile-content\">\n<section id=\"section_title_description\" class=\"lrblock\" title=\"An Interview with our CEO\" data-anchor=\"anchor-An Interview with our CEO\">\n<div class=\"container flex\">\n<div class=\"halftext bodytext\">\n<h2 class=\"h2sectiono\" style=\"text-align: left;\">Uma Entrevista com o Nosso CEO<\/h2>\n<div class=\"textsectiono textleft\" style=\"text-align: left;\"><strong>Leopoldo Girardi \u00e9 o CEO da MAIOR<\/strong>. Ele faz parte da hist\u00f3ria da empresa desde o in\u00edcio e suas valiosas contribui\u00e7\u00f5es ajudaram a tornar a MAIOR uma empresa bem-sucedida, n\u00e3o apenas na It\u00e1lia, mas no mundo inteiro. Nesta entrevista, Leopoldo nos conta como a empresa foi fundada, quais s\u00e3o as cren\u00e7as centrais da MAIOR e explica os elementos que a tornam \u00fanica. Ele tamb\u00e9m descreve a import\u00e2ncia das atividades de <strong>P&amp;D<\/strong> e da coopera\u00e7\u00e3o com o mundo acad\u00eamico, al\u00e9m de delinear os <strong>desafios futuros para a ind\u00fastria de transporte p\u00fablico<\/strong>.<\/div>\n<\/div>\n<\/div>\n<\/section>\n<\/div>\n<\/div>\n<div class=\"movable removable mosaic-tile mosaic-collective.themefragments.fragment-tile\" style=\"text-align: left;\">\n<div class=\"mosaic-tile-content\">\n<section id=\"section_title_description\" class=\"lrblock\" title=\"How was MAIOR founded?\" data-anchor=\"anchor-How was MAIOR founded?\">\n<div class=\"container flex\">\n<div class=\"halftext bodytext\">\n<h2 class=\"h2sectiono\">Como a MAIOR foi fundada?<\/h2>\n<div class=\"textsectiono textleft\">A MAIOR come\u00e7ou no final dos anos 1980 como uma esp\u00e9cie de <strong>spin-off<\/strong> da <strong>Universidade de Pisa<\/strong>, em torno de um pequeno grupo de professores e rec\u00e9m-formados da universidade que focaram suas atividades em <strong>pesquisa operacional<\/strong>. Angelo Davini, depois Antonella Albano e eu, hav\u00edamos nos formado recentemente com o Professor Paolo Carraresi, e compartilh\u00e1vamos a paix\u00e3o pela <strong>pesquisa operacional<\/strong> e pelo desenvolvimento de<strong> modelos matem\u00e1ticos e algoritmos de otimiza\u00e7\u00e3o<\/strong>. A hist\u00f3ria da MAIOR come\u00e7a com um grupo de amigos motivados pelo desejo de criar algo juntos.<\/div>\n<\/div>\n<\/div>\n<\/section>\n<\/div>\n<\/div>\n<\/div>\n<\/div>\n<div class=\"mosaic-grid-row\">\n<div class=\"mosaic-grid-cell mosaic-width-full mosaic-position-leftmost\">\n<div class=\"movable removable mosaic-tile mosaic-collective.themefragments.fragment-tile\">\n<div class=\"mosaic-tile-content\">\n<section id=\"fragment-sectiono\" class=\"lrblock\" title=\"What does the acronym mean?\" data-anchor=\"anchor-What does the acronym mean?\">\n<div class=\"container flex right\">\n<div class=\"half bodytext\">\n<h2 class=\"h2sectiono\" style=\"text-align: left;\">O que significa a sigla MAIOR?<\/h2>\n<div class=\"textsectiono textright\">\n<p style=\"text-align: left;\">A sigla &#8220;<strong>M.A.I.O.R<\/strong>.&#8221; significa Gest\u00e3o, Intelig\u00eancia Artificial e Pesquisa Operacional.<\/p>\n<p style=\"text-align: left;\">A <strong>Pesquisa Operacional<\/strong> era o n\u00facleo, mas os primeiros experimentos com IA j\u00e1 estavam sendo feitos dentro das possibilidades oferecidas pelos computadores da \u00e9poca. O &#8220;M&#8221; se referia \u00e0 oportunidade de fornecer <strong>ferramentas de gest\u00e3o<\/strong> principalmente para <strong>empresas de transporte<\/strong>, mas n\u00e3o apenas isso. A ideia inicial era expandir para outros mercados. Na verdade, crescemos na <strong>ind\u00fastria de transporte p\u00fablico<\/strong>, come\u00e7ando com <strong>\u00f4nibus<\/strong>, depois com <strong>companhias a\u00e9reas<\/strong> e <strong>transporte ferrovi\u00e1rio<\/strong>.<\/p>\n<\/div>\n<\/div>\n<\/div>\n<\/section>\n<\/div>\n<\/div>\n<\/div>\n<\/div>\n[\/vc_column_text][vc_empty_space][vc_single_image image=&#8221;2697&#8243; alignment=&#8221;center&#8221;][vc_column_text css=&#8221;.vc_custom_1742810749597{margin-top: 40px !important;}&#8221; text_align=&#8221;center&#8221;]\n<div class=\"movable removable mosaic-tile mosaic-collective.themefragments.fragment-tile\">\n<div class=\"mosaic-tile-content\">\n<section id=\"section_title_description\" class=\"lrblock\" title=\"What is the difference between Artificial Intelligence and Operations Research?\" data-anchor=\"anchor-What is the difference between Artificial Intelligence and Operations Research?\">\n<div class=\"container flex\">\n<div class=\"halftext bodytext\">\n<h2 class=\"h2sectiono\" style=\"text-align: left;\">Qual \u00e9 a diferen\u00e7a entre Intelig\u00eancia Artificial e Pesquisa Operacional?<\/h2>\n<div class=\"textsectiono textleft\" style=\"text-align: left;\">A MAIOR come\u00e7ou com IA e PO. No entanto, seu desenvolvimento foi mais impulsionado pela <strong>Pesquisa Operacional<\/strong>. Quando preciso descrever a diferen\u00e7a entre as duas tecnologias, sempre gosto de citar uma frase usada pelo <strong>Professor Antonio Frangioni<\/strong>, do Departamento de Ci\u00eancia da Computa\u00e7\u00e3o da Universidade de Pisa: &#8220;A IA faz o que voc\u00ea espera que ela fa\u00e7a, a PO faz o que voc\u00ea pede que ela fa\u00e7a.&#8221;<\/div>\n<\/div>\n<\/div>\n<\/section>\n<\/div>\n<\/div>\n<div class=\"movable removable mosaic-tile mosaic-collective.themefragments.fragment-tile\">\n<div class=\"mosaic-tile-content\">\n<section id=\"fragment-sectiono\" class=\"lrblock\" data-anchor=\"anchor-\">\n<div class=\"container flex left\">\n<div class=\"half bodytext\">\n<div class=\"textsectiono textleft\">\n<p style=\"text-align: left;\">Isso ocorre porque, apesar de seu nome, a <strong>Intelig\u00eancia Artificial<\/strong> tem pouca criatividade. Ela tenta replicar de maneira &#8220;mec\u00e2nica&#8221; o que uma pessoa faria; pode surpreend\u00ea-lo mais pela semelhan\u00e7a com o que voc\u00ea faria, mas n\u00e3o pela qualidade da solu\u00e7\u00e3o que encontra. A <strong>pesquisa operacional<\/strong> pode encontrar <strong>solu\u00e7\u00f5es inesperadas<\/strong>, que correspondem exatamente ao que voc\u00ea pediu.<\/p>\n<p style=\"text-align: left;\">Hoje, a IA \u00e9 \u00fatil para facilitar o <strong>trabalho di\u00e1rio<\/strong>, tornando-o menos repetitivo ao sugerir pequenas solu\u00e7\u00f5es. A pesquisa operacional ainda \u00e9 preferida quando se tem um <strong>problema muito complicado<\/strong> e se busca encontrar a <strong>solu\u00e7\u00e3o perfeita<\/strong>.<\/p>\n<\/div>\n<\/div>\n<\/div>\n<\/section>\n<\/div>\n<\/div>\n[\/vc_column_text][vc_empty_space][vc_single_image image=&#8221;2700&#8243; alignment=&#8221;center&#8221;][vc_column_text css=&#8221;.vc_custom_1742810862903{margin-top: 40px !important;}&#8221; text_align=&#8221;center&#8221;]\n<div class=\"movable removable mosaic-tile mosaic-collective.themefragments.fragment-tile\">\n<div class=\"mosaic-tile-content\">\n<section id=\"section_title_description\" class=\"lrblock\" title=\"What are the main cultural elements in MAIOR?\" data-anchor=\"anchor-What are the main cultural elements in MAIOR?\">\n<div class=\"container flex\">\n<div class=\"halftext bodytext\">\n<h2 class=\"h2sectiono\" style=\"text-align: left;\">Quais s\u00e3o os principais elementos culturais da MAIOR?<\/h2>\n<div class=\"textsectiono textleft\" style=\"text-align: left;\">Acredito que a MAIOR leva um pouco da It\u00e1lia para o exterior: <strong>versatilidade, criatividade e a capacidade de abordar problemas pensando fora da caixa<\/strong>.<\/div>\n<\/div>\n<\/div>\n<\/section>\n<\/div>\n<\/div>\n<div class=\"movable removable mosaic-tile mosaic-collective.themefragments.fragment-tile\">\n<div class=\"mosaic-tile-content\">\n<section id=\"fragment-sectiono\" class=\"lrblock\" data-anchor=\"anchor-\">\n<div class=\"container flex left\">\n<div class=\"half bodytext\">\n<div class=\"textsectiono textleft\">\n<p style=\"text-align: left;\"><strong>Sabemos que desenvolvemos um software importante e muito bem estruturado<\/strong>, resultado de anos de trabalho, talento e pesquisa; no entanto, esse software existe e funciona gra\u00e7as \u00e0 componente humana, entendida como nossa equipe, nossos parceiros e nossos clientes.<\/p>\n<p style=\"text-align: left;\">Nosso mercado \u00e9 nichado, e cada cliente tem sua pr\u00f3pria hist\u00f3ria e singularidade que quer preservar. Portanto, <strong>nossa aten\u00e7\u00e3o \u00e0s necessidades particulares deles \u00e9 constante e uma prioridade<\/strong>.<\/p>\n<\/div>\n<\/div>\n<\/div>\n<\/section>\n<\/div>\n<\/div>\n[\/vc_column_text][vc_empty_space][vc_single_image image=&#8221;2701&#8243; alignment=&#8221;center&#8221;][vc_column_text css=&#8221;.vc_custom_1742810949062{margin-top: 40px !important;}&#8221; text_align=&#8221;center&#8221;]\n<div class=\"movable removable mosaic-tile mosaic-collective.themefragments.fragment-tile\">\n<div class=\"mosaic-tile-content\">\n<section id=\"section_title_description\" class=\"lrblock\" title=\"What are the main cultural elements in MAIOR?\" data-anchor=\"anchor-What are the main cultural elements in MAIOR?\">\n<div class=\"container flex\">\n<div class=\"halftext bodytext\">\n<div class=\"movable removable mosaic-tile mosaic-collective.themefragments.fragment-tile\">\n<div class=\"mosaic-tile-content\">\n<section id=\"section_title_description\" class=\"lrblock\" title=\"Why do customers choose MAIOR?\" data-anchor=\"anchor-Why do customers choose MAIOR?\">\n<div class=\"container flex\">\n<div class=\"halftext bodytext\">\n<h2 class=\"h2sectiono\" style=\"text-align: left;\">Por que os clientes escolhem a MAIOR?<\/h2>\n<div class=\"textsectiono textleft\" style=\"text-align: left;\">Acredito que os clientes nos escolhem porque querem mudar e melhorar. At\u00e9 poucos anos atr\u00e1s, ferramentas como a nossa MAIOR Transit Scheduling Suite ainda n\u00e3o eram muito comuns, ent\u00e3o, para uma empresa confiar na MAIOR, foi uma escolha extremamente inovadora, ligada ao <strong>desejo de fazer as coisas de maneira diferente<\/strong>.<\/div>\n<\/div>\n<\/div>\n<\/section>\n<\/div>\n<\/div>\n<div class=\"movable removable mosaic-tile mosaic-collective.themefragments.fragment-tile\">\n<div class=\"mosaic-tile-content\">\n<section id=\"fragment-sectiono\" class=\"lrblock\" data-anchor=\"anchor-\">\n<div class=\"container flex right\">\n<div class=\"half bodytext\">\n<div class=\"textsectiono textright\">\n<p style=\"text-align: left;\">Hoje, \u00e9 diferente, aqueles que v\u00eam at\u00e9 n\u00f3s geralmente v\u00eam de um concorrente e escolhem a MAIOR porque reconhecem a alta qualidade do que fazemos, mas, acima de tudo, apreciam o esp\u00edrito que mencionei antes: aten\u00e7\u00e3o \u00e0s necessidades espec\u00edficas da realidade de cada empresa de transporte.<\/p>\n<p style=\"text-align: left;\">Acredito que a alta taxa de reten\u00e7\u00e3o de clientes pode ser bem explicada por isso, pois sempre fornecemos<strong> solu\u00e7\u00f5es sob medida para as necessidades espec\u00edficas<\/strong>.<\/p>\n<\/div>\n<\/div>\n<\/div>\n<\/section>\n<\/div>\n<\/div>\n<\/div>\n<\/div>\n<\/section>\n<\/div>\n<\/div>\n[\/vc_column_text][vc_empty_space][vc_single_image image=&#8221;2703&#8243; alignment=&#8221;center&#8221;][vc_column_text css=&#8221;.vc_custom_1742811046264{margin-top: 40px !important;}&#8221; text_align=&#8221;center&#8221;]\n<div class=\"movable removable mosaic-tile mosaic-collective.themefragments.fragment-tile\">\n<div class=\"mosaic-tile-content\">\n<section id=\"section_title_description\" class=\"lrblock\" title=\"What makes MAIOR an innovative company?\" data-anchor=\"anchor-What makes MAIOR an innovative company?\">\n<div class=\"container flex\">\n<div class=\"halftext bodytext\">\n<h2 class=\"h2sectiono\" style=\"text-align: left;\">O que torna a MAIOR uma empresa inovadora?<\/h2>\n<div class=\"textsectiono textleft\" style=\"text-align: left;\">A rela\u00e7\u00e3o pr\u00f3xima com a <strong>Universidade de Pisa<\/strong> desde a funda\u00e7\u00e3o da empresa fez o elemento inovador ser muito importante desde o come\u00e7o.<\/div>\n<\/div>\n<\/div>\n<\/section>\n<\/div>\n<\/div>\n<div class=\"movable removable mosaic-tile mosaic-collective.themefragments.fragment-tile\">\n<div class=\"mosaic-tile-content\">\n<section id=\"fragment-sectiono\" class=\"lrblock\" data-anchor=\"anchor-\">\n<div class=\"container flex left\">\n<div class=\"half bodytext\">\n<div class=\"textsectiono textleft\">\n<p style=\"text-align: left;\">Era o final dos anos 80, e os computadores estavam muito longe do que seriam depois, significando que o que se podia ver eram caracteres verdes em fundo preto e sem gr\u00e1ficos.<\/p>\n<p style=\"text-align: left;\">Os fundadores, Paolo Carraresi e Angelo Davini, estavam convencidos de que era crucial criar aplica\u00e7\u00f5es graficamente precisas e, para isso, era necess\u00e1rio desenvolv\u00ea-las no <strong>Apple Macintosh<\/strong>, que na \u00e9poca era o \u00fanico sistema que permitia o desenvolvimento de interfaces gr\u00e1ficas.<\/p>\n<p style=\"text-align: left;\">Nosso software foi <strong>um dos primeiros no mundo em que foi poss\u00edvel interagir de forma mais simples e intuitiva<\/strong>.<\/p>\n<\/div>\n<\/div>\n<\/div>\n<\/section>\n<\/div>\n<\/div>\n[\/vc_column_text][vc_empty_space][vc_single_image image=&#8221;2705&#8243; alignment=&#8221;center&#8221;][vc_column_text css=&#8221;.vc_custom_1742811262134{margin-top: 40px !important;}&#8221; text_align=&#8221;center&#8221;]\n<div class=\"movable removable mosaic-tile mosaic-collective.themefragments.fragment-tile\">\n<div class=\"mosaic-tile-content\">\n<section id=\"section_title_description\" class=\"lrblock\" title=\"What will be the future of the public transport world?\" data-anchor=\"anchor-What will be the future of the public transport world?\">\n<div class=\"container flex\">\n<div class=\"halftext bodytext\">\n<h2 class=\"h2sectiono\" style=\"text-align: left;\">Qual ser\u00e1 o futuro do mundo do transporte p\u00fablico?<\/h2>\n<div class=\"textsectiono textleft\" style=\"text-align: left;\">As necessidades da <strong>nova normalidade<\/strong> e o <strong>distanciamento social ligados \u00e0s consequ\u00eancias da pandemia<\/strong>, a tend\u00eancia de usar cada vez mais m\u00e9todos alternativos de mobilidade, como <strong>compartilhamento de carros, bicicletas, patinetes<\/strong>, assim como o desenvolvimento de novas tecnologias, como ve\u00edculos el\u00e9tricos e aut\u00f4nomos, s\u00e3o elementos que desempenhar\u00e3o um papel importante nos pr\u00f3ximos anos. Sempre me impressionou isso: Apesar de a It\u00e1lia ser um pa\u00eds composto por muitas cidades com uma hist\u00f3ria antiga, com centros hist\u00f3ricos onde as pessoas caminhavam ou usavam uma carruagem naquela \u00e9poca, hoje a mobilidade suave ainda n\u00e3o \u00e9 totalmente valorizada. As pessoas que se deslocam a <strong>p\u00e9<\/strong>, de <strong>bicicleta<\/strong> ou com <strong>ve\u00edculos el\u00e9tricos n\u00e3o s\u00e3o muitas<\/strong>.<\/div>\n<\/div>\n<\/div>\n<\/section>\n<\/div>\n<\/div>\n<div class=\"movable removable mosaic-tile mosaic-collective.themefragments.fragment-tile\">\n<div class=\"mosaic-tile-content\">\n<section id=\"fragment-sectiono\" class=\"lrblock\" data-anchor=\"anchor-\">\n<div class=\"container flex left\">\n<div class=\"half bodytext\">\n<div class=\"textsectiono textleft\">\n<p style=\"text-align: left;\">Isso ocorre porque o transporte p\u00fablico n\u00e3o \u00e9 algo que fa\u00e7a hist\u00f3ria por si s\u00f3, as formas como nos movemos n\u00e3o est\u00e3o simplesmente ligadas \u00e0s <strong>infraestruturas de transport<\/strong>e, mas est\u00e3o conectadas ao <strong>planejamento urbano<\/strong>, ou seja, \u00e0s escolhas pelas quais as cidades s\u00e3o constru\u00eddas e estruturadas.<\/p>\n<p style=\"text-align: left;\"><strong>Os cen\u00e1rios de mobilidade futura depender\u00e3o em grande parte das escolhas de planejamento urbano que fizermos hoje.<\/strong><\/p>\n<\/div>\n<\/div>\n<\/div>\n<\/section>\n<\/div>\n<\/div>\n[\/vc_column_text][vc_empty_space][vc_single_image image=&#8221;2708&#8243; alignment=&#8221;center&#8221;][vc_column_text css=&#8221;.vc_custom_1742811308087{margin-top: 40px !important;}&#8221; text_align=&#8221;center&#8221;]\n<div class=\"half bodytext\">\n<div class=\"textsectiono textright\">\n<p style=\"text-align: left;\">O <strong>caos urbano<\/strong> necessariamente se segue ao <strong>caos da mobilidade<\/strong>. Por outro lado, se o planejamento urbano funcionar corretamente, a mobilidade tamb\u00e9m funcionar\u00e1. O futuro depender\u00e1 das m\u00e3os em que colocamos. Se as escolhas certas forem feitas, <strong>novas formas de mobilidade tamb\u00e9m ligadas a novas tecnologias ter\u00e3o muito sucesso<\/strong>.<\/p>\n<\/div>\n<\/div>\n[\/vc_column_text][vc_empty_space][vc_single_image image=&#8221;2711&#8243; alignment=&#8221;center&#8221;][vc_column_text css=&#8221;.vc_custom_1742812030217{margin-top: 40px !important;}&#8221; text_align=&#8221;center&#8221;]\n<div class=\"movable removable mosaic-tile mosaic-collective.themefragments.fragment-tile\">\n<div class=\"mosaic-tile-content\">\n<section id=\"section_title_description\" class=\"lrblock\" title=\"How important is research and development for MAIOR?\" data-anchor=\"anchor-How important is research and development for MAIOR?\">\n<div class=\"container flex\">\n<div class=\"halftext bodytext\">\n<h2 class=\"h2sectiono\" style=\"text-align: left;\">Qu\u00e3o importante \u00e9 a pesquisa e desenvolvimento para a MAIOR?<\/h2>\n<div class=\"textsectiono textleft\" style=\"text-align: left;\">\n<p style=\"text-align: left;\"><strong>\u00c9 fundamental<\/strong> e certamente um fator que nos diferencia.<\/p>\n<div class=\"movable removable mosaic-tile mosaic-collective.themefragments.fragment-tile\">\n<div class=\"mosaic-tile-content\">\n<section id=\"fragment-sectiono\" class=\"lrblock\" data-anchor=\"anchor-\">\n<div class=\"container flex right\">\n<div class=\"half bodytext\">\n<div class=\"textsectiono textright\">\n<p style=\"text-align: left;\">H\u00e1 muitos anos estamos <strong>investindo cerca de 30% do nosso faturamento em P&amp;D<\/strong>, uma componente muito importante para o desenvolvimento da empresa. Criamos uma equipe interna de mais de 15 pessoas, incluindo matem\u00e1ticos, desenvolvedores e pesquisadores, cujo \u00fanico <strong>objetivo \u00e9 a inova\u00e7\u00e3o<\/strong>.<\/p>\n<p style=\"text-align: left;\">Estamos realizando projetos envolvendo Pesquisa Operacional para melhorar constantemente nossos algoritmos e integrar cada vez mais a IA dentro de nossas solu\u00e7\u00f5es de software.<\/p>\n<p style=\"text-align: left;\">\n<\/div>\n<\/div>\n<\/div>\n<\/section>\n<\/div>\n<\/div>\n<\/div>\n<\/div>\n<\/div>\n<\/section>\n<\/div>\n<\/div>\n[\/vc_column_text][vc_empty_space][vc_single_image image=&#8221;2717&#8243; alignment=&#8221;center&#8221;][vc_column_text css=&#8221;.vc_custom_1742811754085{margin-top: 40px !important;}&#8221; text_align=&#8221;center&#8221;]\n<div class=\"movable removable mosaic-tile mosaic-collective.themefragments.fragment-tile\">\n<div class=\"mosaic-tile-content\">\n<section id=\"section_title_description\" class=\"lrblock\" title=\"What is the relationship between MAIOR and academia?\" data-anchor=\"anchor-What is the relationship between MAIOR and academia?\">\n<div class=\"container flex\">\n<div class=\"halftext bodytext\">\n<h2 class=\"h2sectiono\" style=\"text-align: left;\">Qual \u00e9 a rela\u00e7\u00e3o da MAIOR com o mundo acad\u00eamico?<\/h2>\n<div class=\"textsectiono textleft\" style=\"text-align: left;\">A MAIOR come\u00e7ou na Universidade de Pisa, com a qual a coopera\u00e7\u00e3o sempre foi determinante e proveitosa. Nossos investimentos frequentemente envolveram a Universidade de Pisa em v\u00e1rias colabora\u00e7\u00f5es; tamb\u00e9m <strong>financiamos e co-financiamos projetos de pesquisa<\/strong> com a Universidade de Floren\u00e7a e o Polit\u00e9cnico de Mil\u00e3o, al\u00e9m de colabora\u00e7\u00f5es com a Universidade Sapienza de Roma e Roma Tre. Tamb\u00e9m gostar\u00edamos de criar novas colabora\u00e7\u00f5es com universidades estrangeiras; at\u00e9 hoje, fizemos isso apenas no \u00e2mbito de projetos europeus, alguns dos quais ainda est\u00e3o em andamento. Muitos estudantes <strong>de todo o mundo realizaram projetos de pesquisa conosco<\/strong>, algo de que nos orgulhamos muito e que trouxe riqueza cultural para a MAIOR.<\/div>\n<\/div>\n<\/div>\n<\/section>\n<\/div>\n<\/div>\n<div class=\"movable removable mosaic-tile mosaic-collective.themefragments.fragment-tile\">\n<div class=\"mosaic-tile-content\">\n<section id=\"section_title_description\" class=\"lrblock\" title=\"What are the upcoming challenges for MAIOR?\" data-anchor=\"anchor-What are the upcoming challenges for MAIOR?\">\n<div class=\"container flex\">\n<div class=\"halftext bodytext\">\n<h2 class=\"h2sectiono\" style=\"text-align: left;\">Quais s\u00e3o os pr\u00f3ximos desafios para a MAIOR?<\/h2>\n<div class=\"textsectiono textleft\">\n<p style=\"text-align: left;\">Fazer parte da <strong>Clever Devices<\/strong> Family representa um dos desafios mais importantes que enfrentamos e que ainda estamos vivendo. A MAIOR \u00e9 uma empresa italiana, e a It\u00e1lia, de muitas maneiras, \u00e9 uma grande na\u00e7\u00e3o: \u00e9 o pa\u00eds que nos permitiu crescer e chegar onde estamos hoje. Do ponto de vista econ\u00f4mico, no entanto, certamente n\u00e3o estamos entre as na\u00e7\u00f5es mais poderosas do mundo; para as empresas italianas, lidar com mercados internacionais \u00e9 bastante complexo. Temos um background cultural e uma atitude que nos ajuda, mas as regras da economia italiana dificultam as opera\u00e7\u00f5es internacionais.<\/p>\n<p style=\"text-align: left;\">Ter sucesso no mercado internacional ainda \u00e9 uma prioridade para n\u00f3s, e com o apoio do grupo Clever Devices, confiamos que podemos conseguir. Nesse sentido, a aquisi\u00e7\u00e3o pela Clever Devices foi um passo essencial, pois nos permitiu crescer tamb\u00e9m no mercado dos EUA. No entanto, isso n\u00e3o \u00e9 suficiente, pois nosso objetivo \u00e9 estar presentes no restante do mundo.<\/p>\n<p style=\"text-align: left;\">Estamos bem cientes da realidade em que nos movemos: emerg\u00eancia do coronav\u00edrus, SaaS, IA, inova\u00e7\u00f5es tecnol\u00f3gicas e pesquisa acad\u00eamica, ve\u00edculos el\u00e9tricos e aut\u00f4nomos, <strong>s\u00e3o todos desafios que estamos abra\u00e7ando<\/strong>.<\/p>\n<\/div>\n<\/div>\n<\/div>\n<\/section>\n<\/div>\n<\/div>\n[\/vc_column_text][vc_empty_space][\/vc_column][\/vc_row][vc_row el_class=&#8221;margin_top_100&#8243;][vc_column width=&#8221;1\/6&#8243;][\/vc_column][vc_column width=&#8221;2\/3&#8243;][vc_separator color=&#8221;custom&#8221; border_width=&#8221;6&#8243; el_width=&#8221;10&#8243; accent_color=&#8221;#003a69&#8243; el_class=&#8221;desktop&#8221;][vc_separator color=&#8221;custom&#8221; align=&#8221;align_left&#8221; border_width=&#8221;6&#8243; el_width=&#8221;20&#8243; accent_color=&#8221;#003a69&#8243; el_class=&#8221;mobile&#8221;][vc_column_text color=&#8221;#0071bb&#8221; font_size=&#8221;d:19px|pl:16px|pp:16px&#8221; font_family=&#8221;Montserrat&#8221; letter_spacing=&#8221;2.28px&#8221; font_weight=&#8221;600&#8243; text_transform=&#8221;uppercase&#8221; css=&#8221;.vc_custom_1742811778255{margin-top: 15px !important;}&#8221; el_class=&#8221;center_desktop&#8221;]\n<h4>Artigos relacionados<\/h4>\n[\/vc_column_text][\/vc_column][vc_column width=&#8221;1\/6&#8243;][\/vc_column][\/vc_row][vc_row el_class=&#8221;articolo_riga_correlati margin_bot_100&#8243;][vc_column width=&#8221;1\/12&#8243;][\/vc_column][vc_column width=&#8221;10\/12&#8243;][vc_basic_grid post_type=&#8221;post&#8221; max_items=&#8221;2&#8243; element_width=&#8221;6&#8243; item=&#8221;1781&#8243; grid_id=&#8221;vc_gid:1742811993778-ba20cec1-7f85-1&#8243; page_id=&#8221;1772&#8243; css=&#8221;.vc_custom_1691137916575{margin-top: 30px !important;}&#8221;][\/vc_column][vc_column width=&#8221;1\/12&#8243;][\/vc_column][\/vc_row][vc_row][vc_column][vc_column_text] [\/vc_column_text][\/vc_column][\/vc_row]\n<\/section>","protected":false},"excerpt":{"rendered":"<p>[vc_row full_width=&#8221;stretch_row&#8221; equal_height=&#8221;yes&#8221; wpex_bg_overlay=&#8221;custom&#8221; css=&#8221;.vc_custom_1693558013074{background-image: url(https:\/\/www.maior.it\/wp-content\/uploads\/2023\/09\/Leopoldo-Girardi.jpeg?id=2725) !important;background-position: center !important;background-repeat: no-repeat !important;background-size: cover !important;}&#8221; el_class=&#8221;evento_riga_slide&#8221; wpex_bg_overlay_image=&#8221;1947&#8243; wpex_bg_overlay_opacity=&#8221;0.85&#8243;][vc_column width=&#8221;1\/6&#8243;][\/vc_column][vc_column width=&#8221;2\/3&#8243;][\/vc_column][vc_column width=&#8221;1\/6&#8243;][\/vc_column][\/vc_row][vc_row el_class=&#8221;articolo_riga_content&#8221;][vc_column][vc_column_text css=&#8221;.vc_custom_1742810599202{margin-top: 40px !important;}&#8221; text_align=&#8221;center&#8221;] Uma Entrevista com o Nosso CEO Leopoldo Girardi \u00e9 o CEO da MAIOR. Ele faz parte da hist\u00f3ria da empresa desde o in\u00edcio e suas valiosas contribui\u00e7\u00f5es ajudaram a tornar a&hellip;<\/p>\n","protected":false},"author":2,"featured_media":27443,"comment_status":"open","ping_status":"open","sticky":false,"template":"","format":"standard","meta":{"_acf_changed":false,"inline_featured_image":false,"footnotes":""},"categories":[260],"tags":[],"post_series":[],"class_list":["post-27442","post","type-post","status-publish","format-standard","has-post-thumbnail","hentry","category-novedades-pt","entry","has-media"],"acf":[],"yoast_head":"<!-- This site is optimized with the Yoast SEO plugin v27.1.1 - https:\/\/yoast.com\/product\/yoast-seo-wordpress\/ -->\n<title>Uma Entrevista com o Nosso CEO<\/title>\n<meta name=\"description\" content=\"Leopoldo Girardi \u00e9 o CEO da MAIOR. Ele faz parte da hist\u00f3ria da empresa desde o in\u00edcio e suas valiosas contribui\u00e7\u00f5es ajudaram a tornar a MAIOR uma empresa bem-sucedida, n\u00e3o apenas na It\u00e1lia, mas no mundo inteiro.\" \/>\n<meta name=\"robots\" content=\"index, follow, max-snippet:-1, max-image-preview:large, max-video-preview:-1\" \/>\n<link rel=\"canonical\" href=\"https:\/\/www.maior.it\/pt\/uma-entrevista-com-o-nosso-ceo\/\" \/>\n<meta property=\"og:locale\" content=\"pt_PT\" \/>\n<meta property=\"og:type\" content=\"article\" \/>\n<meta property=\"og:title\" content=\"Uma Entrevista com o Nosso CEO\" \/>\n<meta property=\"og:description\" content=\"Leopoldo Girardi \u00e9 o CEO da MAIOR. Ele faz parte da hist\u00f3ria da empresa desde o in\u00edcio e suas valiosas contribui\u00e7\u00f5es ajudaram a tornar a MAIOR uma empresa bem-sucedida, n\u00e3o apenas na It\u00e1lia, mas no mundo inteiro.\" \/>\n<meta property=\"og:url\" content=\"https:\/\/www.maior.it\/pt\/uma-entrevista-com-o-nosso-ceo\/\" \/>\n<meta property=\"og:site_name\" content=\"MAIOR\" \/>\n<meta property=\"article:published_time\" content=\"2021-07-01T08:35:47+00:00\" \/>\n<meta property=\"article:modified_time\" content=\"2025-10-16T09:38:40+00:00\" \/>\n<meta property=\"og:image\" content=\"https:\/\/www.maior.it\/wp-content\/uploads\/2023\/09\/AN-INTERVIEW-WITH-OUR-CEO-LEOPOLDO-GIRARDI.jpeg\" \/>\n\t<meta property=\"og:image:width\" content=\"551\" \/>\n\t<meta property=\"og:image:height\" content=\"300\" \/>\n\t<meta property=\"og:image:type\" content=\"image\/jpeg\" \/>\n<meta name=\"author\" content=\"mentarossa\" \/>\n<meta name=\"twitter:card\" content=\"summary_large_image\" \/>\n<meta name=\"twitter:label1\" content=\"Written by\" \/>\n\t<meta name=\"twitter:data1\" content=\"mentarossa\" \/>\n\t<meta name=\"twitter:label2\" content=\"Est. reading time\" \/>\n\t<meta name=\"twitter:data2\" content=\"8 minutos\" \/>\n<script type=\"application\/ld+json\" class=\"yoast-schema-graph\">{\"@context\":\"https:\/\/schema.org\",\"@graph\":[{\"@type\":\"Article\",\"@id\":\"https:\/\/www.maior.it\/pt\/uma-entrevista-com-o-nosso-ceo\/#article\",\"isPartOf\":{\"@id\":\"https:\/\/www.maior.it\/pt\/uma-entrevista-com-o-nosso-ceo\/\"},\"author\":{\"name\":\"mentarossa\",\"@id\":\"https:\/\/www.maior.it\/#\/schema\/person\/86c8a8dfd1855850685b62611a92b0ae\"},\"headline\":\"Uma Entrevista com o Nosso CEO\",\"datePublished\":\"2021-07-01T08:35:47+00:00\",\"dateModified\":\"2025-10-16T09:38:40+00:00\",\"mainEntityOfPage\":{\"@id\":\"https:\/\/www.maior.it\/pt\/uma-entrevista-com-o-nosso-ceo\/\"},\"wordCount\":2056,\"commentCount\":0,\"publisher\":{\"@id\":\"https:\/\/www.maior.it\/#organization\"},\"image\":{\"@id\":\"https:\/\/www.maior.it\/pt\/uma-entrevista-com-o-nosso-ceo\/#primaryimage\"},\"thumbnailUrl\":\"https:\/\/www.maior.it\/wp-content\/uploads\/2023\/09\/AN-INTERVIEW-WITH-OUR-CEO-LEOPOLDO-GIRARDI.jpeg\",\"articleSection\":[\"Novedades\"],\"inLanguage\":\"pt-AO\"},{\"@type\":\"WebPage\",\"@id\":\"https:\/\/www.maior.it\/pt\/uma-entrevista-com-o-nosso-ceo\/\",\"url\":\"https:\/\/www.maior.it\/pt\/uma-entrevista-com-o-nosso-ceo\/\",\"name\":\"Uma Entrevista com o Nosso CEO\",\"isPartOf\":{\"@id\":\"https:\/\/www.maior.it\/#website\"},\"primaryImageOfPage\":{\"@id\":\"https:\/\/www.maior.it\/pt\/uma-entrevista-com-o-nosso-ceo\/#primaryimage\"},\"image\":{\"@id\":\"https:\/\/www.maior.it\/pt\/uma-entrevista-com-o-nosso-ceo\/#primaryimage\"},\"thumbnailUrl\":\"https:\/\/www.maior.it\/wp-content\/uploads\/2023\/09\/AN-INTERVIEW-WITH-OUR-CEO-LEOPOLDO-GIRARDI.jpeg\",\"datePublished\":\"2021-07-01T08:35:47+00:00\",\"dateModified\":\"2025-10-16T09:38:40+00:00\",\"description\":\"Leopoldo Girardi \u00e9 o CEO da MAIOR. Ele faz parte da hist\u00f3ria da empresa desde o in\u00edcio e suas valiosas contribui\u00e7\u00f5es ajudaram a tornar a MAIOR uma empresa bem-sucedida, n\u00e3o apenas na It\u00e1lia, mas no mundo inteiro.\",\"breadcrumb\":{\"@id\":\"https:\/\/www.maior.it\/pt\/uma-entrevista-com-o-nosso-ceo\/#breadcrumb\"},\"inLanguage\":\"pt-AO\",\"potentialAction\":[{\"@type\":\"ReadAction\",\"target\":[\"https:\/\/www.maior.it\/pt\/uma-entrevista-com-o-nosso-ceo\/\"]}]},{\"@type\":\"ImageObject\",\"inLanguage\":\"pt-AO\",\"@id\":\"https:\/\/www.maior.it\/pt\/uma-entrevista-com-o-nosso-ceo\/#primaryimage\",\"url\":\"https:\/\/www.maior.it\/wp-content\/uploads\/2023\/09\/AN-INTERVIEW-WITH-OUR-CEO-LEOPOLDO-GIRARDI.jpeg\",\"contentUrl\":\"https:\/\/www.maior.it\/wp-content\/uploads\/2023\/09\/AN-INTERVIEW-WITH-OUR-CEO-LEOPOLDO-GIRARDI.jpeg\",\"width\":551,\"height\":300,\"caption\":\"Uma Entrevista com o Nosso CEO\"},{\"@type\":\"BreadcrumbList\",\"@id\":\"https:\/\/www.maior.it\/pt\/uma-entrevista-com-o-nosso-ceo\/#breadcrumb\",\"itemListElement\":[{\"@type\":\"ListItem\",\"position\":1,\"name\":\"Home\",\"item\":\"https:\/\/www.maior.it\/pt\/\"},{\"@type\":\"ListItem\",\"position\":2,\"name\":\"Uma Entrevista com o Nosso CEO\"}]},{\"@type\":\"WebSite\",\"@id\":\"https:\/\/www.maior.it\/#website\",\"url\":\"https:\/\/www.maior.it\/\",\"name\":\"MAIOR\",\"description\":\"\",\"publisher\":{\"@id\":\"https:\/\/www.maior.it\/#organization\"},\"potentialAction\":[{\"@type\":\"SearchAction\",\"target\":{\"@type\":\"EntryPoint\",\"urlTemplate\":\"https:\/\/www.maior.it\/?s={search_term_string}\"},\"query-input\":{\"@type\":\"PropertyValueSpecification\",\"valueRequired\":true,\"valueName\":\"search_term_string\"}}],\"inLanguage\":\"pt-AO\"},{\"@type\":\"Organization\",\"@id\":\"https:\/\/www.maior.it\/#organization\",\"name\":\"MAIOR\",\"url\":\"https:\/\/www.maior.it\/\",\"logo\":{\"@type\":\"ImageObject\",\"inLanguage\":\"pt-AO\",\"@id\":\"https:\/\/www.maior.it\/#\/schema\/logo\/image\/\",\"url\":\"https:\/\/www.maior.it\/wp-content\/uploads\/2023\/08\/maior-favicon.jpg\",\"contentUrl\":\"https:\/\/www.maior.it\/wp-content\/uploads\/2023\/08\/maior-favicon.jpg\",\"width\":48,\"height\":48,\"caption\":\"MAIOR\"},\"image\":{\"@id\":\"https:\/\/www.maior.it\/#\/schema\/logo\/image\/\"},\"sameAs\":[\"https:\/\/www.instagram.com\/maior.it\",\"https:\/\/www.linkedin.com\/company\/m-a-i-o-r-\/\"]},{\"@type\":\"Person\",\"@id\":\"https:\/\/www.maior.it\/#\/schema\/person\/86c8a8dfd1855850685b62611a92b0ae\",\"name\":\"mentarossa\",\"image\":{\"@type\":\"ImageObject\",\"inLanguage\":\"pt-AO\",\"@id\":\"https:\/\/www.maior.it\/#\/schema\/person\/image\/\",\"url\":\"https:\/\/secure.gravatar.com\/avatar\/989259148a9f4e461636de4e7fedd396cf3809275930008cb654afa2eef469ba?s=96&d=mm&r=g\",\"contentUrl\":\"https:\/\/secure.gravatar.com\/avatar\/989259148a9f4e461636de4e7fedd396cf3809275930008cb654afa2eef469ba?s=96&d=mm&r=g\",\"caption\":\"mentarossa\"},\"url\":\"https:\/\/www.maior.it\/pt\/author\/mentarossa\/\"}]}<\/script>\n<!-- \/ Yoast SEO plugin. -->","yoast_head_json":{"title":"Uma Entrevista com o Nosso CEO","description":"Leopoldo Girardi \u00e9 o CEO da MAIOR. Ele faz parte da hist\u00f3ria da empresa desde o in\u00edcio e suas valiosas contribui\u00e7\u00f5es ajudaram a tornar a MAIOR uma empresa bem-sucedida, n\u00e3o apenas na It\u00e1lia, mas no mundo inteiro.","robots":{"index":"index","follow":"follow","max-snippet":"max-snippet:-1","max-image-preview":"max-image-preview:large","max-video-preview":"max-video-preview:-1"},"canonical":"https:\/\/www.maior.it\/pt\/uma-entrevista-com-o-nosso-ceo\/","og_locale":"pt_PT","og_type":"article","og_title":"Uma Entrevista com o Nosso CEO","og_description":"Leopoldo Girardi \u00e9 o CEO da MAIOR. Ele faz parte da hist\u00f3ria da empresa desde o in\u00edcio e suas valiosas contribui\u00e7\u00f5es ajudaram a tornar a MAIOR uma empresa bem-sucedida, n\u00e3o apenas na It\u00e1lia, mas no mundo inteiro.","og_url":"https:\/\/www.maior.it\/pt\/uma-entrevista-com-o-nosso-ceo\/","og_site_name":"MAIOR","article_published_time":"2021-07-01T08:35:47+00:00","article_modified_time":"2025-10-16T09:38:40+00:00","og_image":[{"width":551,"height":300,"url":"https:\/\/www.maior.it\/wp-content\/uploads\/2023\/09\/AN-INTERVIEW-WITH-OUR-CEO-LEOPOLDO-GIRARDI.jpeg","type":"image\/jpeg"}],"author":"mentarossa","twitter_card":"summary_large_image","twitter_misc":{"Written by":"mentarossa","Est. reading time":"8 minutos"},"schema":{"@context":"https:\/\/schema.org","@graph":[{"@type":"Article","@id":"https:\/\/www.maior.it\/pt\/uma-entrevista-com-o-nosso-ceo\/#article","isPartOf":{"@id":"https:\/\/www.maior.it\/pt\/uma-entrevista-com-o-nosso-ceo\/"},"author":{"name":"mentarossa","@id":"https:\/\/www.maior.it\/#\/schema\/person\/86c8a8dfd1855850685b62611a92b0ae"},"headline":"Uma Entrevista com o Nosso CEO","datePublished":"2021-07-01T08:35:47+00:00","dateModified":"2025-10-16T09:38:40+00:00","mainEntityOfPage":{"@id":"https:\/\/www.maior.it\/pt\/uma-entrevista-com-o-nosso-ceo\/"},"wordCount":2056,"commentCount":0,"publisher":{"@id":"https:\/\/www.maior.it\/#organization"},"image":{"@id":"https:\/\/www.maior.it\/pt\/uma-entrevista-com-o-nosso-ceo\/#primaryimage"},"thumbnailUrl":"https:\/\/www.maior.it\/wp-content\/uploads\/2023\/09\/AN-INTERVIEW-WITH-OUR-CEO-LEOPOLDO-GIRARDI.jpeg","articleSection":["Novedades"],"inLanguage":"pt-AO"},{"@type":"WebPage","@id":"https:\/\/www.maior.it\/pt\/uma-entrevista-com-o-nosso-ceo\/","url":"https:\/\/www.maior.it\/pt\/uma-entrevista-com-o-nosso-ceo\/","name":"Uma Entrevista com o Nosso CEO","isPartOf":{"@id":"https:\/\/www.maior.it\/#website"},"primaryImageOfPage":{"@id":"https:\/\/www.maior.it\/pt\/uma-entrevista-com-o-nosso-ceo\/#primaryimage"},"image":{"@id":"https:\/\/www.maior.it\/pt\/uma-entrevista-com-o-nosso-ceo\/#primaryimage"},"thumbnailUrl":"https:\/\/www.maior.it\/wp-content\/uploads\/2023\/09\/AN-INTERVIEW-WITH-OUR-CEO-LEOPOLDO-GIRARDI.jpeg","datePublished":"2021-07-01T08:35:47+00:00","dateModified":"2025-10-16T09:38:40+00:00","description":"Leopoldo Girardi \u00e9 o CEO da MAIOR. Ele faz parte da hist\u00f3ria da empresa desde o in\u00edcio e suas valiosas contribui\u00e7\u00f5es ajudaram a tornar a MAIOR uma empresa bem-sucedida, n\u00e3o apenas na It\u00e1lia, mas no mundo inteiro.","breadcrumb":{"@id":"https:\/\/www.maior.it\/pt\/uma-entrevista-com-o-nosso-ceo\/#breadcrumb"},"inLanguage":"pt-AO","potentialAction":[{"@type":"ReadAction","target":["https:\/\/www.maior.it\/pt\/uma-entrevista-com-o-nosso-ceo\/"]}]},{"@type":"ImageObject","inLanguage":"pt-AO","@id":"https:\/\/www.maior.it\/pt\/uma-entrevista-com-o-nosso-ceo\/#primaryimage","url":"https:\/\/www.maior.it\/wp-content\/uploads\/2023\/09\/AN-INTERVIEW-WITH-OUR-CEO-LEOPOLDO-GIRARDI.jpeg","contentUrl":"https:\/\/www.maior.it\/wp-content\/uploads\/2023\/09\/AN-INTERVIEW-WITH-OUR-CEO-LEOPOLDO-GIRARDI.jpeg","width":551,"height":300,"caption":"Uma Entrevista com o Nosso CEO"},{"@type":"BreadcrumbList","@id":"https:\/\/www.maior.it\/pt\/uma-entrevista-com-o-nosso-ceo\/#breadcrumb","itemListElement":[{"@type":"ListItem","position":1,"name":"Home","item":"https:\/\/www.maior.it\/pt\/"},{"@type":"ListItem","position":2,"name":"Uma Entrevista com o Nosso CEO"}]},{"@type":"WebSite","@id":"https:\/\/www.maior.it\/#website","url":"https:\/\/www.maior.it\/","name":"MAIOR","description":"","publisher":{"@id":"https:\/\/www.maior.it\/#organization"},"potentialAction":[{"@type":"SearchAction","target":{"@type":"EntryPoint","urlTemplate":"https:\/\/www.maior.it\/?s={search_term_string}"},"query-input":{"@type":"PropertyValueSpecification","valueRequired":true,"valueName":"search_term_string"}}],"inLanguage":"pt-AO"},{"@type":"Organization","@id":"https:\/\/www.maior.it\/#organization","name":"MAIOR","url":"https:\/\/www.maior.it\/","logo":{"@type":"ImageObject","inLanguage":"pt-AO","@id":"https:\/\/www.maior.it\/#\/schema\/logo\/image\/","url":"https:\/\/www.maior.it\/wp-content\/uploads\/2023\/08\/maior-favicon.jpg","contentUrl":"https:\/\/www.maior.it\/wp-content\/uploads\/2023\/08\/maior-favicon.jpg","width":48,"height":48,"caption":"MAIOR"},"image":{"@id":"https:\/\/www.maior.it\/#\/schema\/logo\/image\/"},"sameAs":["https:\/\/www.instagram.com\/maior.it","https:\/\/www.linkedin.com\/company\/m-a-i-o-r-\/"]},{"@type":"Person","@id":"https:\/\/www.maior.it\/#\/schema\/person\/86c8a8dfd1855850685b62611a92b0ae","name":"mentarossa","image":{"@type":"ImageObject","inLanguage":"pt-AO","@id":"https:\/\/www.maior.it\/#\/schema\/person\/image\/","url":"https:\/\/secure.gravatar.com\/avatar\/989259148a9f4e461636de4e7fedd396cf3809275930008cb654afa2eef469ba?s=96&d=mm&r=g","contentUrl":"https:\/\/secure.gravatar.com\/avatar\/989259148a9f4e461636de4e7fedd396cf3809275930008cb654afa2eef469ba?s=96&d=mm&r=g","caption":"mentarossa"},"url":"https:\/\/www.maior.it\/pt\/author\/mentarossa\/"}]}},"_links":{"self":[{"href":"https:\/\/www.maior.it\/pt\/wp-json\/wp\/v2\/posts\/27442","targetHints":{"allow":["GET"]}}],"collection":[{"href":"https:\/\/www.maior.it\/pt\/wp-json\/wp\/v2\/posts"}],"about":[{"href":"https:\/\/www.maior.it\/pt\/wp-json\/wp\/v2\/types\/post"}],"author":[{"embeddable":true,"href":"https:\/\/www.maior.it\/pt\/wp-json\/wp\/v2\/users\/2"}],"replies":[{"embeddable":true,"href":"https:\/\/www.maior.it\/pt\/wp-json\/wp\/v2\/comments?post=27442"}],"version-history":[{"count":1,"href":"https:\/\/www.maior.it\/pt\/wp-json\/wp\/v2\/posts\/27442\/revisions"}],"predecessor-version":[{"id":27453,"href":"https:\/\/www.maior.it\/pt\/wp-json\/wp\/v2\/posts\/27442\/revisions\/27453"}],"wp:featuredmedia":[{"embeddable":true,"href":"https:\/\/www.maior.it\/pt\/wp-json\/wp\/v2\/media\/27443"}],"wp:attachment":[{"href":"https:\/\/www.maior.it\/pt\/wp-json\/wp\/v2\/media?parent=27442"}],"wp:term":[{"taxonomy":"category","embeddable":true,"href":"https:\/\/www.maior.it\/pt\/wp-json\/wp\/v2\/categories?post=27442"},{"taxonomy":"post_tag","embeddable":true,"href":"https:\/\/www.maior.it\/pt\/wp-json\/wp\/v2\/tags?post=27442"},{"taxonomy":"post_series","embeddable":true,"href":"https:\/\/www.maior.it\/pt\/wp-json\/wp\/v2\/post_series?post=27442"}],"curies":[{"name":"wp","href":"https:\/\/api.w.org\/{rel}","templated":true}]}}