{"id":27399,"date":"2022-06-10T11:00:05","date_gmt":"2022-06-10T09:00:05","guid":{"rendered":"https:\/\/www.maior.it\/?p=27399"},"modified":"2025-12-12T14:41:38","modified_gmt":"2025-12-12T13:41:38","slug":"planeamento-e-programacao-de-frotas-de-e-bus-em-bogota-colombia","status":"publish","type":"post","link":"https:\/\/www.maior.it\/pt\/planeamento-e-programacao-de-frotas-de-e-bus-em-bogota-colombia\/","title":{"rendered":"Planejamento e programa\u00e7\u00e3o de frotas de E-Bus em Bogot\u00e1, Col\u00f4mbia"},"content":{"rendered":"<section class=\"wpb-content-wrapper\">[vc_row full_width=&#8221;stretch_row&#8221; equal_height=&#8221;yes&#8221; wpex_bg_overlay=&#8221;custom&#8221; css=&#8221;.vc_custom_1693559468829{background-image: url(https:\/\/www.maior.it\/wp-content\/uploads\/2023\/09\/eBus-Fleet-Scheduling-in-Bogota.png?id=2757) !important;background-position: center !important;background-repeat: no-repeat !important;background-size: cover !important;}&#8221; el_class=&#8221;evento_riga_slide&#8221; wpex_bg_overlay_image=&#8221;1947&#8243; wpex_bg_overlay_opacity=&#8221;0.85&#8243;][vc_column width=&#8221;1\/6&#8243;][\/vc_column][vc_column width=&#8221;2\/3&#8243;]<nav class=\"vcex-breadcrumbs vcex-breadcrumbs--links-inherit-color vcex-breadcrumbs--custom-color center_desktop bread\" style=\"color:#b9d6f4;--vcex-breadcrumbs-sep-color:#b9d6f4;font-size:14px;font-family:&#039;Inter&#039;,sans-serif;line-height:140%;\"><span><span><a href=\"https:\/\/www.maior.it\/pt\/\">Home<\/a><\/span><\/span><\/nav><div class=\"vcex-module vcex-page-title center_desktop evento_riga_slide_titolo desktop\"><h2 class=\"wpex-heading vcex-page-title__heading wpex-text-3xl\" style=\"color:#ffffff;\"><span class=\"vcex-page-title__text\">Planejamento e programa\u00e7\u00e3o de frotas de E-Bus em Bogot\u00e1, Col\u00f4mbia<\/span><\/h2><\/div>[\/vc_column][vc_column width=&#8221;1\/6&#8243;][\/vc_column][\/vc_row][vc_row el_class=&#8221;articolo_riga_content&#8221;][vc_column][vc_column_text css=&#8221;.vc_custom_1742815556731{margin-top: 40px !important;}&#8221; text_align=&#8221;center&#8221;]\n<div class=\"movable removable mosaic-tile mosaic-collective.themefragments.fragment-tile\">\n<div class=\"mosaic-tile-content\">\n<section id=\"section_title_description\" class=\"lrblock\" title=\"eBus Fleet Planning &amp; Scheduling: The Bogota Case Study\" data-anchor=\"anchor-eBus Fleet Planning &amp; Scheduling: The Bogota Case Study\">\n<div class=\"container flex\">\n<div class=\"halftext bodytext\">\n<h2 class=\"h2sectiono\" style=\"text-align: left;\">Planeamento e programa\u00e7\u00e3o de frotas de E-Bus em Bogot\u00e1, Col\u00f4mbia<\/h2>\n<p>&nbsp;<\/p>\n<div class=\"textsectiono textleft\" style=\"text-align: left;\">\n<p>A empresa de transportes p\u00fablicos <strong>Mueve Fontib\u00f3n<\/strong>, concession\u00e1ria da TRANSMILENIO S.A., empresa l\u00edder em BRT na Col\u00f4mbia, escolheu o MAIOR Transit Scheduling Suite para planear as opera\u00e7\u00f5es dos seus 172 novos ve\u00edculos 100% el\u00e9ctricos para prestar o servi\u00e7o de transportes p\u00fablicos na zona oeste da capital.<\/p>\n<p>Gra\u00e7as a estes novos ve\u00edculos, <strong>1,5 toneladas de polui\u00e7\u00e3o por ano deixar\u00e3o de ser emitidas<\/strong>, a emiss\u00e3o de 3.200 toneladas\/ano de CO2 ser\u00e1 evitada e a frequ\u00eancia do servi\u00e7o de 6 linhas ser\u00e1 melhorada.<\/p>\n<\/div>\n<\/div>\n<\/div>\n<\/section>\n<\/div>\n<\/div>\n<div class=\"movable removable mosaic-tile mosaic-collective.themefragments.fragment-tile\">\n<div class=\"mosaic-tile-content\">\n<section id=\"fragment-sectiono\" class=\"lrblock\" data-anchor=\"anchor-\">\n<div class=\"container flex left\">\n<div class=\"half bodytext\">\n<div class=\"textsectiono textleft\">\n<p style=\"text-align: left;\">\u00a0<em>\u201cEstamos felizes e orgulhosos por entregar esta opera\u00e7\u00e3o \u00e0 localidade de Fontib\u00f3n e aos cidad\u00e3os, onde mobilizaremos cerca de 30.000 passageiros por dia.<\/em><\/p>\n<p style=\"text-align: left;\"><em>Estes autocarros s\u00e3o econ\u00f3micos, t\u00eam tecnologia limpa e s\u00e3o amigos do ambiente.<\/em><\/p>\n<p style=\"text-align: left;\"><em>Esta nova frota vai <strong>melhorar a qualidad<\/strong>e de vida em Bogot\u00e1 e beneficiar todos os que interagem com o sistema de autocarros el\u00e9ctricos\u201d.<\/em><\/p>\n<p style=\"text-align: left;\"><em>&#8211; Francesca Napoli, Respons\u00e1vel pela otimiza\u00e7\u00e3o de recursos na Mueve Fontib\u00f3n<\/em><\/p>\n<\/div>\n<\/div>\n<\/div>\n<\/section>\n<\/div>\n<\/div>\n[\/vc_column_text][vc_empty_space][vc_single_image image=&#8221;27403&#8243; alignment=&#8221;center&#8221;][vc_column_text css=&#8221;.vc_custom_1742815786981{margin-top: 40px !important;}&#8221; text_align=&#8221;center&#8221;]\n<p style=\"text-align: left;\">Os novos autocarros el\u00e9ctricos incluem elementos tecnol\u00f3gicos para melhorar a <strong>experi\u00eancia dos passageiros<\/strong>:<\/p>\n<p style=\"text-align: left;\">&#8211; Redu\u00e7\u00e3o do ru\u00eddo, acesso Wi-Fi e portas USB<\/p>\n<p style=\"text-align: left;\">&#8211; Ecr\u00e3s de informa\u00e7\u00e3o e sons para informa\u00e7\u00e3o sobre o percurso<\/p>\n<p style=\"text-align: left;\">&#8211; Plataformas acess\u00edveis para pessoas com defici\u00eancia<\/p>\n<p style=\"text-align: left;\">A nova frota ultra-moderna tem como objetivo <strong>aumentar a efici\u00eancia das opera\u00e7\u00f5es e facilitar o trabalho dos motoristas<\/strong>:<\/p>\n<p style=\"text-align: left;\">&#8211; Processo de carregamento r\u00e1pido dos ve\u00edculos<\/p>\n<p style=\"text-align: left;\">&#8211; Comunica\u00e7\u00e3o direta com o centro de controlo de servi\u00e7os e o sistema ITS<\/p>\n<p style=\"text-align: left;\">&#8211; Condu\u00e7\u00e3o autom\u00e1tica com arranque e assist\u00eancia em subidas<\/p>\n[\/vc_column_text][vc_empty_space][vc_single_image image=&#8221;27404&#8243; alignment=&#8221;center&#8221;][vc_column_text css=&#8221;.vc_custom_1697467760567{margin-top: 40px !important;}&#8221; text_align=&#8221;center&#8221;]\n<div class=\"movable removable mosaic-tile mosaic-collective.themefragments.fragment-tile\">\n<div class=\"mosaic-tile-content\">\n<section id=\"section_title_description\" class=\"lrblock\" title=\"100% Electric Depot in Colombia\" data-anchor=\"anchor-100% Electric Depot in Colombia\">\n<div class=\"container flex\">\n<div class=\"halftext bodytext\">\n<h2 class=\"h2sectiono\" style=\"text-align: left;\">100% Electric Depot in Colombia<\/h2>\n<p>&nbsp;<\/p>\n<div class=\"textsectiono textleft\" style=\"text-align: left;\">\n<p>The construction of the new infrastructure to support electric buses was in charge of\u00a0<strong>Enel X<\/strong>.<\/p>\n<p><em>&#8220;With the delivery of a new electric bus depot and 172 electric buses that will use Enel X technology, and that will be u<\/em><em>sed by TransMilenio, the city&#8217;s public transportation agency, we continue to advance our commitment to facilitate the growth of electric mobility in Colombia and particularly public transportation in Bogota. We are proud to be a partner in this project that integrates new technologies and sustainable solutions to transform Bogota into one of Latin America&#8217;s leading electric capitals.&#8221; &#8211; Lucio Rubio D\u00edaz, Managing Director of Enel in Colombia<\/em><\/p>\n<p>&nbsp;<\/p>\n<\/div>\n<\/div>\n<\/div>\n<\/section>\n<\/div>\n<\/div>\n<div class=\"movable removable mosaic-tile mosaic-collective.themefragments.fragment-tile\">\n<div class=\"mosaic-tile-content\">\n<section id=\"fragment-sectiono\" class=\"lrblock\" title=\"Charging Electric Vehicles\" data-anchor=\"anchor-Charging Electric Vehicles\">\n<div class=\"container flex right\">\n<div class=\"half bodytext\">\n<h2 class=\"h2sectiono\" style=\"text-align: left;\">Charging Electric Vehicles<\/h2>\n<p>&nbsp;<\/p>\n<div class=\"textsectiono textright\">\n<p style=\"text-align: left;\">The\u00a0depot, where charging of these new electric vehicles takes place, has\u00a0<strong>81 chargers<\/strong>, each with an output of 150 kW. This means that when two buses are connected, each receives 75 kilowatts (kW) of power.<\/p>\n<p style=\"text-align: left;\">In this case, the estimated charging time for the electric buses is four hours, and if charging is done individually, it takes about two hours.<\/p>\n<p style=\"text-align: left;\">In addition, all chargers are interconnected by a fiber optic ring that allows them to be connected to the grid and managed through\u00a0<strong>Enel X&#8217;s Smart Charging<\/strong>\u00a0platforms.<\/p>\n<p>&nbsp;<\/p>\n<\/div>\n<\/div>\n<\/div>\n<\/section>\n<\/div>\n<\/div>\n[\/vc_column_text][vc_empty_space][vc_single_image image=&#8221;27405&#8243; alignment=&#8221;center&#8221;][vc_column_text css=&#8221;.vc_custom_1742815920306{margin-top: 40px !important;}&#8221; text_align=&#8221;center&#8221;]\n<h2 class=\"h2sectiono\" style=\"text-align: left;\">Otimiza\u00e7\u00e3o de hor\u00e1rios com autocarros el\u00e9ctricos<\/h2>\n<p>&nbsp;<\/p>\n<div class=\"textsectiono textleft\">\n<p style=\"text-align: left;\">Bogot\u00e1 completa 655 autocarros de emiss\u00f5es zero e cinco esta\u00e7\u00f5es de autocarros 100% el\u00e9ctricos para operar o sistema. Esta nova frota el\u00e9trica, composta por 83 autocarros grandes com capacidade para 80 passageiros e 89 autocarros m\u00e9dios com capacidade para 50 passageiros, prestar\u00e1 servi\u00e7o em 6 rotas.<\/p>\n<p style=\"text-align: left;\">Desde <strong>fevereiro de 2022<\/strong>, e apenas 6 semanas ap\u00f3s a aquisi\u00e7\u00e3o do MAIOR Transit Scheduling Suite para o planeamento de servi\u00e7os, a Mueve Fontib\u00f3n tem vindo a <strong>otimizar, simular e analisar cen\u00e1rios de planeamento de servi\u00e7os<\/strong>.<\/p>\n<p>&nbsp;<\/p>\n<\/div>\n[\/vc_column_text][vc_empty_space][vc_single_image image=&#8221;27407&#8243; alignment=&#8221;center&#8221;][\/vc_column][\/vc_row][vc_row el_class=&#8221;margin_top_100&#8243;][vc_column width=&#8221;1\/6&#8243;][\/vc_column][vc_column width=&#8221;2\/3&#8243;][vc_separator color=&#8221;custom&#8221; border_width=&#8221;6&#8243; el_width=&#8221;10&#8243; accent_color=&#8221;#003a69&#8243; el_class=&#8221;desktop&#8221;][vc_separator color=&#8221;custom&#8221; align=&#8221;align_left&#8221; border_width=&#8221;6&#8243; el_width=&#8221;20&#8243; accent_color=&#8221;#003a69&#8243; el_class=&#8221;mobile&#8221;][vc_column_text color=&#8221;#0071bb&#8221; font_size=&#8221;d:19px|pl:16px|pp:16px&#8221; font_family=&#8221;Montserrat&#8221; letter_spacing=&#8221;2.28px&#8221; font_weight=&#8221;600&#8243; text_transform=&#8221;uppercase&#8221; css=&#8221;.vc_custom_1742815942029{margin-top: 15px !important;}&#8221; el_class=&#8221;center_desktop&#8221;]\n<h4>Artigos relacionados<\/h4>\n[\/vc_column_text][\/vc_column][vc_column width=&#8221;1\/6&#8243;][\/vc_column][\/vc_row][vc_row el_class=&#8221;articolo_riga_correlati margin_bot_100&#8243;][vc_column width=&#8221;1\/12&#8243;][\/vc_column][vc_column width=&#8221;10\/12&#8243;][vc_basic_grid post_type=&#8221;post&#8221; max_items=&#8221;2&#8243; element_width=&#8221;6&#8243; item=&#8221;1781&#8243; grid_id=&#8221;vc_gid:1742815370666-a8a0c5c6-df01-0&#8243; page_id=&#8221;1772&#8243; css=&#8221;.vc_custom_1691137916575{margin-top: 30px !important;}&#8221;][\/vc_column][vc_column width=&#8221;1\/12&#8243;][\/vc_column][\/vc_row]\n<\/section>","protected":false},"excerpt":{"rendered":"<p>[vc_row full_width=&#8221;stretch_row&#8221; equal_height=&#8221;yes&#8221; wpex_bg_overlay=&#8221;custom&#8221; css=&#8221;.vc_custom_1693559468829{background-image: url(https:\/\/www.maior.it\/wp-content\/uploads\/2023\/09\/eBus-Fleet-Scheduling-in-Bogota.png?id=2757) !important;background-position: center !important;background-repeat: no-repeat !important;background-size: cover !important;}&#8221; el_class=&#8221;evento_riga_slide&#8221; wpex_bg_overlay_image=&#8221;1947&#8243; wpex_bg_overlay_opacity=&#8221;0.85&#8243;][vc_column width=&#8221;1\/6&#8243;][\/vc_column][vc_column width=&#8221;2\/3&#8243;][\/vc_column][vc_column width=&#8221;1\/6&#8243;][\/vc_column][\/vc_row][vc_row el_class=&#8221;articolo_riga_content&#8221;][vc_column][vc_column_text css=&#8221;.vc_custom_1742815556731{margin-top: 40px !important;}&#8221; text_align=&#8221;center&#8221;] Planeamento e programa\u00e7\u00e3o de frotas de E-Bus em Bogot\u00e1, Col\u00f4mbia &nbsp; A empresa de transportes p\u00fablicos Mueve Fontib\u00f3n, concession\u00e1ria da TRANSMILENIO S.A., empresa l\u00edder em BRT na Col\u00f4mbia, escolheu o MAIOR&hellip;<\/p>\n","protected":false},"author":2,"featured_media":27401,"comment_status":"open","ping_status":"open","sticky":false,"template":"","format":"standard","meta":{"_acf_changed":false,"inline_featured_image":false,"footnotes":""},"categories":[226,234],"tags":[],"post_series":[],"class_list":["post-27399","post","type-post","status-publish","format-standard","has-post-thumbnail","hentry","category-estudo-de-casos","category-onibus-eletricos","entry","has-media"],"acf":[],"yoast_head":"<!-- This site is optimized with the Yoast SEO plugin v27.1.1 - https:\/\/yoast.com\/product\/yoast-seo-wordpress\/ -->\n<title>Planeamento e programa\u00e7\u00e3o de frotas de E-Bus em Bogot\u00e1<\/title>\n<meta name=\"description\" content=\"A empresa de transportes p\u00fablicos Mueve Fontib\u00f3n, concession\u00e1ria da TRANSMILENIO S.A., empresa l\u00edder em BRT na Col\u00f4mbia, escolheu o MAIOR Transit Scheduling Suite para planear as opera\u00e7\u00f5es dos seus 172 novos ve\u00edculos 100% el\u00e9ctricos para prestar o servi\u00e7o de transportes p\u00fablicos na zona oeste da capital.\" \/>\n<meta name=\"robots\" content=\"index, follow, max-snippet:-1, max-image-preview:large, max-video-preview:-1\" \/>\n<link rel=\"canonical\" href=\"https:\/\/www.maior.it\/pt\/planeamento-e-programacao-de-frotas-de-e-bus-em-bogota-colombia\/\" \/>\n<meta property=\"og:locale\" content=\"pt_PT\" \/>\n<meta property=\"og:type\" content=\"article\" \/>\n<meta property=\"og:title\" content=\"Planeamento e programa\u00e7\u00e3o de frotas de E-Bus em Bogot\u00e1\" \/>\n<meta property=\"og:description\" content=\"A empresa de transportes p\u00fablicos Mueve Fontib\u00f3n, concession\u00e1ria da TRANSMILENIO S.A., empresa l\u00edder em BRT na Col\u00f4mbia, escolheu o MAIOR Transit Scheduling Suite para planear as opera\u00e7\u00f5es dos seus 172 novos ve\u00edculos 100% el\u00e9ctricos para prestar o servi\u00e7o de transportes p\u00fablicos na zona oeste da capital.\" \/>\n<meta property=\"og:url\" content=\"https:\/\/www.maior.it\/pt\/planeamento-e-programacao-de-frotas-de-e-bus-em-bogota-colombia\/\" \/>\n<meta property=\"og:site_name\" content=\"MAIOR\" \/>\n<meta property=\"article:published_time\" content=\"2022-06-10T09:00:05+00:00\" \/>\n<meta property=\"article:modified_time\" content=\"2025-12-12T13:41:38+00:00\" \/>\n<meta property=\"og:image\" content=\"https:\/\/www.maior.it\/wp-content\/uploads\/2022\/06\/highlights-2.jpg\" \/>\n\t<meta property=\"og:image:width\" content=\"552\" \/>\n\t<meta property=\"og:image:height\" content=\"300\" \/>\n\t<meta property=\"og:image:type\" content=\"image\/jpeg\" \/>\n<meta name=\"author\" content=\"mentarossa\" \/>\n<meta name=\"twitter:card\" content=\"summary_large_image\" \/>\n<meta name=\"twitter:label1\" content=\"Written by\" \/>\n\t<meta name=\"twitter:data1\" content=\"mentarossa\" \/>\n\t<meta name=\"twitter:label2\" content=\"Est. reading time\" \/>\n\t<meta name=\"twitter:data2\" content=\"3 minutos\" \/>\n<script type=\"application\/ld+json\" class=\"yoast-schema-graph\">{\"@context\":\"https:\/\/schema.org\",\"@graph\":[{\"@type\":\"Article\",\"@id\":\"https:\/\/www.maior.it\/pt\/planeamento-e-programacao-de-frotas-de-e-bus-em-bogota-colombia\/#article\",\"isPartOf\":{\"@id\":\"https:\/\/www.maior.it\/pt\/planeamento-e-programacao-de-frotas-de-e-bus-em-bogota-colombia\/\"},\"author\":{\"name\":\"mentarossa\",\"@id\":\"https:\/\/www.maior.it\/#\/schema\/person\/86c8a8dfd1855850685b62611a92b0ae\"},\"headline\":\"Planejamento e programa\u00e7\u00e3o de frotas de E-Bus em Bogot\u00e1, Col\u00f4mbia\",\"datePublished\":\"2022-06-10T09:00:05+00:00\",\"dateModified\":\"2025-12-12T13:41:38+00:00\",\"mainEntityOfPage\":{\"@id\":\"https:\/\/www.maior.it\/pt\/planeamento-e-programacao-de-frotas-de-e-bus-em-bogota-colombia\/\"},\"wordCount\":972,\"commentCount\":0,\"publisher\":{\"@id\":\"https:\/\/www.maior.it\/#organization\"},\"image\":{\"@id\":\"https:\/\/www.maior.it\/pt\/planeamento-e-programacao-de-frotas-de-e-bus-em-bogota-colombia\/#primaryimage\"},\"thumbnailUrl\":\"https:\/\/www.maior.it\/wp-content\/uploads\/2022\/06\/highlights-2.jpg\",\"articleSection\":[\"Cases\",\"\u00d4nibus el\u00e9tricos\"],\"inLanguage\":\"pt-AO\"},{\"@type\":\"WebPage\",\"@id\":\"https:\/\/www.maior.it\/pt\/planeamento-e-programacao-de-frotas-de-e-bus-em-bogota-colombia\/\",\"url\":\"https:\/\/www.maior.it\/pt\/planeamento-e-programacao-de-frotas-de-e-bus-em-bogota-colombia\/\",\"name\":\"Planeamento e programa\u00e7\u00e3o de frotas de E-Bus em Bogot\u00e1\",\"isPartOf\":{\"@id\":\"https:\/\/www.maior.it\/#website\"},\"primaryImageOfPage\":{\"@id\":\"https:\/\/www.maior.it\/pt\/planeamento-e-programacao-de-frotas-de-e-bus-em-bogota-colombia\/#primaryimage\"},\"image\":{\"@id\":\"https:\/\/www.maior.it\/pt\/planeamento-e-programacao-de-frotas-de-e-bus-em-bogota-colombia\/#primaryimage\"},\"thumbnailUrl\":\"https:\/\/www.maior.it\/wp-content\/uploads\/2022\/06\/highlights-2.jpg\",\"datePublished\":\"2022-06-10T09:00:05+00:00\",\"dateModified\":\"2025-12-12T13:41:38+00:00\",\"description\":\"A empresa de transportes p\u00fablicos Mueve Fontib\u00f3n, concession\u00e1ria da TRANSMILENIO S.A., empresa l\u00edder em BRT na Col\u00f4mbia, escolheu o MAIOR Transit Scheduling Suite para planear as opera\u00e7\u00f5es dos seus 172 novos ve\u00edculos 100% el\u00e9ctricos para prestar o servi\u00e7o de transportes p\u00fablicos na zona oeste da capital.\",\"breadcrumb\":{\"@id\":\"https:\/\/www.maior.it\/pt\/planeamento-e-programacao-de-frotas-de-e-bus-em-bogota-colombia\/#breadcrumb\"},\"inLanguage\":\"pt-AO\",\"potentialAction\":[{\"@type\":\"ReadAction\",\"target\":[\"https:\/\/www.maior.it\/pt\/planeamento-e-programacao-de-frotas-de-e-bus-em-bogota-colombia\/\"]}]},{\"@type\":\"ImageObject\",\"inLanguage\":\"pt-AO\",\"@id\":\"https:\/\/www.maior.it\/pt\/planeamento-e-programacao-de-frotas-de-e-bus-em-bogota-colombia\/#primaryimage\",\"url\":\"https:\/\/www.maior.it\/wp-content\/uploads\/2022\/06\/highlights-2.jpg\",\"contentUrl\":\"https:\/\/www.maior.it\/wp-content\/uploads\/2022\/06\/highlights-2.jpg\",\"width\":552,\"height\":300,\"caption\":\"Planeamento e programa\u00e7\u00e3o de frotas de E-Bus em Bogot\u00e1, Col\u00f4mbia\"},{\"@type\":\"BreadcrumbList\",\"@id\":\"https:\/\/www.maior.it\/pt\/planeamento-e-programacao-de-frotas-de-e-bus-em-bogota-colombia\/#breadcrumb\",\"itemListElement\":[{\"@type\":\"ListItem\",\"position\":1,\"name\":\"Home\",\"item\":\"https:\/\/www.maior.it\/pt\/\"},{\"@type\":\"ListItem\",\"position\":2,\"name\":\"Planejamento e programa\u00e7\u00e3o de frotas de E-Bus em Bogot\u00e1, Col\u00f4mbia\"}]},{\"@type\":\"WebSite\",\"@id\":\"https:\/\/www.maior.it\/#website\",\"url\":\"https:\/\/www.maior.it\/\",\"name\":\"MAIOR\",\"description\":\"\",\"publisher\":{\"@id\":\"https:\/\/www.maior.it\/#organization\"},\"potentialAction\":[{\"@type\":\"SearchAction\",\"target\":{\"@type\":\"EntryPoint\",\"urlTemplate\":\"https:\/\/www.maior.it\/?s={search_term_string}\"},\"query-input\":{\"@type\":\"PropertyValueSpecification\",\"valueRequired\":true,\"valueName\":\"search_term_string\"}}],\"inLanguage\":\"pt-AO\"},{\"@type\":\"Organization\",\"@id\":\"https:\/\/www.maior.it\/#organization\",\"name\":\"MAIOR\",\"url\":\"https:\/\/www.maior.it\/\",\"logo\":{\"@type\":\"ImageObject\",\"inLanguage\":\"pt-AO\",\"@id\":\"https:\/\/www.maior.it\/#\/schema\/logo\/image\/\",\"url\":\"https:\/\/www.maior.it\/wp-content\/uploads\/2023\/08\/maior-favicon.jpg\",\"contentUrl\":\"https:\/\/www.maior.it\/wp-content\/uploads\/2023\/08\/maior-favicon.jpg\",\"width\":48,\"height\":48,\"caption\":\"MAIOR\"},\"image\":{\"@id\":\"https:\/\/www.maior.it\/#\/schema\/logo\/image\/\"},\"sameAs\":[\"https:\/\/www.instagram.com\/maior.it\",\"https:\/\/www.linkedin.com\/company\/m-a-i-o-r-\/\"]},{\"@type\":\"Person\",\"@id\":\"https:\/\/www.maior.it\/#\/schema\/person\/86c8a8dfd1855850685b62611a92b0ae\",\"name\":\"mentarossa\",\"image\":{\"@type\":\"ImageObject\",\"inLanguage\":\"pt-AO\",\"@id\":\"https:\/\/www.maior.it\/#\/schema\/person\/image\/\",\"url\":\"https:\/\/secure.gravatar.com\/avatar\/989259148a9f4e461636de4e7fedd396cf3809275930008cb654afa2eef469ba?s=96&d=mm&r=g\",\"contentUrl\":\"https:\/\/secure.gravatar.com\/avatar\/989259148a9f4e461636de4e7fedd396cf3809275930008cb654afa2eef469ba?s=96&d=mm&r=g\",\"caption\":\"mentarossa\"},\"url\":\"https:\/\/www.maior.it\/pt\/author\/mentarossa\/\"}]}<\/script>\n<!-- \/ Yoast SEO plugin. -->","yoast_head_json":{"title":"Planeamento e programa\u00e7\u00e3o de frotas de E-Bus em Bogot\u00e1","description":"A empresa de transportes p\u00fablicos Mueve Fontib\u00f3n, concession\u00e1ria da TRANSMILENIO S.A., empresa l\u00edder em BRT na Col\u00f4mbia, escolheu o MAIOR Transit Scheduling Suite para planear as opera\u00e7\u00f5es dos seus 172 novos ve\u00edculos 100% el\u00e9ctricos para prestar o servi\u00e7o de transportes p\u00fablicos na zona oeste da capital.","robots":{"index":"index","follow":"follow","max-snippet":"max-snippet:-1","max-image-preview":"max-image-preview:large","max-video-preview":"max-video-preview:-1"},"canonical":"https:\/\/www.maior.it\/pt\/planeamento-e-programacao-de-frotas-de-e-bus-em-bogota-colombia\/","og_locale":"pt_PT","og_type":"article","og_title":"Planeamento e programa\u00e7\u00e3o de frotas de E-Bus em Bogot\u00e1","og_description":"A empresa de transportes p\u00fablicos Mueve Fontib\u00f3n, concession\u00e1ria da TRANSMILENIO S.A., empresa l\u00edder em BRT na Col\u00f4mbia, escolheu o MAIOR Transit Scheduling Suite para planear as opera\u00e7\u00f5es dos seus 172 novos ve\u00edculos 100% el\u00e9ctricos para prestar o servi\u00e7o de transportes p\u00fablicos na zona oeste da capital.","og_url":"https:\/\/www.maior.it\/pt\/planeamento-e-programacao-de-frotas-de-e-bus-em-bogota-colombia\/","og_site_name":"MAIOR","article_published_time":"2022-06-10T09:00:05+00:00","article_modified_time":"2025-12-12T13:41:38+00:00","og_image":[{"width":552,"height":300,"url":"https:\/\/www.maior.it\/wp-content\/uploads\/2022\/06\/highlights-2.jpg","type":"image\/jpeg"}],"author":"mentarossa","twitter_card":"summary_large_image","twitter_misc":{"Written by":"mentarossa","Est. reading time":"3 minutos"},"schema":{"@context":"https:\/\/schema.org","@graph":[{"@type":"Article","@id":"https:\/\/www.maior.it\/pt\/planeamento-e-programacao-de-frotas-de-e-bus-em-bogota-colombia\/#article","isPartOf":{"@id":"https:\/\/www.maior.it\/pt\/planeamento-e-programacao-de-frotas-de-e-bus-em-bogota-colombia\/"},"author":{"name":"mentarossa","@id":"https:\/\/www.maior.it\/#\/schema\/person\/86c8a8dfd1855850685b62611a92b0ae"},"headline":"Planejamento e programa\u00e7\u00e3o de frotas de E-Bus em Bogot\u00e1, Col\u00f4mbia","datePublished":"2022-06-10T09:00:05+00:00","dateModified":"2025-12-12T13:41:38+00:00","mainEntityOfPage":{"@id":"https:\/\/www.maior.it\/pt\/planeamento-e-programacao-de-frotas-de-e-bus-em-bogota-colombia\/"},"wordCount":972,"commentCount":0,"publisher":{"@id":"https:\/\/www.maior.it\/#organization"},"image":{"@id":"https:\/\/www.maior.it\/pt\/planeamento-e-programacao-de-frotas-de-e-bus-em-bogota-colombia\/#primaryimage"},"thumbnailUrl":"https:\/\/www.maior.it\/wp-content\/uploads\/2022\/06\/highlights-2.jpg","articleSection":["Cases","\u00d4nibus el\u00e9tricos"],"inLanguage":"pt-AO"},{"@type":"WebPage","@id":"https:\/\/www.maior.it\/pt\/planeamento-e-programacao-de-frotas-de-e-bus-em-bogota-colombia\/","url":"https:\/\/www.maior.it\/pt\/planeamento-e-programacao-de-frotas-de-e-bus-em-bogota-colombia\/","name":"Planeamento e programa\u00e7\u00e3o de frotas de E-Bus em Bogot\u00e1","isPartOf":{"@id":"https:\/\/www.maior.it\/#website"},"primaryImageOfPage":{"@id":"https:\/\/www.maior.it\/pt\/planeamento-e-programacao-de-frotas-de-e-bus-em-bogota-colombia\/#primaryimage"},"image":{"@id":"https:\/\/www.maior.it\/pt\/planeamento-e-programacao-de-frotas-de-e-bus-em-bogota-colombia\/#primaryimage"},"thumbnailUrl":"https:\/\/www.maior.it\/wp-content\/uploads\/2022\/06\/highlights-2.jpg","datePublished":"2022-06-10T09:00:05+00:00","dateModified":"2025-12-12T13:41:38+00:00","description":"A empresa de transportes p\u00fablicos Mueve Fontib\u00f3n, concession\u00e1ria da TRANSMILENIO S.A., empresa l\u00edder em BRT na Col\u00f4mbia, escolheu o MAIOR Transit Scheduling Suite para planear as opera\u00e7\u00f5es dos seus 172 novos ve\u00edculos 100% el\u00e9ctricos para prestar o servi\u00e7o de transportes p\u00fablicos na zona oeste da capital.","breadcrumb":{"@id":"https:\/\/www.maior.it\/pt\/planeamento-e-programacao-de-frotas-de-e-bus-em-bogota-colombia\/#breadcrumb"},"inLanguage":"pt-AO","potentialAction":[{"@type":"ReadAction","target":["https:\/\/www.maior.it\/pt\/planeamento-e-programacao-de-frotas-de-e-bus-em-bogota-colombia\/"]}]},{"@type":"ImageObject","inLanguage":"pt-AO","@id":"https:\/\/www.maior.it\/pt\/planeamento-e-programacao-de-frotas-de-e-bus-em-bogota-colombia\/#primaryimage","url":"https:\/\/www.maior.it\/wp-content\/uploads\/2022\/06\/highlights-2.jpg","contentUrl":"https:\/\/www.maior.it\/wp-content\/uploads\/2022\/06\/highlights-2.jpg","width":552,"height":300,"caption":"Planeamento e programa\u00e7\u00e3o de frotas de E-Bus em Bogot\u00e1, Col\u00f4mbia"},{"@type":"BreadcrumbList","@id":"https:\/\/www.maior.it\/pt\/planeamento-e-programacao-de-frotas-de-e-bus-em-bogota-colombia\/#breadcrumb","itemListElement":[{"@type":"ListItem","position":1,"name":"Home","item":"https:\/\/www.maior.it\/pt\/"},{"@type":"ListItem","position":2,"name":"Planejamento e programa\u00e7\u00e3o de frotas de E-Bus em Bogot\u00e1, Col\u00f4mbia"}]},{"@type":"WebSite","@id":"https:\/\/www.maior.it\/#website","url":"https:\/\/www.maior.it\/","name":"MAIOR","description":"","publisher":{"@id":"https:\/\/www.maior.it\/#organization"},"potentialAction":[{"@type":"SearchAction","target":{"@type":"EntryPoint","urlTemplate":"https:\/\/www.maior.it\/?s={search_term_string}"},"query-input":{"@type":"PropertyValueSpecification","valueRequired":true,"valueName":"search_term_string"}}],"inLanguage":"pt-AO"},{"@type":"Organization","@id":"https:\/\/www.maior.it\/#organization","name":"MAIOR","url":"https:\/\/www.maior.it\/","logo":{"@type":"ImageObject","inLanguage":"pt-AO","@id":"https:\/\/www.maior.it\/#\/schema\/logo\/image\/","url":"https:\/\/www.maior.it\/wp-content\/uploads\/2023\/08\/maior-favicon.jpg","contentUrl":"https:\/\/www.maior.it\/wp-content\/uploads\/2023\/08\/maior-favicon.jpg","width":48,"height":48,"caption":"MAIOR"},"image":{"@id":"https:\/\/www.maior.it\/#\/schema\/logo\/image\/"},"sameAs":["https:\/\/www.instagram.com\/maior.it","https:\/\/www.linkedin.com\/company\/m-a-i-o-r-\/"]},{"@type":"Person","@id":"https:\/\/www.maior.it\/#\/schema\/person\/86c8a8dfd1855850685b62611a92b0ae","name":"mentarossa","image":{"@type":"ImageObject","inLanguage":"pt-AO","@id":"https:\/\/www.maior.it\/#\/schema\/person\/image\/","url":"https:\/\/secure.gravatar.com\/avatar\/989259148a9f4e461636de4e7fedd396cf3809275930008cb654afa2eef469ba?s=96&d=mm&r=g","contentUrl":"https:\/\/secure.gravatar.com\/avatar\/989259148a9f4e461636de4e7fedd396cf3809275930008cb654afa2eef469ba?s=96&d=mm&r=g","caption":"mentarossa"},"url":"https:\/\/www.maior.it\/pt\/author\/mentarossa\/"}]}},"_links":{"self":[{"href":"https:\/\/www.maior.it\/pt\/wp-json\/wp\/v2\/posts\/27399","targetHints":{"allow":["GET"]}}],"collection":[{"href":"https:\/\/www.maior.it\/pt\/wp-json\/wp\/v2\/posts"}],"about":[{"href":"https:\/\/www.maior.it\/pt\/wp-json\/wp\/v2\/types\/post"}],"author":[{"embeddable":true,"href":"https:\/\/www.maior.it\/pt\/wp-json\/wp\/v2\/users\/2"}],"replies":[{"embeddable":true,"href":"https:\/\/www.maior.it\/pt\/wp-json\/wp\/v2\/comments?post=27399"}],"version-history":[{"count":3,"href":"https:\/\/www.maior.it\/pt\/wp-json\/wp\/v2\/posts\/27399\/revisions"}],"predecessor-version":[{"id":30189,"href":"https:\/\/www.maior.it\/pt\/wp-json\/wp\/v2\/posts\/27399\/revisions\/30189"}],"wp:featuredmedia":[{"embeddable":true,"href":"https:\/\/www.maior.it\/pt\/wp-json\/wp\/v2\/media\/27401"}],"wp:attachment":[{"href":"https:\/\/www.maior.it\/pt\/wp-json\/wp\/v2\/media?parent=27399"}],"wp:term":[{"taxonomy":"category","embeddable":true,"href":"https:\/\/www.maior.it\/pt\/wp-json\/wp\/v2\/categories?post=27399"},{"taxonomy":"post_tag","embeddable":true,"href":"https:\/\/www.maior.it\/pt\/wp-json\/wp\/v2\/tags?post=27399"},{"taxonomy":"post_series","embeddable":true,"href":"https:\/\/www.maior.it\/pt\/wp-json\/wp\/v2\/post_series?post=27399"}],"curies":[{"name":"wp","href":"https:\/\/api.w.org\/{rel}","templated":true}]}}