{"id":27369,"date":"2023-05-01T12:38:26","date_gmt":"2023-05-01T10:38:26","guid":{"rendered":"https:\/\/www.maior.it\/?p=27369"},"modified":"2025-05-19T12:43:29","modified_gmt":"2025-05-19T10:43:29","slug":"gestao-intermodal-e-integrada-do-servico-de-transporte-publico","status":"publish","type":"post","link":"https:\/\/www.maior.it\/pt\/gestao-intermodal-e-integrada-do-servico-de-transporte-publico\/","title":{"rendered":"Gest\u00e3o Intermodal e Integrada do Servi\u00e7o de Transporte P\u00fablico"},"content":{"rendered":"<section class=\"wpb-content-wrapper\">[vc_row full_width=&#8221;stretch_row&#8221; equal_height=&#8221;yes&#8221; wpex_bg_overlay=&#8221;custom&#8221; css=&#8221;.vc_custom_1693564434842{background-image: url(https:\/\/www.maior.it\/wp-content\/uploads\/2023\/09\/Intermodal-and-Integrated-Service-Planning-MAIOR.jpeg?id=2873) !important;background-position: center !important;background-repeat: no-repeat !important;background-size: cover !important;}&#8221; el_class=&#8221;evento_riga_slide&#8221; wpex_bg_overlay_image=&#8221;1947&#8243; wpex_bg_overlay_opacity=&#8221;0.85&#8243;][vc_column width=&#8221;1\/6&#8243;][\/vc_column][vc_column width=&#8221;2\/3&#8243;]<nav class=\"vcex-breadcrumbs vcex-breadcrumbs--links-inherit-color vcex-breadcrumbs--custom-color center_desktop bread\" style=\"color:#b9d6f4;--vcex-breadcrumbs-sep-color:#b9d6f4;font-size:14px;font-family:&#039;Inter&#039;,sans-serif;line-height:140%;\"><span><span><a href=\"https:\/\/www.maior.it\/pt\/\">Home<\/a><\/span><\/span><\/nav><div class=\"vcex-module vcex-page-title center_desktop evento_riga_slide_titolo desktop\"><h2 class=\"wpex-heading vcex-page-title__heading wpex-text-3xl\" style=\"color:#ffffff;\"><span class=\"vcex-page-title__text\">Gest\u00e3o Intermodal e Integrada do Servi\u00e7o de Transporte P\u00fablico<\/span><\/h2><\/div>[\/vc_column][vc_column width=&#8221;1\/6&#8243;][\/vc_column][\/vc_row][vc_row el_class=&#8221;articolo_riga_content&#8221;][vc_column][vc_column_text css=&#8221;.vc_custom_1742572979206{margin-top: 40px !important;}&#8221; text_align=&#8221;center&#8221;]\n<div class=\"movable removable mosaic-tile mosaic-collective.themefragments.fragment-tile\">\n<div class=\"mosaic-tile-content\">\n<section id=\"section_title_description\" class=\"lrblock\" title=\"Intermodal and Integrated Service Planning\" data-anchor=\"anchor-Intermodal and Integrated Service Planning\">\n<div class=\"container flex\">\n<div class=\"halftext bodytext\">\n<h2 class=\"h2sectiono\" style=\"text-align: left;\">Gest\u00e3o Intermodal e Integrada do Servi\u00e7o de Transporte P\u00fablico<\/h2>\n<p>&nbsp;<\/p>\n<div class=\"textsectiono textleft\" style=\"text-align: left;\">\n<p>Desde 2021, as empresas de transporte p\u00fablico em todo o mundo t\u00eam experimentado uma recupera\u00e7\u00e3o not\u00e1vel em v\u00e1rias formas de mobilidade. Isso se deve ao aumento na demanda pelos servi\u00e7os por parte dos passageiros, seja para retornar aos n\u00edveis pr\u00e9-COVID-19 ou para adaptar a oferta do servi\u00e7o \u00e0s novas necessidades.<\/p>\n<p>O objetivo dessa recupera\u00e7\u00e3o \u00e9 apoiar os operadores de transporte, fornecendo servi\u00e7os de planejamento otimizados e aumentando a atratividade do servi\u00e7o, <strong>criando uma oferta competitiva em compara\u00e7\u00e3o com outras formas de transporte<\/strong>.<\/p>\n<p>&nbsp;<\/p>\n<\/div>\n<\/div>\n<\/div>\n<\/section>\n<\/div>\n<\/div>\n<div class=\"movable removable mosaic-tile mosaic-collective.themefragments.fragment-tile\">\n<div class=\"mosaic-tile-content\">\n<section id=\"fragment-sectiono\" class=\"lrblock\" title=\"How to increase service attractivity?\" data-anchor=\"anchor-How to increase service attractivity?\">\n<div class=\"container flex left\">\n<div class=\"half bodytext\">\n<h2 class=\"h2sectiono\" style=\"text-align: left;\">Como aumentar a atratividade do servi\u00e7o?<\/h2>\n<p>&nbsp;<\/p>\n<div class=\"textsectiono textleft\">\n<p style=\"text-align: left;\"><strong> Ao aumentar a intermodalidade, a interoperabilidade e a oferta completa de servi\u00e7os de transporte<\/strong>, pode-se criar um sistema conectado com outros atores do transporte para oferecer uma mobilidade integrada \u00e0 qual os usu\u00e1rios possam acessar facilmente.<\/p>\n<p style=\"text-align: left;\"><strong>\u00c9 crucial melhorar a qualidade do servi\u00e7o sem aumentar os custos operacionais.<\/strong><\/p>\n<p>&nbsp;<\/p>\n<\/div>\n<\/div>\n<\/div>\n<\/section>\n<\/div>\n<\/div>\n[\/vc_column_text][vc_empty_space][vc_single_image image=&#8221;2874&#8243; alignment=&#8221;center&#8221;][vc_column_text css=&#8221;.vc_custom_1742573345517{margin-top: 40px !important;}&#8221; text_align=&#8221;center&#8221;]\n<div class=\"movable removable mosaic-tile mosaic-collective.themefragments.fragment-tile\">\n<div class=\"mosaic-tile-content\">\n<section id=\"section_title_description\" class=\"lrblock\" title=\"What strategies can be put in place to increase service quality?\" data-anchor=\"anchor-What strategies can be put in place to increase service quality?\">\n<div class=\"container flex\">\n<div class=\"halftext bodytext\">\n<h2 class=\"h2sectiono\" style=\"text-align: left;\">Quais estrat\u00e9gias podem ser implementadas para aumentar a qualidade do servi\u00e7o?<\/h2>\n<p>&nbsp;<\/p>\n<div class=\"textsectiono textleft\" style=\"text-align: left;\">\n<p>As estrat\u00e9gias que podem ser adotadas incluem:<\/p>\n<p><strong>&#8211; Corredores urbanos:<\/strong>\u00a0Redes de transporte p\u00fablico onde v\u00e1rias linhas podem compartilhar rotas e paradas ou estar conectadas por trajetos cont\u00edguos ou pr\u00f3ximos. Isso permite planejar o servi\u00e7o com uma vis\u00e3o abrangente, otimizando frequ\u00eancias, n\u00famero de passageiros transportados e a necessidade de ve\u00edculos dispon\u00edveis, resultando em uma experi\u00eancia melhor para os cidad\u00e3os e menores custos operacionais para a empresa.<\/p>\n<p><strong>&#8211; Altern\u00e2ncia e balanceamento de linhas:<\/strong>\u00a0Criar regularidade no servi\u00e7o para linhas que se originam em diferentes terminais, mas chegam ao mesmo destino. Estabelecer uma altern\u00e2ncia adequada considerando a demanda de cada linha, equilibrando os fluxos de passageiros para evitar longas esperas nas paradas e garantir que os usu\u00e1rios peguem a linha correta sem erros de origem ou destino.<\/p>\n<p><strong>&#8211; Regulariza\u00e7\u00e3o de frequ\u00eancias:<\/strong>\u00a0Otimizar os hor\u00e1rios de v\u00e1rias linhas com trajetos comuns para regularizar a frequ\u00eancia entre os ve\u00edculos. Isso conserva recursos e aumenta a oferta percebida do servi\u00e7o. Compartilhar ve\u00edculos entre diferentes linhas minimiza o impacto sobre os recursos dispon\u00edveis da empresa.<\/p>\n<p><strong>&#8211; Viagens de apoio a linhas principais:<\/strong>\u00a0Criar linhas principais e linhas de \u201c\u00faltima milha\u201d ou de suporte, estabelecendo conex\u00f5es entre diferentes servi\u00e7os e considerando a variabilidade. O objetivo \u00e9 transportar passageiros para linhas de maior capacidade, melhorando a efici\u00eancia do sistema.<\/p>\n<p>&nbsp;<\/p>\n<\/div>\n<\/div>\n<\/div>\n<\/section>\n<\/div>\n<\/div>\n<div class=\"movable removable mosaic-tile mosaic-collective.themefragments.fragment-tile\">\n<div class=\"mosaic-tile-content\">\n<section id=\"fragment-sectiono\" class=\"lrblock\" title=\"The MAIOR Transit Scheduling Suite\" data-anchor=\"anchor-The MAIOR Transit Scheduling Suite\">\n<div class=\"container flex right\">\n<div class=\"half bodytext\">\n<h2 class=\"h2sectiono\" style=\"text-align: left;\">A MAIOR Suite<\/h2>\n<div class=\"textsectiono textright\">\n<p style=\"text-align: left;\">Essas estrat\u00e9gias, por si s\u00f3, n\u00e3o s\u00e3o suficientes. Aqui entra em cena a <strong>MAIOR Suite<\/strong> para o transporte p\u00fablico, que fornece um conjunto de ferramentas avan\u00e7adas projetadas para complementar e potencializar essas estrat\u00e9gias. Essas ferramentas permitem que os operadores de transporte planejem, gerenciem e otimizem seus servi\u00e7os de maneira integrada e eficiente.<\/p>\n<p style=\"text-align: left;\">A MAIOR Suite inclui funcionalidades que ajudam a coordenar e sincronizar os diferentes aspectos do transporte p\u00fablico, desde o planejamento de rotas e hor\u00e1rios at\u00e9 a gest\u00e3o de ve\u00edculos e pessoal. Ao integrar essas ferramentas com as estrat\u00e9gias de intermodalidade, interoperabilidade e otimiza\u00e7\u00e3o de recursos, os operadores podem oferecer um servi\u00e7o mais atraente e competitivo, que n\u00e3o s\u00f3 melhora a experi\u00eancia do usu\u00e1rio, mas tamb\u00e9m reduz os custos operacionais.<\/p>\n<p style=\"text-align: left;\">Al\u00e9m disso, a capacidade da MAIOR Suite de analisar dados e gerar relat\u00f3rios detalhados permite que os operadores tomem decis\u00f5es informadas e se adaptem rapidamente \u00e0s demandas do servi\u00e7o. Dessa forma, as empresas de transporte p\u00fablico podem se manter \u00e0 frente, oferecendo solu\u00e7\u00f5es de mobilidade que atendem \u00e0s necessidades atuais e futuras dos passageiros.<\/p>\n<p style=\"text-align: left;\">\n<\/div>\n<\/div>\n<\/div>\n<\/section>\n<\/div>\n<\/div>\n[\/vc_column_text][vc_empty_space][vc_single_image image=&#8221;2875&#8243; alignment=&#8221;center&#8221;][\/vc_column][\/vc_row][vc_row el_class=&#8221;margin_top_100&#8243;][vc_column width=&#8221;1\/6&#8243;][\/vc_column][vc_column width=&#8221;2\/3&#8243;][vc_separator color=&#8221;custom&#8221; border_width=&#8221;6&#8243; el_width=&#8221;10&#8243; accent_color=&#8221;#003a69&#8243; el_class=&#8221;desktop&#8221;][vc_separator color=&#8221;custom&#8221; align=&#8221;align_left&#8221; border_width=&#8221;6&#8243; el_width=&#8221;20&#8243; accent_color=&#8221;#003a69&#8243; el_class=&#8221;mobile&#8221;][vc_column_text color=&#8221;#0071bb&#8221; font_size=&#8221;d:19px|pl:16px|pp:16px&#8221; font_family=&#8221;Montserrat&#8221; letter_spacing=&#8221;2.28px&#8221; font_weight=&#8221;600&#8243; text_transform=&#8221;uppercase&#8221; css=&#8221;.vc_custom_1742573216141{margin-top: 15px !important;}&#8221; el_class=&#8221;center_desktop&#8221;]\n<h4>Artigos relacionados<\/h4>\n[\/vc_column_text][\/vc_column][vc_column width=&#8221;1\/6&#8243;][\/vc_column][\/vc_row][vc_row el_class=&#8221;articolo_riga_correlati margin_bot_100&#8243;][vc_column width=&#8221;1\/12&#8243;][\/vc_column][vc_column width=&#8221;10\/12&#8243;][vc_basic_grid post_type=&#8221;post&#8221; max_items=&#8221;2&#8243; element_width=&#8221;6&#8243; item=&#8221;1781&#8243; grid_id=&#8221;vc_gid:1742573291795-d618388d-6553-7&#8243; page_id=&#8221;1772&#8243; css=&#8221;.vc_custom_1691137916575{margin-top: 30px !important;}&#8221;][\/vc_column][vc_column width=&#8221;1\/12&#8243;][\/vc_column][\/vc_row]\n<\/section>","protected":false},"excerpt":{"rendered":"<p>[vc_row full_width=&#8221;stretch_row&#8221; equal_height=&#8221;yes&#8221; wpex_bg_overlay=&#8221;custom&#8221; css=&#8221;.vc_custom_1693564434842{background-image: url(https:\/\/www.maior.it\/wp-content\/uploads\/2023\/09\/Intermodal-and-Integrated-Service-Planning-MAIOR.jpeg?id=2873) !important;background-position: center !important;background-repeat: no-repeat !important;background-size: cover !important;}&#8221; el_class=&#8221;evento_riga_slide&#8221; wpex_bg_overlay_image=&#8221;1947&#8243; wpex_bg_overlay_opacity=&#8221;0.85&#8243;][vc_column width=&#8221;1\/6&#8243;][\/vc_column][vc_column width=&#8221;2\/3&#8243;][\/vc_column][vc_column width=&#8221;1\/6&#8243;][\/vc_column][\/vc_row][vc_row el_class=&#8221;articolo_riga_content&#8221;][vc_column][vc_column_text css=&#8221;.vc_custom_1742572979206{margin-top: 40px !important;}&#8221; text_align=&#8221;center&#8221;] Gest\u00e3o Intermodal e Integrada do Servi\u00e7o de Transporte P\u00fablico &nbsp; Desde 2021, as empresas de transporte p\u00fablico em todo o mundo t\u00eam experimentado uma recupera\u00e7\u00e3o not\u00e1vel em v\u00e1rias formas de mobilidade.&hellip;<\/p>\n","protected":false},"author":2,"featured_media":27370,"comment_status":"open","ping_status":"open","sticky":false,"template":"","format":"standard","meta":{"_acf_changed":false,"inline_featured_image":false,"footnotes":""},"categories":[],"tags":[],"post_series":[],"class_list":["post-27369","post","type-post","status-publish","format-standard","has-post-thumbnail","hentry","entry","has-media"],"acf":[],"yoast_head":"<!-- This site is optimized with the Yoast SEO plugin v27.1.1 - https:\/\/yoast.com\/product\/yoast-seo-wordpress\/ -->\n<title>Gest\u00e3o Intermodal e Integrada do Servi\u00e7o de Transporte P\u00fablico<\/title>\n<meta name=\"description\" content=\"Desde 2021, as empresas de transporte p\u00fablico em todo o mundo t\u00eam experimentado uma recupera\u00e7\u00e3o not\u00e1vel em v\u00e1rias formas de mobilidade.\" \/>\n<meta name=\"robots\" content=\"index, follow, max-snippet:-1, max-image-preview:large, max-video-preview:-1\" \/>\n<link rel=\"canonical\" href=\"https:\/\/www.maior.it\/pt\/gestao-intermodal-e-integrada-do-servico-de-transporte-publico\/\" \/>\n<meta property=\"og:locale\" content=\"pt_PT\" \/>\n<meta property=\"og:type\" content=\"article\" \/>\n<meta property=\"og:title\" content=\"Gest\u00e3o Intermodal e Integrada do Servi\u00e7o de Transporte P\u00fablico\" \/>\n<meta property=\"og:description\" content=\"Desde 2021, as empresas de transporte p\u00fablico em todo o mundo t\u00eam experimentado uma recupera\u00e7\u00e3o not\u00e1vel em v\u00e1rias formas de mobilidade.\" \/>\n<meta property=\"og:url\" content=\"https:\/\/www.maior.it\/pt\/gestao-intermodal-e-integrada-do-servico-de-transporte-publico\/\" \/>\n<meta property=\"og:site_name\" content=\"MAIOR\" \/>\n<meta property=\"article:published_time\" content=\"2023-05-01T10:38:26+00:00\" \/>\n<meta property=\"article:modified_time\" content=\"2025-05-19T10:43:29+00:00\" \/>\n<meta property=\"og:image\" content=\"https:\/\/www.maior.it\/wp-content\/uploads\/2023\/09\/INTERMODAL-AND-INTEGRATED-SERVICE-PLANNING.jpeg\" \/>\n\t<meta property=\"og:image:width\" content=\"552\" \/>\n\t<meta property=\"og:image:height\" content=\"301\" \/>\n\t<meta property=\"og:image:type\" content=\"image\/jpeg\" \/>\n<meta name=\"author\" content=\"mentarossa\" \/>\n<meta name=\"twitter:card\" content=\"summary_large_image\" \/>\n<meta name=\"twitter:label1\" content=\"Written by\" \/>\n\t<meta name=\"twitter:data1\" content=\"mentarossa\" \/>\n\t<meta name=\"twitter:label2\" content=\"Est. reading time\" \/>\n\t<meta name=\"twitter:data2\" content=\"3 minutos\" \/>\n<script type=\"application\/ld+json\" class=\"yoast-schema-graph\">{\"@context\":\"https:\/\/schema.org\",\"@graph\":[{\"@type\":\"Article\",\"@id\":\"https:\/\/www.maior.it\/pt\/gestao-intermodal-e-integrada-do-servico-de-transporte-publico\/#article\",\"isPartOf\":{\"@id\":\"https:\/\/www.maior.it\/pt\/gestao-intermodal-e-integrada-do-servico-de-transporte-publico\/\"},\"author\":{\"name\":\"mentarossa\",\"@id\":\"https:\/\/www.maior.it\/#\/schema\/person\/86c8a8dfd1855850685b62611a92b0ae\"},\"headline\":\"Gest\u00e3o Intermodal e Integrada do Servi\u00e7o de Transporte P\u00fablico\",\"datePublished\":\"2023-05-01T10:38:26+00:00\",\"dateModified\":\"2025-05-19T10:43:29+00:00\",\"mainEntityOfPage\":{\"@id\":\"https:\/\/www.maior.it\/pt\/gestao-intermodal-e-integrada-do-servico-de-transporte-publico\/\"},\"wordCount\":949,\"commentCount\":0,\"publisher\":{\"@id\":\"https:\/\/www.maior.it\/#organization\"},\"image\":{\"@id\":\"https:\/\/www.maior.it\/pt\/gestao-intermodal-e-integrada-do-servico-de-transporte-publico\/#primaryimage\"},\"thumbnailUrl\":\"https:\/\/www.maior.it\/wp-content\/uploads\/2023\/09\/INTERMODAL-AND-INTEGRATED-SERVICE-PLANNING.jpeg\",\"inLanguage\":\"pt-AO\"},{\"@type\":\"WebPage\",\"@id\":\"https:\/\/www.maior.it\/pt\/gestao-intermodal-e-integrada-do-servico-de-transporte-publico\/\",\"url\":\"https:\/\/www.maior.it\/pt\/gestao-intermodal-e-integrada-do-servico-de-transporte-publico\/\",\"name\":\"Gest\u00e3o Intermodal e Integrada do Servi\u00e7o de Transporte P\u00fablico\",\"isPartOf\":{\"@id\":\"https:\/\/www.maior.it\/#website\"},\"primaryImageOfPage\":{\"@id\":\"https:\/\/www.maior.it\/pt\/gestao-intermodal-e-integrada-do-servico-de-transporte-publico\/#primaryimage\"},\"image\":{\"@id\":\"https:\/\/www.maior.it\/pt\/gestao-intermodal-e-integrada-do-servico-de-transporte-publico\/#primaryimage\"},\"thumbnailUrl\":\"https:\/\/www.maior.it\/wp-content\/uploads\/2023\/09\/INTERMODAL-AND-INTEGRATED-SERVICE-PLANNING.jpeg\",\"datePublished\":\"2023-05-01T10:38:26+00:00\",\"dateModified\":\"2025-05-19T10:43:29+00:00\",\"description\":\"Desde 2021, as empresas de transporte p\u00fablico em todo o mundo t\u00eam experimentado uma recupera\u00e7\u00e3o not\u00e1vel em v\u00e1rias formas de mobilidade.\",\"breadcrumb\":{\"@id\":\"https:\/\/www.maior.it\/pt\/gestao-intermodal-e-integrada-do-servico-de-transporte-publico\/#breadcrumb\"},\"inLanguage\":\"pt-AO\",\"potentialAction\":[{\"@type\":\"ReadAction\",\"target\":[\"https:\/\/www.maior.it\/pt\/gestao-intermodal-e-integrada-do-servico-de-transporte-publico\/\"]}]},{\"@type\":\"ImageObject\",\"inLanguage\":\"pt-AO\",\"@id\":\"https:\/\/www.maior.it\/pt\/gestao-intermodal-e-integrada-do-servico-de-transporte-publico\/#primaryimage\",\"url\":\"https:\/\/www.maior.it\/wp-content\/uploads\/2023\/09\/INTERMODAL-AND-INTEGRATED-SERVICE-PLANNING.jpeg\",\"contentUrl\":\"https:\/\/www.maior.it\/wp-content\/uploads\/2023\/09\/INTERMODAL-AND-INTEGRATED-SERVICE-PLANNING.jpeg\",\"width\":552,\"height\":301,\"caption\":\"Gest\u00e3o Intermodal e Integrada do Servi\u00e7o de Transporte P\u00fablico\"},{\"@type\":\"BreadcrumbList\",\"@id\":\"https:\/\/www.maior.it\/pt\/gestao-intermodal-e-integrada-do-servico-de-transporte-publico\/#breadcrumb\",\"itemListElement\":[{\"@type\":\"ListItem\",\"position\":1,\"name\":\"Home\",\"item\":\"https:\/\/www.maior.it\/pt\/\"},{\"@type\":\"ListItem\",\"position\":2,\"name\":\"Gest\u00e3o Intermodal e Integrada do Servi\u00e7o de Transporte P\u00fablico\"}]},{\"@type\":\"WebSite\",\"@id\":\"https:\/\/www.maior.it\/#website\",\"url\":\"https:\/\/www.maior.it\/\",\"name\":\"MAIOR\",\"description\":\"\",\"publisher\":{\"@id\":\"https:\/\/www.maior.it\/#organization\"},\"potentialAction\":[{\"@type\":\"SearchAction\",\"target\":{\"@type\":\"EntryPoint\",\"urlTemplate\":\"https:\/\/www.maior.it\/?s={search_term_string}\"},\"query-input\":{\"@type\":\"PropertyValueSpecification\",\"valueRequired\":true,\"valueName\":\"search_term_string\"}}],\"inLanguage\":\"pt-AO\"},{\"@type\":\"Organization\",\"@id\":\"https:\/\/www.maior.it\/#organization\",\"name\":\"MAIOR\",\"url\":\"https:\/\/www.maior.it\/\",\"logo\":{\"@type\":\"ImageObject\",\"inLanguage\":\"pt-AO\",\"@id\":\"https:\/\/www.maior.it\/#\/schema\/logo\/image\/\",\"url\":\"https:\/\/www.maior.it\/wp-content\/uploads\/2023\/08\/maior-favicon.jpg\",\"contentUrl\":\"https:\/\/www.maior.it\/wp-content\/uploads\/2023\/08\/maior-favicon.jpg\",\"width\":48,\"height\":48,\"caption\":\"MAIOR\"},\"image\":{\"@id\":\"https:\/\/www.maior.it\/#\/schema\/logo\/image\/\"},\"sameAs\":[\"https:\/\/www.instagram.com\/maior.it\",\"https:\/\/www.linkedin.com\/company\/m-a-i-o-r-\/\"]},{\"@type\":\"Person\",\"@id\":\"https:\/\/www.maior.it\/#\/schema\/person\/86c8a8dfd1855850685b62611a92b0ae\",\"name\":\"mentarossa\",\"image\":{\"@type\":\"ImageObject\",\"inLanguage\":\"pt-AO\",\"@id\":\"https:\/\/www.maior.it\/#\/schema\/person\/image\/\",\"url\":\"https:\/\/secure.gravatar.com\/avatar\/989259148a9f4e461636de4e7fedd396cf3809275930008cb654afa2eef469ba?s=96&d=mm&r=g\",\"contentUrl\":\"https:\/\/secure.gravatar.com\/avatar\/989259148a9f4e461636de4e7fedd396cf3809275930008cb654afa2eef469ba?s=96&d=mm&r=g\",\"caption\":\"mentarossa\"},\"url\":\"https:\/\/www.maior.it\/pt\/author\/mentarossa\/\"}]}<\/script>\n<!-- \/ Yoast SEO plugin. -->","yoast_head_json":{"title":"Gest\u00e3o Intermodal e Integrada do Servi\u00e7o de Transporte P\u00fablico","description":"Desde 2021, as empresas de transporte p\u00fablico em todo o mundo t\u00eam experimentado uma recupera\u00e7\u00e3o not\u00e1vel em v\u00e1rias formas de mobilidade.","robots":{"index":"index","follow":"follow","max-snippet":"max-snippet:-1","max-image-preview":"max-image-preview:large","max-video-preview":"max-video-preview:-1"},"canonical":"https:\/\/www.maior.it\/pt\/gestao-intermodal-e-integrada-do-servico-de-transporte-publico\/","og_locale":"pt_PT","og_type":"article","og_title":"Gest\u00e3o Intermodal e Integrada do Servi\u00e7o de Transporte P\u00fablico","og_description":"Desde 2021, as empresas de transporte p\u00fablico em todo o mundo t\u00eam experimentado uma recupera\u00e7\u00e3o not\u00e1vel em v\u00e1rias formas de mobilidade.","og_url":"https:\/\/www.maior.it\/pt\/gestao-intermodal-e-integrada-do-servico-de-transporte-publico\/","og_site_name":"MAIOR","article_published_time":"2023-05-01T10:38:26+00:00","article_modified_time":"2025-05-19T10:43:29+00:00","og_image":[{"width":552,"height":301,"url":"https:\/\/www.maior.it\/wp-content\/uploads\/2023\/09\/INTERMODAL-AND-INTEGRATED-SERVICE-PLANNING.jpeg","type":"image\/jpeg"}],"author":"mentarossa","twitter_card":"summary_large_image","twitter_misc":{"Written by":"mentarossa","Est. reading time":"3 minutos"},"schema":{"@context":"https:\/\/schema.org","@graph":[{"@type":"Article","@id":"https:\/\/www.maior.it\/pt\/gestao-intermodal-e-integrada-do-servico-de-transporte-publico\/#article","isPartOf":{"@id":"https:\/\/www.maior.it\/pt\/gestao-intermodal-e-integrada-do-servico-de-transporte-publico\/"},"author":{"name":"mentarossa","@id":"https:\/\/www.maior.it\/#\/schema\/person\/86c8a8dfd1855850685b62611a92b0ae"},"headline":"Gest\u00e3o Intermodal e Integrada do Servi\u00e7o de Transporte P\u00fablico","datePublished":"2023-05-01T10:38:26+00:00","dateModified":"2025-05-19T10:43:29+00:00","mainEntityOfPage":{"@id":"https:\/\/www.maior.it\/pt\/gestao-intermodal-e-integrada-do-servico-de-transporte-publico\/"},"wordCount":949,"commentCount":0,"publisher":{"@id":"https:\/\/www.maior.it\/#organization"},"image":{"@id":"https:\/\/www.maior.it\/pt\/gestao-intermodal-e-integrada-do-servico-de-transporte-publico\/#primaryimage"},"thumbnailUrl":"https:\/\/www.maior.it\/wp-content\/uploads\/2023\/09\/INTERMODAL-AND-INTEGRATED-SERVICE-PLANNING.jpeg","inLanguage":"pt-AO"},{"@type":"WebPage","@id":"https:\/\/www.maior.it\/pt\/gestao-intermodal-e-integrada-do-servico-de-transporte-publico\/","url":"https:\/\/www.maior.it\/pt\/gestao-intermodal-e-integrada-do-servico-de-transporte-publico\/","name":"Gest\u00e3o Intermodal e Integrada do Servi\u00e7o de Transporte P\u00fablico","isPartOf":{"@id":"https:\/\/www.maior.it\/#website"},"primaryImageOfPage":{"@id":"https:\/\/www.maior.it\/pt\/gestao-intermodal-e-integrada-do-servico-de-transporte-publico\/#primaryimage"},"image":{"@id":"https:\/\/www.maior.it\/pt\/gestao-intermodal-e-integrada-do-servico-de-transporte-publico\/#primaryimage"},"thumbnailUrl":"https:\/\/www.maior.it\/wp-content\/uploads\/2023\/09\/INTERMODAL-AND-INTEGRATED-SERVICE-PLANNING.jpeg","datePublished":"2023-05-01T10:38:26+00:00","dateModified":"2025-05-19T10:43:29+00:00","description":"Desde 2021, as empresas de transporte p\u00fablico em todo o mundo t\u00eam experimentado uma recupera\u00e7\u00e3o not\u00e1vel em v\u00e1rias formas de mobilidade.","breadcrumb":{"@id":"https:\/\/www.maior.it\/pt\/gestao-intermodal-e-integrada-do-servico-de-transporte-publico\/#breadcrumb"},"inLanguage":"pt-AO","potentialAction":[{"@type":"ReadAction","target":["https:\/\/www.maior.it\/pt\/gestao-intermodal-e-integrada-do-servico-de-transporte-publico\/"]}]},{"@type":"ImageObject","inLanguage":"pt-AO","@id":"https:\/\/www.maior.it\/pt\/gestao-intermodal-e-integrada-do-servico-de-transporte-publico\/#primaryimage","url":"https:\/\/www.maior.it\/wp-content\/uploads\/2023\/09\/INTERMODAL-AND-INTEGRATED-SERVICE-PLANNING.jpeg","contentUrl":"https:\/\/www.maior.it\/wp-content\/uploads\/2023\/09\/INTERMODAL-AND-INTEGRATED-SERVICE-PLANNING.jpeg","width":552,"height":301,"caption":"Gest\u00e3o Intermodal e Integrada do Servi\u00e7o de Transporte P\u00fablico"},{"@type":"BreadcrumbList","@id":"https:\/\/www.maior.it\/pt\/gestao-intermodal-e-integrada-do-servico-de-transporte-publico\/#breadcrumb","itemListElement":[{"@type":"ListItem","position":1,"name":"Home","item":"https:\/\/www.maior.it\/pt\/"},{"@type":"ListItem","position":2,"name":"Gest\u00e3o Intermodal e Integrada do Servi\u00e7o de Transporte P\u00fablico"}]},{"@type":"WebSite","@id":"https:\/\/www.maior.it\/#website","url":"https:\/\/www.maior.it\/","name":"MAIOR","description":"","publisher":{"@id":"https:\/\/www.maior.it\/#organization"},"potentialAction":[{"@type":"SearchAction","target":{"@type":"EntryPoint","urlTemplate":"https:\/\/www.maior.it\/?s={search_term_string}"},"query-input":{"@type":"PropertyValueSpecification","valueRequired":true,"valueName":"search_term_string"}}],"inLanguage":"pt-AO"},{"@type":"Organization","@id":"https:\/\/www.maior.it\/#organization","name":"MAIOR","url":"https:\/\/www.maior.it\/","logo":{"@type":"ImageObject","inLanguage":"pt-AO","@id":"https:\/\/www.maior.it\/#\/schema\/logo\/image\/","url":"https:\/\/www.maior.it\/wp-content\/uploads\/2023\/08\/maior-favicon.jpg","contentUrl":"https:\/\/www.maior.it\/wp-content\/uploads\/2023\/08\/maior-favicon.jpg","width":48,"height":48,"caption":"MAIOR"},"image":{"@id":"https:\/\/www.maior.it\/#\/schema\/logo\/image\/"},"sameAs":["https:\/\/www.instagram.com\/maior.it","https:\/\/www.linkedin.com\/company\/m-a-i-o-r-\/"]},{"@type":"Person","@id":"https:\/\/www.maior.it\/#\/schema\/person\/86c8a8dfd1855850685b62611a92b0ae","name":"mentarossa","image":{"@type":"ImageObject","inLanguage":"pt-AO","@id":"https:\/\/www.maior.it\/#\/schema\/person\/image\/","url":"https:\/\/secure.gravatar.com\/avatar\/989259148a9f4e461636de4e7fedd396cf3809275930008cb654afa2eef469ba?s=96&d=mm&r=g","contentUrl":"https:\/\/secure.gravatar.com\/avatar\/989259148a9f4e461636de4e7fedd396cf3809275930008cb654afa2eef469ba?s=96&d=mm&r=g","caption":"mentarossa"},"url":"https:\/\/www.maior.it\/pt\/author\/mentarossa\/"}]}},"_links":{"self":[{"href":"https:\/\/www.maior.it\/pt\/wp-json\/wp\/v2\/posts\/27369","targetHints":{"allow":["GET"]}}],"collection":[{"href":"https:\/\/www.maior.it\/pt\/wp-json\/wp\/v2\/posts"}],"about":[{"href":"https:\/\/www.maior.it\/pt\/wp-json\/wp\/v2\/types\/post"}],"author":[{"embeddable":true,"href":"https:\/\/www.maior.it\/pt\/wp-json\/wp\/v2\/users\/2"}],"replies":[{"embeddable":true,"href":"https:\/\/www.maior.it\/pt\/wp-json\/wp\/v2\/comments?post=27369"}],"version-history":[{"count":1,"href":"https:\/\/www.maior.it\/pt\/wp-json\/wp\/v2\/posts\/27369\/revisions"}],"predecessor-version":[{"id":27378,"href":"https:\/\/www.maior.it\/pt\/wp-json\/wp\/v2\/posts\/27369\/revisions\/27378"}],"wp:featuredmedia":[{"embeddable":true,"href":"https:\/\/www.maior.it\/pt\/wp-json\/wp\/v2\/media\/27370"}],"wp:attachment":[{"href":"https:\/\/www.maior.it\/pt\/wp-json\/wp\/v2\/media?parent=27369"}],"wp:term":[{"taxonomy":"category","embeddable":true,"href":"https:\/\/www.maior.it\/pt\/wp-json\/wp\/v2\/categories?post=27369"},{"taxonomy":"post_tag","embeddable":true,"href":"https:\/\/www.maior.it\/pt\/wp-json\/wp\/v2\/tags?post=27369"},{"taxonomy":"post_series","embeddable":true,"href":"https:\/\/www.maior.it\/pt\/wp-json\/wp\/v2\/post_series?post=27369"}],"curies":[{"name":"wp","href":"https:\/\/api.w.org\/{rel}","templated":true}]}}