{"id":27361,"date":"2023-07-01T12:46:02","date_gmt":"2023-07-01T10:46:02","guid":{"rendered":"https:\/\/www.maior.it\/?p=27361"},"modified":"2025-08-13T15:50:26","modified_gmt":"2025-08-13T13:50:26","slug":"gestao-de-onibus-eletricos-na-maior-suite","status":"publish","type":"post","link":"https:\/\/www.maior.it\/pt\/gestao-de-onibus-eletricos-na-maior-suite\/","title":{"rendered":"Gest\u00e3o de \u00d4nibus El\u00e9tricos na MAIOR Suite"},"content":{"rendered":"<section class=\"wpb-content-wrapper\">[vc_row full_width=&#8221;stretch_row&#8221; equal_height=&#8221;yes&#8221; wpex_bg_overlay=&#8221;custom&#8221; css=&#8221;.vc_custom_1693564858225{background-image: url(https:\/\/www.maior.it\/wp-content\/uploads\/2023\/09\/MAIOR-Suite-Electric-bus-fleet-management.jpeg?id=2879) !important;background-position: center !important;background-repeat: no-repeat !important;background-size: cover !important;}&#8221; el_class=&#8221;evento_riga_slide&#8221; wpex_bg_overlay_image=&#8221;1947&#8243; wpex_bg_overlay_opacity=&#8221;0.85&#8243;][vc_column width=&#8221;1\/6&#8243;][\/vc_column][vc_column width=&#8221;2\/3&#8243;]<nav class=\"vcex-breadcrumbs vcex-breadcrumbs--links-inherit-color vcex-breadcrumbs--custom-color center_desktop bread\" style=\"color:#b9d6f4;--vcex-breadcrumbs-sep-color:#b9d6f4;font-size:14px;font-family:&#039;Inter&#039;,sans-serif;line-height:140%;\"><span><span><a href=\"https:\/\/www.maior.it\/pt\/\">Home<\/a><\/span><\/span><\/nav><div class=\"vcex-module vcex-page-title center_desktop evento_riga_slide_titolo desktop\"><h2 class=\"wpex-heading vcex-page-title__heading wpex-text-3xl\" style=\"color:#ffffff;\"><span class=\"vcex-page-title__text\">Gest\u00e3o de \u00d4nibus El\u00e9tricos na MAIOR Suite<\/span><\/h2><\/div>[\/vc_column][vc_column width=&#8221;1\/6&#8243;][\/vc_column][\/vc_row][vc_row el_class=&#8221;articolo_riga_content&#8221;][vc_column][vc_column_text css=&#8221;.vc_custom_1742569097721{margin-top: 40px !important;}&#8221; text_align=&#8221;center&#8221;]\n<div class=\"movable removable mosaic-tile mosaic-collective.themefragments.fragment-tile\">\n<div class=\"mosaic-tile-content\">\n<section id=\"section_title_description\" class=\"lrblock\" title=\"Electric bus fleet management with the MAIOR Suite\" data-anchor=\"anchor-Electric bus fleet management with the MAIOR Suite\">\n<div class=\"container flex\">\n<div class=\"halftext bodytext\">\n<h2 class=\"h2sectiono\" style=\"text-align: left;\">Gest\u00e3o de \u00d4nibus El\u00e9tricos na MAIOR Suite<\/h2>\n<p>&nbsp;<\/p>\n<div class=\"textsectiono textleft\" style=\"text-align: left;\">\n<p>Neste artigo, vamos discutir como a Suite MAIOR d\u00e1 suporte \u00e0s empresas de transporte p\u00fablico durante sua <strong>transi\u00e7\u00e3o energ\u00e9tica<\/strong> e como pode ajudar a planejar e otimizar seu servi\u00e7o utilizando \u00f4nibus el\u00e9tricos.<\/p>\n<p>&nbsp;<\/p>\n<\/div>\n<\/div>\n<\/div>\n<\/section>\n<\/div>\n<\/div>\n<div class=\"movable removable mosaic-tile mosaic-collective.themefragments.fragment-tile\">\n<div class=\"mosaic-tile-content\">\n<section id=\"fragment-sectiono\" class=\"lrblock\" title=\"What is the approach to have when it comes to e-buses?\" data-anchor=\"anchor-What is the approach to have when it comes to e-buses?\">\n<div class=\"container flex left\">\n<div class=\"half bodytext\">\n<h2 class=\"h2sectiono\" style=\"text-align: left;\">Qual \u00e9 o enfoque a ser dado aos ve\u00edculos el\u00e9tricos?<\/h2>\n<p>&nbsp;<\/p>\n<div class=\"textsectiono textleft\">\n<p style=\"text-align: left;\">Quando se trata de ve\u00edculos el\u00e9tricos, \u00e9 importante adotar uma abordagem adequada.<\/p>\n<p style=\"text-align: left;\">A planea\u00e7\u00e3o de um servi\u00e7o de \u00f4nibus el\u00e9tricos envolve n\u00e3o apenas a organiza\u00e7\u00e3o do servi\u00e7o em si, mas tamb\u00e9m os <strong>sistemas de recarga<\/strong>, como a <strong>recarga no dep\u00f3sito<\/strong> <strong>e a recarga tipo &#8220;oportunidade&#8221;<\/strong>.<\/p>\n<p style=\"text-align: left;\">\u00c9 necess\u00e1rio considerar <strong>fatores ambientais<\/strong>, tecnologias de baterias, servi\u00e7os de apoio durante a opera\u00e7\u00e3o e a gest\u00e3o da frota.<strong><br \/>\n<\/strong><\/p>\n<\/div>\n<\/div>\n<\/div>\n<\/section>\n<\/div>\n<\/div>\n[\/vc_column_text][vc_empty_space][vc_single_image image=&#8221;2880&#8243; alignment=&#8221;center&#8221;][vc_column_text css=&#8221;.vc_custom_1742569391144{margin-top: 40px !important;}&#8221; text_align=&#8221;center&#8221;]\n<div class=\"movable removable mosaic-tile mosaic-collective.themefragments.fragment-tile\">\n<div class=\"mosaic-tile-content\">\n<section id=\"section_title_description\" class=\"lrblock\" title=\"What is the goal of the MAIOR Suite?\" data-anchor=\"anchor-What is the goal of the MAIOR Suite?\">\n<div class=\"container flex\">\n<div class=\"halftext bodytext\">\n<h2 class=\"h2sectiono\" style=\"text-align: left;\">Qual \u00e9 o objetivo da MAIOR Suite?<\/h2>\n<p>&nbsp;<\/p>\n<div class=\"textsectiono textleft\" style=\"text-align: left;\">\n<p>O objetivo da MAIOR Suite \u00e9 planejar o servi\u00e7o respeitando as restri\u00e7\u00f5es impostas pelo uso de ve\u00edculos el\u00e9tricos.<\/p>\n<p>Dentro do contexto de planejamento, \u00e9 importante distinguir as diferentes fases envolvidas:<\/p>\n<div>\n<p><span lang=\"EN-US\">1.\u00a0<strong>Dados da rede e do projeto:<\/strong>\u00a0\u00e9 necess\u00e1rio determinar onde localizar os pontos de recarga. Podem ser distinguidos dois tipos de recarga:<\/span><\/p>\n<\/div>\n<div>\n<p><span lang=\"EN-US\">\u2013 Recarga noturna, no dep\u00f3sito, quando o servi\u00e7o est\u00e1 parado.<\/span><\/p>\n<\/div>\n<div>\n<p><span lang=\"EN-US\">\u2013 Recarga tipo &#8220;oportunidade&#8221;, enquanto o servi\u00e7o est\u00e1 em opera\u00e7\u00e3o.<\/span><\/p>\n<\/div>\n<div>\n<p><span lang=\"EN-US\">2.\u00a0<strong>Hor\u00e1rios:<\/strong>\u00a0\u00e9 importante cobrir o servi\u00e7o considerando as diferen\u00e7as entre as linhas em rela\u00e7\u00e3o ao consumo energ\u00e9tico.<\/span><\/p>\n<\/div>\n<div>\n<p><span lang=\"EN-US\">3.<strong> Otimiza\u00e7\u00e3o dos turnos dos ve\u00edculosn:<\/strong>\u00a0\u00e9 necess\u00e1rio considerar todos os fatores envolvidos sem aumentar o n\u00famero de recursos necess\u00e1rios.<\/span><\/p>\n<\/div>\n<div>\n<p><span lang=\"EN-US\">4.\u00a0<strong> Gest\u00e3o di\u00e1ria:<\/strong>\u00a0durante a fase de gest\u00e3o, \u00e9 \u00fatil ter ferramentas de apoio \u00e0 tomada de decis\u00f5es para enfrentar os desafios di\u00e1rios e imprevistos.<\/span><\/p>\n<\/div>\n<p>&nbsp;<\/p>\n<\/div>\n<\/div>\n<\/div>\n<\/section>\n<\/div>\n<\/div>\n<div class=\"movable removable mosaic-tile mosaic-collective.themefragments.fragment-tile\" style=\"text-align: left;\">\n<div class=\"mosaic-tile-content\">\n<section id=\"fragment-sectiono\" class=\"lrblock\" data-anchor=\"anchor-\">\n<div class=\"container flex left\">\n<div class=\"half bodytext\">\n<div class=\"textsectiono textleft\">\n<div>\n<p><span lang=\"EN-US\">Refer\u00eancias globais de planejamento e gest\u00e3o de frotas com \u00f4nibus el\u00e9tricos com a MAIOR Suite:<\/span><\/p>\n<\/div>\n<div>\n<p><span lang=\"EN-US\">\u2013 Catar: <strong>1000 <\/strong>\u00f4nibus el\u00e9tricos<\/span><\/p>\n<\/div>\n<div>\n<p><span lang=\"EN-US\">\u2013 Col\u00f4mbia: mais de <strong>400<\/strong> \u00f4nibus el\u00e9tricos<\/span><\/p>\n<\/div>\n<div>\n<p>\u2013 It\u00e1lia: mais de <strong>200<\/strong> \u00f4nibus el\u00e9tricos<\/p>\n<\/div>\n<p>&nbsp;<\/p>\n<\/div>\n<\/div>\n<\/div>\n<\/section>\n<\/div>\n<\/div>\n<div class=\"textsectiono textleft\" style=\"text-align: left;\"><\/div>\n[\/vc_column_text][vc_empty_space][vc_single_image image=&#8221;2881&#8243; alignment=&#8221;center&#8221;][vc_column_text css=&#8221;.vc_custom_1742569641222{margin-top: 40px !important;}&#8221; text_align=&#8221;center&#8221;]\n<h2 class=\"h2sectiono\" style=\"text-align: left;\">Quais s\u00e3o os desafios da transi\u00e7\u00e3o energ\u00e9tica?<\/h2>\n<div class=\"textsectiono textright\" style=\"text-align: left;\">\n<div>\n<p>&nbsp;<\/p>\n<p><span lang=\"EN-US\">A transi\u00e7\u00e3o para uma frota mais sustent\u00e1vel apresenta v\u00e1rios desafios. A configura\u00e7\u00e3o e defini\u00e7\u00e3o dos par\u00e2metros da infraestrutura dos ve\u00edculos el\u00e9tricos, incluindo os <strong>perfis de consumo, a capacidade das baterias e a profundidade de descarga, s\u00e3o aspectos que precisam ser considerados<\/strong> ao planejar e gerenciar o servi\u00e7o com \u00f4nibus el\u00e9tricos.<\/span><\/p>\n<\/div>\n<div>\n<p>&nbsp;<\/p>\n<p><span lang=\"EN-US\">Entre os par\u00e2metros dos ve\u00edculos el\u00e9tricos que devem ser inclu\u00eddos na <\/span>\u00a0<strong><strong><a href=\"https:\/\/www.maior.it\/en\/evscheduling\" data-linktype=\"external\" data-val=\"https:\/\/www.maior.it\/en\/evscheduling\">Suite MAIOR para um planejamento eficiente das opera\u00e7\u00f5es dos \u00f4nibus el\u00e9tricos <\/a><\/strong><\/strong>est\u00e3o os seguintes: <strong>capacidade da bateria<\/strong>, <strong>consumo energ\u00e9tico<\/strong> (tamb\u00e9m relacionado ao territ\u00f3rio), <strong>DoD (Depth of Discharge)<\/strong> \u2013 Profundidade de Descarga: indica quanto da bateria pode ser utilizado sem comprometer sua vida \u00fatil,<strong> SoC (State of Charge)<\/strong> \u2013 Estado de Carga: crucial para o planejamento do servi\u00e7o.<\/p>\n<\/div>\n<\/div>\n<div style=\"text-align: left;\"><\/div>\n[\/vc_column_text][vc_empty_space][vc_single_image image=&#8221;2882&#8243; alignment=&#8221;center&#8221;][vc_column_text css=&#8221;.vc_custom_1742569866062{margin-top: 40px !important;}&#8221; text_align=&#8221;center&#8221;]\n<div class=\"mosaic-grid-row\">\n<div class=\"mosaic-grid-cell mosaic-width-full mosaic-position-leftmost\">\n<div class=\"movable removable mosaic-tile mosaic-collective.themefragments.fragment-tile\">\n<div class=\"mosaic-tile-content\">\n<section id=\"section_title_description\" class=\"lrblock\" title=\"Green transition: How to plan the transition from a non-electric vehicle service to an EV service?\" data-anchor=\"anchor-Green transition: How to plan the transition from a non-electric vehicle service to an EV service?\">\n<div class=\"container flex\">\n<div class=\"halftext bodytext\">\n<h2 class=\"h2sectiono\" style=\"text-align: left;\">Transi\u00e7\u00e3o ecol\u00f3gica: Como planejar a transi\u00e7\u00e3o de um servi\u00e7o de \u00f4nibus n\u00e3o el\u00e9trico para um com \u00f4nibus el\u00e9tricos?<\/h2>\n<\/div>\n<p>&nbsp;<\/p>\n<p style=\"text-align: left;\">Existem alguns aspectos importantes a serem considerados para garantir <strong>um planejamento eficaz<\/strong>:<\/p>\n<div class=\"halftext bodytext\">\n<div>\n<p style=\"text-align: left;\"><span lang=\"EN-US\">1. <strong>Avalia\u00e7\u00e3o integrada do impacto dos deslocamentos vazios nos turnos dos ve\u00edculos<\/strong>:\u00a0\u00e9 necess\u00e1rio avaliar como os deslocamentos vazios podem afetar os turnos dos ve\u00edculos el\u00e9tricos. Isso envolve considerar a disponibilidade de ve\u00edculos el\u00e9tricos para as rotas, levando em conta sua autonomia e a infraestrutura de recarga. \u00c9 importante estabelecer turnos que equilibrem esses deslocamentos vazios com a capacidade dos ve\u00edculos el\u00e9tricos para manter um n\u00edvel de carga adequado.<\/span><\/p>\n<div>\n<p style=\"text-align: left;\"><span lang=\"EN-US\">2.\u00a0<strong>Monitoramento do progresso do State of Charge (SoC):<\/strong>\u00a0o SoC representa o estado de carga das baterias dos \u00f4nibus el\u00e9tricos. \u00c9 essencial monitorar o progresso do SoC durante as viagens para garantir que os ve\u00edculos mantenham um n\u00edvel de carga adequado para concluir as viagens planejadas. Isso requer o uso de sistemas de rastreamento em tempo real para avaliar o estado de carga dos \u00f4nibus e tomar medidas corretivas, como reduzir a velocidade ou planejar uma parada para recarga, se necess\u00e1rio.<\/span><\/p>\n<div>\n<p style=\"text-align: left;\"><span lang=\"EN-US\">O planejamento das viagens dos ve\u00edculos el\u00e9tricos exige uma gest\u00e3o cuidadosa e aten\u00e7\u00e3o \u00e0 disponibilidade e autonomia dos ve\u00edculos, bem como \u00e0 gest\u00e3o da infraestrutura de recarga.<\/span><\/p>\n<div>\n<div style=\"text-align: left;\"><span lang=\"EN-US\"><strong>A MAIOR Suite<\/strong> para ve\u00edculos el\u00e9tricos \u00e9 um poderoso software para empresas de transporte p\u00fablico que desejam adotar ve\u00edculos el\u00e9tricos em sua frota, oferecendo uma solu\u00e7\u00e3o completa para planejar, otimizar e gerenciar eficazmente servi\u00e7os de transporte energeticamente eficientes, contribuindo para um futuro mais sustent\u00e1vel.<\/span><\/div>\n<\/div>\n<\/div>\n<\/div>\n<\/div>\n<\/div>\n<\/div>\n<\/section>\n<\/div>\n<\/div>\n<\/div>\n<\/div>\n[\/vc_column_text][vc_empty_space][vc_single_image image=&#8221;2883&#8243; alignment=&#8221;center&#8221;][\/vc_column][\/vc_row][vc_row el_class=&#8221;margin_top_100&#8243;][vc_column width=&#8221;1\/6&#8243;][\/vc_column][vc_column width=&#8221;2\/3&#8243;][vc_separator color=&#8221;custom&#8221; border_width=&#8221;6&#8243; el_width=&#8221;10&#8243; accent_color=&#8221;#003a69&#8243; el_class=&#8221;desktop&#8221;][vc_separator color=&#8221;custom&#8221; align=&#8221;align_left&#8221; border_width=&#8221;6&#8243; el_width=&#8221;20&#8243; accent_color=&#8221;#003a69&#8243; el_class=&#8221;mobile&#8221;][vc_column_text color=&#8221;#0071bb&#8221; font_size=&#8221;d:19px|pl:16px|pp:16px&#8221; font_family=&#8221;Montserrat&#8221; letter_spacing=&#8221;2.28px&#8221; font_weight=&#8221;600&#8243; text_transform=&#8221;uppercase&#8221; css=&#8221;.vc_custom_1742569902756{margin-top: 15px !important;}&#8221; el_class=&#8221;center_desktop&#8221;]\n<h4>Artigos relacionados<\/h4>\n[\/vc_column_text][\/vc_column][vc_column width=&#8221;1\/6&#8243;][\/vc_column][\/vc_row][vc_row el_class=&#8221;articolo_riga_correlati margin_bot_100&#8243;][vc_column width=&#8221;1\/12&#8243;][\/vc_column][vc_column width=&#8221;10\/12&#8243;][vc_basic_grid post_type=&#8221;post&#8221; max_items=&#8221;2&#8243; element_width=&#8221;6&#8243; item=&#8221;1781&#8243; grid_id=&#8221;vc_gid:1742568950761-e7e75291-532f-8&#8243; page_id=&#8221;1772&#8243; css=&#8221;.vc_custom_1691137916575{margin-top: 30px !important;}&#8221;][\/vc_column][vc_column width=&#8221;1\/12&#8243;][\/vc_column][\/vc_row][vc_row][vc_column][vc_column_text]\n[\/vc_column_text][\/vc_column][\/vc_row]\n<\/section>","protected":false},"excerpt":{"rendered":"<p>[vc_row full_width=&#8221;stretch_row&#8221; equal_height=&#8221;yes&#8221; wpex_bg_overlay=&#8221;custom&#8221; css=&#8221;.vc_custom_1693564858225{background-image: url(https:\/\/www.maior.it\/wp-content\/uploads\/2023\/09\/MAIOR-Suite-Electric-bus-fleet-management.jpeg?id=2879) !important;background-position: center !important;background-repeat: no-repeat !important;background-size: cover !important;}&#8221; el_class=&#8221;evento_riga_slide&#8221; wpex_bg_overlay_image=&#8221;1947&#8243; wpex_bg_overlay_opacity=&#8221;0.85&#8243;][vc_column width=&#8221;1\/6&#8243;][\/vc_column][vc_column width=&#8221;2\/3&#8243;][\/vc_column][vc_column width=&#8221;1\/6&#8243;][\/vc_column][\/vc_row][vc_row el_class=&#8221;articolo_riga_content&#8221;][vc_column][vc_column_text css=&#8221;.vc_custom_1742569097721{margin-top: 40px !important;}&#8221; text_align=&#8221;center&#8221;] Gest\u00e3o de \u00d4nibus El\u00e9tricos na MAIOR Suite &nbsp; Neste artigo, vamos discutir como a Suite MAIOR d\u00e1 suporte \u00e0s empresas de transporte p\u00fablico durante sua transi\u00e7\u00e3o energ\u00e9tica e como pode ajudar&hellip;<\/p>\n","protected":false},"author":2,"featured_media":27362,"comment_status":"open","ping_status":"open","sticky":false,"template":"","format":"standard","meta":{"_acf_changed":false,"inline_featured_image":false,"footnotes":""},"categories":[234],"tags":[],"post_series":[],"class_list":["post-27361","post","type-post","status-publish","format-standard","has-post-thumbnail","hentry","category-onibus-eletricos","entry","has-media"],"acf":[],"yoast_head":"<!-- This site is optimized with the Yoast SEO plugin v27.1.1 - https:\/\/yoast.com\/product\/yoast-seo-wordpress\/ -->\n<title>Gest\u00e3o de \u00d4nibus El\u00e9tricos na MAIOR Suite<\/title>\n<meta name=\"description\" content=\"Neste artigo, vamos discutir como a Suite MAIOR d\u00e1 suporte \u00e0s empresas de transporte p\u00fablico durante sua transi\u00e7\u00e3o energ\u00e9tica e como pode ajudar a planejar e otimizar seu servi\u00e7o utilizando \u00f4nibus el\u00e9tricos.\" \/>\n<meta name=\"robots\" content=\"index, follow, max-snippet:-1, max-image-preview:large, max-video-preview:-1\" \/>\n<link rel=\"canonical\" href=\"https:\/\/www.maior.it\/pt\/gestao-de-onibus-eletricos-na-maior-suite\/\" \/>\n<meta property=\"og:locale\" content=\"pt_PT\" \/>\n<meta property=\"og:type\" content=\"article\" \/>\n<meta property=\"og:title\" content=\"Gest\u00e3o de \u00d4nibus El\u00e9tricos na MAIOR Suite\" \/>\n<meta property=\"og:description\" content=\"Neste artigo, vamos discutir como a Suite MAIOR d\u00e1 suporte \u00e0s empresas de transporte p\u00fablico durante sua transi\u00e7\u00e3o energ\u00e9tica e como pode ajudar a planejar e otimizar seu servi\u00e7o utilizando \u00f4nibus el\u00e9tricos.\" \/>\n<meta property=\"og:url\" content=\"https:\/\/www.maior.it\/pt\/gestao-de-onibus-eletricos-na-maior-suite\/\" \/>\n<meta property=\"og:site_name\" content=\"MAIOR\" \/>\n<meta property=\"article:published_time\" content=\"2023-07-01T10:46:02+00:00\" \/>\n<meta property=\"article:modified_time\" content=\"2025-08-13T13:50:26+00:00\" \/>\n<meta property=\"og:image\" content=\"https:\/\/www.maior.it\/wp-content\/uploads\/2023\/09\/ELECTRIC-BUS-FLEET-MANAGEMENT-WITH-THE-MAIOR-SUITE.jpeg\" \/>\n\t<meta property=\"og:image:width\" content=\"553\" \/>\n\t<meta property=\"og:image:height\" content=\"301\" \/>\n\t<meta property=\"og:image:type\" content=\"image\/jpeg\" \/>\n<meta name=\"author\" content=\"mentarossa\" \/>\n<meta name=\"twitter:card\" content=\"summary_large_image\" \/>\n<meta name=\"twitter:label1\" content=\"Written by\" \/>\n\t<meta name=\"twitter:data1\" content=\"mentarossa\" \/>\n\t<meta name=\"twitter:label2\" content=\"Est. reading time\" \/>\n\t<meta name=\"twitter:data2\" content=\"4 minutos\" \/>\n<script type=\"application\/ld+json\" class=\"yoast-schema-graph\">{\"@context\":\"https:\/\/schema.org\",\"@graph\":[{\"@type\":\"Article\",\"@id\":\"https:\/\/www.maior.it\/pt\/gestao-de-onibus-eletricos-na-maior-suite\/#article\",\"isPartOf\":{\"@id\":\"https:\/\/www.maior.it\/pt\/gestao-de-onibus-eletricos-na-maior-suite\/\"},\"author\":{\"name\":\"mentarossa\",\"@id\":\"https:\/\/www.maior.it\/#\/schema\/person\/86c8a8dfd1855850685b62611a92b0ae\"},\"headline\":\"Gest\u00e3o de \u00d4nibus El\u00e9tricos na MAIOR Suite\",\"datePublished\":\"2023-07-01T10:46:02+00:00\",\"dateModified\":\"2025-08-13T13:50:26+00:00\",\"mainEntityOfPage\":{\"@id\":\"https:\/\/www.maior.it\/pt\/gestao-de-onibus-eletricos-na-maior-suite\/\"},\"wordCount\":1147,\"commentCount\":0,\"publisher\":{\"@id\":\"https:\/\/www.maior.it\/#organization\"},\"image\":{\"@id\":\"https:\/\/www.maior.it\/pt\/gestao-de-onibus-eletricos-na-maior-suite\/#primaryimage\"},\"thumbnailUrl\":\"https:\/\/www.maior.it\/wp-content\/uploads\/2023\/09\/ELECTRIC-BUS-FLEET-MANAGEMENT-WITH-THE-MAIOR-SUITE.jpeg\",\"articleSection\":[\"\u00d4nibus el\u00e9tricos\"],\"inLanguage\":\"pt-AO\"},{\"@type\":\"WebPage\",\"@id\":\"https:\/\/www.maior.it\/pt\/gestao-de-onibus-eletricos-na-maior-suite\/\",\"url\":\"https:\/\/www.maior.it\/pt\/gestao-de-onibus-eletricos-na-maior-suite\/\",\"name\":\"Gest\u00e3o de \u00d4nibus El\u00e9tricos na MAIOR Suite\",\"isPartOf\":{\"@id\":\"https:\/\/www.maior.it\/#website\"},\"primaryImageOfPage\":{\"@id\":\"https:\/\/www.maior.it\/pt\/gestao-de-onibus-eletricos-na-maior-suite\/#primaryimage\"},\"image\":{\"@id\":\"https:\/\/www.maior.it\/pt\/gestao-de-onibus-eletricos-na-maior-suite\/#primaryimage\"},\"thumbnailUrl\":\"https:\/\/www.maior.it\/wp-content\/uploads\/2023\/09\/ELECTRIC-BUS-FLEET-MANAGEMENT-WITH-THE-MAIOR-SUITE.jpeg\",\"datePublished\":\"2023-07-01T10:46:02+00:00\",\"dateModified\":\"2025-08-13T13:50:26+00:00\",\"description\":\"Neste artigo, vamos discutir como a Suite MAIOR d\u00e1 suporte \u00e0s empresas de transporte p\u00fablico durante sua transi\u00e7\u00e3o energ\u00e9tica e como pode ajudar a planejar e otimizar seu servi\u00e7o utilizando \u00f4nibus el\u00e9tricos.\",\"breadcrumb\":{\"@id\":\"https:\/\/www.maior.it\/pt\/gestao-de-onibus-eletricos-na-maior-suite\/#breadcrumb\"},\"inLanguage\":\"pt-AO\",\"potentialAction\":[{\"@type\":\"ReadAction\",\"target\":[\"https:\/\/www.maior.it\/pt\/gestao-de-onibus-eletricos-na-maior-suite\/\"]}]},{\"@type\":\"ImageObject\",\"inLanguage\":\"pt-AO\",\"@id\":\"https:\/\/www.maior.it\/pt\/gestao-de-onibus-eletricos-na-maior-suite\/#primaryimage\",\"url\":\"https:\/\/www.maior.it\/wp-content\/uploads\/2023\/09\/ELECTRIC-BUS-FLEET-MANAGEMENT-WITH-THE-MAIOR-SUITE.jpeg\",\"contentUrl\":\"https:\/\/www.maior.it\/wp-content\/uploads\/2023\/09\/ELECTRIC-BUS-FLEET-MANAGEMENT-WITH-THE-MAIOR-SUITE.jpeg\",\"width\":553,\"height\":301,\"caption\":\"Gest\u00e3o de \u00d4nibus El\u00e9tricos na MAIOR Suite\"},{\"@type\":\"BreadcrumbList\",\"@id\":\"https:\/\/www.maior.it\/pt\/gestao-de-onibus-eletricos-na-maior-suite\/#breadcrumb\",\"itemListElement\":[{\"@type\":\"ListItem\",\"position\":1,\"name\":\"Home\",\"item\":\"https:\/\/www.maior.it\/pt\/\"},{\"@type\":\"ListItem\",\"position\":2,\"name\":\"Gest\u00e3o de \u00d4nibus El\u00e9tricos na MAIOR Suite\"}]},{\"@type\":\"WebSite\",\"@id\":\"https:\/\/www.maior.it\/#website\",\"url\":\"https:\/\/www.maior.it\/\",\"name\":\"MAIOR\",\"description\":\"\",\"publisher\":{\"@id\":\"https:\/\/www.maior.it\/#organization\"},\"potentialAction\":[{\"@type\":\"SearchAction\",\"target\":{\"@type\":\"EntryPoint\",\"urlTemplate\":\"https:\/\/www.maior.it\/?s={search_term_string}\"},\"query-input\":{\"@type\":\"PropertyValueSpecification\",\"valueRequired\":true,\"valueName\":\"search_term_string\"}}],\"inLanguage\":\"pt-AO\"},{\"@type\":\"Organization\",\"@id\":\"https:\/\/www.maior.it\/#organization\",\"name\":\"MAIOR\",\"url\":\"https:\/\/www.maior.it\/\",\"logo\":{\"@type\":\"ImageObject\",\"inLanguage\":\"pt-AO\",\"@id\":\"https:\/\/www.maior.it\/#\/schema\/logo\/image\/\",\"url\":\"https:\/\/www.maior.it\/wp-content\/uploads\/2023\/08\/maior-favicon.jpg\",\"contentUrl\":\"https:\/\/www.maior.it\/wp-content\/uploads\/2023\/08\/maior-favicon.jpg\",\"width\":48,\"height\":48,\"caption\":\"MAIOR\"},\"image\":{\"@id\":\"https:\/\/www.maior.it\/#\/schema\/logo\/image\/\"},\"sameAs\":[\"https:\/\/www.instagram.com\/maior.it\",\"https:\/\/www.linkedin.com\/company\/m-a-i-o-r-\/\"]},{\"@type\":\"Person\",\"@id\":\"https:\/\/www.maior.it\/#\/schema\/person\/86c8a8dfd1855850685b62611a92b0ae\",\"name\":\"mentarossa\",\"image\":{\"@type\":\"ImageObject\",\"inLanguage\":\"pt-AO\",\"@id\":\"https:\/\/www.maior.it\/#\/schema\/person\/image\/\",\"url\":\"https:\/\/secure.gravatar.com\/avatar\/989259148a9f4e461636de4e7fedd396cf3809275930008cb654afa2eef469ba?s=96&d=mm&r=g\",\"contentUrl\":\"https:\/\/secure.gravatar.com\/avatar\/989259148a9f4e461636de4e7fedd396cf3809275930008cb654afa2eef469ba?s=96&d=mm&r=g\",\"caption\":\"mentarossa\"},\"url\":\"https:\/\/www.maior.it\/pt\/author\/mentarossa\/\"}]}<\/script>\n<!-- \/ Yoast SEO plugin. -->","yoast_head_json":{"title":"Gest\u00e3o de \u00d4nibus El\u00e9tricos na MAIOR Suite","description":"Neste artigo, vamos discutir como a Suite MAIOR d\u00e1 suporte \u00e0s empresas de transporte p\u00fablico durante sua transi\u00e7\u00e3o energ\u00e9tica e como pode ajudar a planejar e otimizar seu servi\u00e7o utilizando \u00f4nibus el\u00e9tricos.","robots":{"index":"index","follow":"follow","max-snippet":"max-snippet:-1","max-image-preview":"max-image-preview:large","max-video-preview":"max-video-preview:-1"},"canonical":"https:\/\/www.maior.it\/pt\/gestao-de-onibus-eletricos-na-maior-suite\/","og_locale":"pt_PT","og_type":"article","og_title":"Gest\u00e3o de \u00d4nibus El\u00e9tricos na MAIOR Suite","og_description":"Neste artigo, vamos discutir como a Suite MAIOR d\u00e1 suporte \u00e0s empresas de transporte p\u00fablico durante sua transi\u00e7\u00e3o energ\u00e9tica e como pode ajudar a planejar e otimizar seu servi\u00e7o utilizando \u00f4nibus el\u00e9tricos.","og_url":"https:\/\/www.maior.it\/pt\/gestao-de-onibus-eletricos-na-maior-suite\/","og_site_name":"MAIOR","article_published_time":"2023-07-01T10:46:02+00:00","article_modified_time":"2025-08-13T13:50:26+00:00","og_image":[{"width":553,"height":301,"url":"https:\/\/www.maior.it\/wp-content\/uploads\/2023\/09\/ELECTRIC-BUS-FLEET-MANAGEMENT-WITH-THE-MAIOR-SUITE.jpeg","type":"image\/jpeg"}],"author":"mentarossa","twitter_card":"summary_large_image","twitter_misc":{"Written by":"mentarossa","Est. reading time":"4 minutos"},"schema":{"@context":"https:\/\/schema.org","@graph":[{"@type":"Article","@id":"https:\/\/www.maior.it\/pt\/gestao-de-onibus-eletricos-na-maior-suite\/#article","isPartOf":{"@id":"https:\/\/www.maior.it\/pt\/gestao-de-onibus-eletricos-na-maior-suite\/"},"author":{"name":"mentarossa","@id":"https:\/\/www.maior.it\/#\/schema\/person\/86c8a8dfd1855850685b62611a92b0ae"},"headline":"Gest\u00e3o de \u00d4nibus El\u00e9tricos na MAIOR Suite","datePublished":"2023-07-01T10:46:02+00:00","dateModified":"2025-08-13T13:50:26+00:00","mainEntityOfPage":{"@id":"https:\/\/www.maior.it\/pt\/gestao-de-onibus-eletricos-na-maior-suite\/"},"wordCount":1147,"commentCount":0,"publisher":{"@id":"https:\/\/www.maior.it\/#organization"},"image":{"@id":"https:\/\/www.maior.it\/pt\/gestao-de-onibus-eletricos-na-maior-suite\/#primaryimage"},"thumbnailUrl":"https:\/\/www.maior.it\/wp-content\/uploads\/2023\/09\/ELECTRIC-BUS-FLEET-MANAGEMENT-WITH-THE-MAIOR-SUITE.jpeg","articleSection":["\u00d4nibus el\u00e9tricos"],"inLanguage":"pt-AO"},{"@type":"WebPage","@id":"https:\/\/www.maior.it\/pt\/gestao-de-onibus-eletricos-na-maior-suite\/","url":"https:\/\/www.maior.it\/pt\/gestao-de-onibus-eletricos-na-maior-suite\/","name":"Gest\u00e3o de \u00d4nibus El\u00e9tricos na MAIOR Suite","isPartOf":{"@id":"https:\/\/www.maior.it\/#website"},"primaryImageOfPage":{"@id":"https:\/\/www.maior.it\/pt\/gestao-de-onibus-eletricos-na-maior-suite\/#primaryimage"},"image":{"@id":"https:\/\/www.maior.it\/pt\/gestao-de-onibus-eletricos-na-maior-suite\/#primaryimage"},"thumbnailUrl":"https:\/\/www.maior.it\/wp-content\/uploads\/2023\/09\/ELECTRIC-BUS-FLEET-MANAGEMENT-WITH-THE-MAIOR-SUITE.jpeg","datePublished":"2023-07-01T10:46:02+00:00","dateModified":"2025-08-13T13:50:26+00:00","description":"Neste artigo, vamos discutir como a Suite MAIOR d\u00e1 suporte \u00e0s empresas de transporte p\u00fablico durante sua transi\u00e7\u00e3o energ\u00e9tica e como pode ajudar a planejar e otimizar seu servi\u00e7o utilizando \u00f4nibus el\u00e9tricos.","breadcrumb":{"@id":"https:\/\/www.maior.it\/pt\/gestao-de-onibus-eletricos-na-maior-suite\/#breadcrumb"},"inLanguage":"pt-AO","potentialAction":[{"@type":"ReadAction","target":["https:\/\/www.maior.it\/pt\/gestao-de-onibus-eletricos-na-maior-suite\/"]}]},{"@type":"ImageObject","inLanguage":"pt-AO","@id":"https:\/\/www.maior.it\/pt\/gestao-de-onibus-eletricos-na-maior-suite\/#primaryimage","url":"https:\/\/www.maior.it\/wp-content\/uploads\/2023\/09\/ELECTRIC-BUS-FLEET-MANAGEMENT-WITH-THE-MAIOR-SUITE.jpeg","contentUrl":"https:\/\/www.maior.it\/wp-content\/uploads\/2023\/09\/ELECTRIC-BUS-FLEET-MANAGEMENT-WITH-THE-MAIOR-SUITE.jpeg","width":553,"height":301,"caption":"Gest\u00e3o de \u00d4nibus El\u00e9tricos na MAIOR Suite"},{"@type":"BreadcrumbList","@id":"https:\/\/www.maior.it\/pt\/gestao-de-onibus-eletricos-na-maior-suite\/#breadcrumb","itemListElement":[{"@type":"ListItem","position":1,"name":"Home","item":"https:\/\/www.maior.it\/pt\/"},{"@type":"ListItem","position":2,"name":"Gest\u00e3o de \u00d4nibus El\u00e9tricos na MAIOR Suite"}]},{"@type":"WebSite","@id":"https:\/\/www.maior.it\/#website","url":"https:\/\/www.maior.it\/","name":"MAIOR","description":"","publisher":{"@id":"https:\/\/www.maior.it\/#organization"},"potentialAction":[{"@type":"SearchAction","target":{"@type":"EntryPoint","urlTemplate":"https:\/\/www.maior.it\/?s={search_term_string}"},"query-input":{"@type":"PropertyValueSpecification","valueRequired":true,"valueName":"search_term_string"}}],"inLanguage":"pt-AO"},{"@type":"Organization","@id":"https:\/\/www.maior.it\/#organization","name":"MAIOR","url":"https:\/\/www.maior.it\/","logo":{"@type":"ImageObject","inLanguage":"pt-AO","@id":"https:\/\/www.maior.it\/#\/schema\/logo\/image\/","url":"https:\/\/www.maior.it\/wp-content\/uploads\/2023\/08\/maior-favicon.jpg","contentUrl":"https:\/\/www.maior.it\/wp-content\/uploads\/2023\/08\/maior-favicon.jpg","width":48,"height":48,"caption":"MAIOR"},"image":{"@id":"https:\/\/www.maior.it\/#\/schema\/logo\/image\/"},"sameAs":["https:\/\/www.instagram.com\/maior.it","https:\/\/www.linkedin.com\/company\/m-a-i-o-r-\/"]},{"@type":"Person","@id":"https:\/\/www.maior.it\/#\/schema\/person\/86c8a8dfd1855850685b62611a92b0ae","name":"mentarossa","image":{"@type":"ImageObject","inLanguage":"pt-AO","@id":"https:\/\/www.maior.it\/#\/schema\/person\/image\/","url":"https:\/\/secure.gravatar.com\/avatar\/989259148a9f4e461636de4e7fedd396cf3809275930008cb654afa2eef469ba?s=96&d=mm&r=g","contentUrl":"https:\/\/secure.gravatar.com\/avatar\/989259148a9f4e461636de4e7fedd396cf3809275930008cb654afa2eef469ba?s=96&d=mm&r=g","caption":"mentarossa"},"url":"https:\/\/www.maior.it\/pt\/author\/mentarossa\/"}]}},"_links":{"self":[{"href":"https:\/\/www.maior.it\/pt\/wp-json\/wp\/v2\/posts\/27361","targetHints":{"allow":["GET"]}}],"collection":[{"href":"https:\/\/www.maior.it\/pt\/wp-json\/wp\/v2\/posts"}],"about":[{"href":"https:\/\/www.maior.it\/pt\/wp-json\/wp\/v2\/types\/post"}],"author":[{"embeddable":true,"href":"https:\/\/www.maior.it\/pt\/wp-json\/wp\/v2\/users\/2"}],"replies":[{"embeddable":true,"href":"https:\/\/www.maior.it\/pt\/wp-json\/wp\/v2\/comments?post=27361"}],"version-history":[{"count":1,"href":"https:\/\/www.maior.it\/pt\/wp-json\/wp\/v2\/posts\/27361\/revisions"}],"predecessor-version":[{"id":27368,"href":"https:\/\/www.maior.it\/pt\/wp-json\/wp\/v2\/posts\/27361\/revisions\/27368"}],"wp:featuredmedia":[{"embeddable":true,"href":"https:\/\/www.maior.it\/pt\/wp-json\/wp\/v2\/media\/27362"}],"wp:attachment":[{"href":"https:\/\/www.maior.it\/pt\/wp-json\/wp\/v2\/media?parent=27361"}],"wp:term":[{"taxonomy":"category","embeddable":true,"href":"https:\/\/www.maior.it\/pt\/wp-json\/wp\/v2\/categories?post=27361"},{"taxonomy":"post_tag","embeddable":true,"href":"https:\/\/www.maior.it\/pt\/wp-json\/wp\/v2\/tags?post=27361"},{"taxonomy":"post_series","embeddable":true,"href":"https:\/\/www.maior.it\/pt\/wp-json\/wp\/v2\/post_series?post=27361"}],"curies":[{"name":"wp","href":"https:\/\/api.w.org\/{rel}","templated":true}]}}