{"id":14421,"date":"2021-07-01T10:35:47","date_gmt":"2021-07-01T08:35:47","guid":{"rendered":"https:\/\/www.maior.it\/an-interview-with-our-ceo\/"},"modified":"2024-04-29T09:47:45","modified_gmt":"2024-04-29T07:47:45","slug":"due-chiacchere-con-nostro-a-d","status":"publish","type":"post","link":"https:\/\/www.maior.it\/it\/due-chiacchere-con-nostro-a-d\/","title":{"rendered":"Due chiacchere con il nostro A.D."},"content":{"rendered":"<section class=\"wpb-content-wrapper\">[vc_row full_width=&#8221;stretch_row&#8221; equal_height=&#8221;yes&#8221; wpex_bg_overlay=&#8221;custom&#8221; css=&#8221;.vc_custom_1693558013074{background-image: url(https:\/\/www.maior.it\/wp-content\/uploads\/2023\/09\/Leopoldo-Girardi.jpeg?id=2725) !important;background-position: center !important;background-repeat: no-repeat !important;background-size: cover !important;}&#8221; el_class=&#8221;evento_riga_slide&#8221; wpex_bg_overlay_image=&#8221;1947&#8243; wpex_bg_overlay_opacity=&#8221;0.85&#8243;][vc_column width=&#8221;1\/6&#8243;][\/vc_column][vc_column width=&#8221;2\/3&#8243;]<nav class=\"vcex-breadcrumbs vcex-breadcrumbs--links-inherit-color vcex-breadcrumbs--custom-color center_desktop bread\" style=\"color:#b9d6f4;--vcex-breadcrumbs-sep-color:#b9d6f4;font-size:14px;font-family:&#039;Inter&#039;,sans-serif;line-height:140%;\"><span><span><a href=\"https:\/\/www.maior.it\/it\/\">Home<\/a><\/span><\/span><\/nav><div class=\"vcex-module vcex-page-title center_desktop evento_riga_slide_titolo desktop\"><h2 class=\"wpex-heading vcex-page-title__heading wpex-text-3xl\" style=\"color:#ffffff;\"><span class=\"vcex-page-title__text\">Due chiacchere con il nostro A.D.<\/span><\/h2><\/div>[\/vc_column][vc_column width=&#8221;1\/6&#8243;][\/vc_column][\/vc_row][vc_row el_class=&#8221;articolo_riga_content&#8221;][vc_column][vc_column_text css=&#8221;.vc_custom_1710496679226{margin-top: 40px !important;}&#8221; text_align=&#8221;left&#8221;]\n<div class=\"mosaic-grid-row\">\n<div class=\"mosaic-grid-cell mosaic-width-full mosaic-position-leftmost\">\n<div class=\"movable removable mosaic-tile mosaic-collective.themefragments.fragment-tile\">\n<div class=\"mosaic-tile-content\">\n<section id=\"section_title_description\" class=\"lrblock\" title=\"An Interview with our CEO\" data-anchor=\"anchor-An Interview with our CEO\">\n<div class=\"container flex\">\n<div class=\"halftext bodytext\">\n<div class=\"mosaic-grid-row\">\n<div class=\"mosaic-grid-cell mosaic-width-full mosaic-position-leftmost\">\n<div class=\"movable removable mosaic-tile mosaic-collective.themefragments.fragment-tile\">\n<div class=\"mosaic-tile-content\">\n<section id=\"section_title_description\" class=\"lrblock\" title=\"Due chiacchiere con il nostro A.D.\" data-anchor=\"anchor-Due chiacchiere con il nostro A.D.\">\n<div class=\"container flex\">\n<div class=\"halftext bodytext\">\n<h2 class=\"h2sectiono\" style=\"text-align: left;\">Due chiacchiere con il nostro A.D.<\/h2>\n<div class=\"textsectiono textleft\" style=\"text-align: left;\">\n<p><strong>Leopoldo Girardi \u00e8 l\u2019Amministratore Delegato di MAIOR.<\/strong>\u00a0In azienda fin dalle sue origini, ha seguito da vicino le vicissitudini che hanno portato MAIOR a diventare una realt\u00e0 leader a livello nazionale e in seguito a ritagliarsi uno spazio anche a livello internazionale.<\/p>\n<p>In questa intervista Leopoldo ci racconta la nascita di MAIOR, chi \u00e8 oggi MAIOR e spiega quali sono gli elementi che la rendono unica, descrive inoltre l\u2019importanza delle attivit\u00e0 di\u00a0<strong>R&amp;D<\/strong>\u00a0e dei\u00a0<strong>rapporti con il mondo accademico<\/strong>, e\u00a0ipotizza\u00a0le\u00a0<strong>sfide<\/strong>\u00a0<strong>che si profilano all\u2019orizzonte.<\/strong><\/p>\n<p>&nbsp;<\/p>\n<\/div>\n<\/div>\n<\/div>\n<\/section>\n<\/div>\n<\/div>\n<\/div>\n<\/div>\n<div class=\"mosaic-grid-row\" style=\"text-align: left;\">\n<div class=\"mosaic-grid-cell mosaic-width-full mosaic-position-leftmost\">\n<div class=\"movable removable mosaic-tile mosaic-collective.themefragments.fragment-tile\">\n<div class=\"mosaic-tile-content\">\n<section id=\"section_title_description\" class=\"lrblock\" title=\"Com\u2019\u00e8 nata MAIOR?\" data-anchor=\"anchor-Com\u2019\u00e8 nata MAIOR?\">\n<div class=\"container flex\">\n<div class=\"halftext bodytext\">\n<h2 class=\"h2sectiono\">Com\u2019\u00e8 nata MAIOR?<\/h2>\n<p>&nbsp;<\/p>\n<div class=\"textsectiono textleft\">\n<p>MAIOR nasce alla fine degli anni 80 come una sorta di\u00a0<strong>spin-off<\/strong>,ante litteram, dell\u2019<strong>Universit\u00e0 di Pisa,<\/strong>\u00a0quando un piccolo gruppo di docenti e neo-laureati dell\u2019ateneo pisano inizi\u00f2 a focalizzare le proprie attivit\u00e0 sulla\u00a0<strong>ricerca operativa<\/strong>. Angelo Davini e poi Antonella Albano ed io, ci eravamo laureati da poco con il\u00a0<strong>Professor Paolo Carraresi<\/strong>, ad accomunarci era la passione per la\u00a0<strong>ricerca operativa<\/strong>\u00a0e per lo sviluppo di\u00a0<strong>modelli matematici<\/strong>\u00a0e\u00a0<strong>algoritmi di ottimizzazione<\/strong>.<\/p>\n<p>La storia di MAIOR comincia con un gruppo di amici motivati dalla volont\u00e0 di creare qualcosa insieme.<\/p>\n<\/div>\n<\/div>\n<p>&nbsp;<\/p>\n<\/div>\n<\/section>\n<\/div>\n<\/div>\n<\/div>\n<\/div>\n<div class=\"mosaic-grid-row\">\n<div class=\"mosaic-grid-cell mosaic-width-full mosaic-position-leftmost\">\n<div class=\"movable removable mosaic-tile mosaic-collective.themefragments.fragment-tile\">\n<div class=\"mosaic-tile-content\">\n<section id=\"fragment-sectiono\" class=\"lrblock\" title=\"Cosa significa l\u2019acronimo?\" data-anchor=\"anchor-Cosa significa l\u2019acronimo?\">\n<div class=\"container flex right\">\n<div class=\"half bodytext\">\n<h2 class=\"h2sectiono\" style=\"text-align: left;\">Cosa significa l\u2019acronimo?<\/h2>\n<div class=\"textsectiono textright\">\n<p style=\"text-align: left;\">L\u2019acronimo<strong>\u00a0\u2018M.A.I.O.R.\u2019\u00a0<\/strong>significa Management, Artificial Intelligence and Operations Research.<\/p>\n<p style=\"text-align: left;\">L\u2019<strong>Operations Research<\/strong>\u00a0era il cuore, ma gi\u00e0 all\u2019epoca si facevano i primi esperimenti con l\u2019AI, compatibilmente con le possibilit\u00e0 offerte dai computer di allora. La M era riferita all\u2019opportunit\u00e0 di fornire\u00a0<strong>strumenti di gestione<\/strong>\u00a0soprattutto alle\u00a0<strong>aziende di trasporto<\/strong>, ma non solo. L\u2019idea iniziale era quella di allargarci anche su altri mercati. In realt\u00e0 siamo cresciuti principalmente nel\u00a0<strong>mondo del trasporto pubblico<\/strong>, iniziando dagli\u00a0<strong>autobus<\/strong>, poi con le\u00a0<strong>compagnie aeree<\/strong>\u00a0e con il\u00a0<strong>trasporto su rotaia<\/strong>.<\/p>\n<\/div>\n<\/div>\n<\/div>\n<\/section>\n<\/div>\n<\/div>\n<\/div>\n<\/div>\n<\/div>\n<\/div>\n<\/section>\n<\/div>\n<\/div>\n<\/div>\n<\/div>\n<div class=\"mosaic-grid-row\">\n<div class=\"mosaic-grid-cell mosaic-width-full mosaic-position-leftmost\">\n<div class=\"movable removable mosaic-tile mosaic-collective.themefragments.fragment-tile\">\n<div class=\"mosaic-tile-content\">\n<section id=\"fragment-sectiono\" class=\"lrblock\" title=\"What does the acronym mean?\" data-anchor=\"anchor-What does the acronym mean?\">\n<div class=\"container flex right\">\n<div class=\"half bodytext\">\n<div class=\"textsectiono textright\">\n<p>&nbsp;<\/p>\n<\/div>\n<\/div>\n<\/div>\n<\/section>\n<\/div>\n<\/div>\n<\/div>\n<\/div>\n[\/vc_column_text][vc_empty_space][vc_single_image image=&#8221;2697&#8243; alignment=&#8221;center&#8221;][vc_column_text css=&#8221;.vc_custom_1710496699489{margin-top: 40px !important;}&#8221; text_align=&#8221;left&#8221;]\n<div class=\"movable removable mosaic-tile mosaic-collective.themefragments.fragment-tile\">\n<div class=\"mosaic-tile-content\">\n<section id=\"section_title_description\" class=\"lrblock\" title=\"What is the difference between Artificial Intelligence and Operations Research?\" data-anchor=\"anchor-What is the difference between Artificial Intelligence and Operations Research?\">\n<div class=\"container flex\">\n<div class=\"halftext bodytext\">\n<div class=\"movable removable mosaic-tile mosaic-collective.themefragments.fragment-tile\">\n<div class=\"mosaic-tile-content\">\n<section id=\"section_title_description\" class=\"lrblock\" title=\"Che differenza c\u2019\u00e8 tra Artificial Intelligence e Operations Research?\" data-anchor=\"anchor-Che differenza c\u2019\u00e8 tra Artificial Intelligence e Operations Research?\">\n<div class=\"container flex\">\n<div class=\"halftext bodytext\">\n<h2 class=\"h2sectiono\" style=\"text-align: left;\">Che differenza c\u2019\u00e8 tra Artificial Intelligence e Operations Research?<\/h2>\n<div class=\"textsectiono textleft\" style=\"text-align: left;\">\n<p>MAIOR \u00e8 nata con AI e OR ma si \u00e8 sviluppata soprattutto con l\u2019<strong>Operations Research<\/strong>. Quando devo descrivere la differenza tra le due tecnologie mi piace sempre citare una frase pronunciata dal\u00a0<strong>Professor<\/strong>\u00a0<strong>Antonio Frangioni<\/strong>\u00a0del Dipartimento di Informatica dell\u2019Universit\u00e0 di Pisa: \u201cl\u2019AI fa quello che tu ti aspetti, OR fa quello che tu gli chiedi\u201d.<\/p>\n<\/div>\n<\/div>\n<\/div>\n<\/section>\n<\/div>\n<\/div>\n<div class=\"movable removable mosaic-tile mosaic-collective.themefragments.fragment-tile\">\n<div class=\"mosaic-tile-content\">\n<section id=\"fragment-sectiono\" class=\"lrblock\" data-anchor=\"anchor-\">\n<div class=\"container flex left\">\n<div class=\"half bodytext\">\n<div class=\"textsectiono textleft\">\n<p style=\"text-align: left;\">Questo perch\u00e9 l\u2019<strong>Intelligenza Artificiale<\/strong>, nonostante il nome, ha poco di creativo. \u00c8 un sistema che cerca di replicare in modo \u201cmeccanico\u201d quello che farebbe una persona; riesce a sorprenderti per quanto ti somiglia, non per la qualit\u00e0 della soluzione che trova. La\u00a0<strong>ricerca operativa<\/strong>\u00a0invece \u00e8 in grado di trovare\u00a0<strong>soluzioni inaspettate<\/strong>, che rispondono esattamente a quello per cui l\u2019hai interpellata.<\/p>\n<p style=\"text-align: left;\">Oggi l\u2019AI \u00e8 utile soprattutto per facilitare il\u00a0<strong>lavoro quotidiano<\/strong>, rendendolo meno ripetitivo attraverso il suggerimento di piccole soluzioni. La ricerca operativa \u00e8 ancora da preferire quando hai un\u00a0<strong>problema molto complicato<\/strong>\u00a0e vuoi trovare la\u00a0<strong>soluzione perfetta<\/strong>.<\/p>\n<\/div>\n<\/div>\n<\/div>\n<\/section>\n<\/div>\n<\/div>\n<\/div>\n<\/div>\n<\/section>\n<\/div>\n<\/div>\n[\/vc_column_text][vc_empty_space][vc_single_image image=&#8221;2700&#8243; alignment=&#8221;center&#8221;][vc_column_text css=&#8221;.vc_custom_1710496724489{margin-top: 40px !important;}&#8221; text_align=&#8221;left&#8221;]\n<div class=\"movable removable mosaic-tile mosaic-collective.themefragments.fragment-tile\">\n<div class=\"mosaic-tile-content\">\n<section id=\"section_title_description\" class=\"lrblock\" title=\"What are the main cultural elements in MAIOR?\" data-anchor=\"anchor-What are the main cultural elements in MAIOR?\">\n<div class=\"container flex\">\n<div class=\"halftext bodytext\">\n<div class=\"movable removable mosaic-tile mosaic-collective.themefragments.fragment-tile\">\n<div class=\"mosaic-tile-content\">\n<section id=\"section_title_description\" class=\"lrblock\" title=\"Quali sono gli elementi che ispirano la cultura aziendale di M.A.I.O.R.?\" data-anchor=\"anchor-Quali sono gli elementi che ispirano la cultura aziendale di M.A.I.O.R.?\">\n<div class=\"container flex\">\n<div class=\"halftext bodytext\">\n<h2 class=\"h2sectiono\" style=\"text-align: left;\">Quali sono gli elementi che ispirano la cultura aziendale di M.A.I.O.R.?<\/h2>\n<div class=\"textsectiono textleft\" style=\"text-align: left;\">\n<p>Sono convinto che MAIOR porti un po\u2019 di Italia all\u2019estero:\u00a0<strong>la versatilit\u00e0, la creativit\u00e0 e la capacit\u00e0 di affrontare i problemi in maniera diversa<\/strong>.<\/p>\n<\/div>\n<\/div>\n<\/div>\n<\/section>\n<\/div>\n<\/div>\n<div class=\"movable removable mosaic-tile mosaic-collective.themefragments.fragment-tile\">\n<div class=\"mosaic-tile-content\">\n<section id=\"fragment-sectiono\" class=\"lrblock\" data-anchor=\"anchor-\">\n<div class=\"container flex left\">\n<div class=\"half bodytext\">\n<div class=\"textsectiono textleft\">\n<p style=\"text-align: left;\"><strong>Abbiamo la consapevolezza di aver sviluppato un software importante e molto ben strutturato,<\/strong>\u00a0frutto di anni di lavoro e di ricerca; quel software tuttavia esiste e funziona solo grazie alla componente umana, intesa come il nostro personale, partner e clienti.<\/p>\n<p style=\"text-align: left;\">Il nostro \u00e8 un mercato di nicchia e ogni cliente ha la sua storia e specificit\u00e0 che vuole mantenere, in questo senso\u00a0<strong>l\u2019attenzione di MAIOR verso esigenze particolari \u00e8 costante e prioritaria<\/strong>.<\/p>\n<\/div>\n<\/div>\n<\/div>\n<\/section>\n<\/div>\n<\/div>\n<\/div>\n<\/div>\n<\/section>\n<\/div>\n<\/div>\n<div class=\"movable removable mosaic-tile mosaic-collective.themefragments.fragment-tile\">\n<div class=\"mosaic-tile-content\">\n<section id=\"fragment-sectiono\" class=\"lrblock\" data-anchor=\"anchor-\">\n<div class=\"container flex left\">\n<div class=\"half bodytext\">\n<div class=\"textsectiono textleft\">\n<p>&nbsp;<\/p>\n<\/div>\n<\/div>\n<\/div>\n<\/section>\n<\/div>\n<\/div>\n[\/vc_column_text][vc_empty_space][vc_single_image image=&#8221;2701&#8243; alignment=&#8221;center&#8221;][vc_column_text css=&#8221;.vc_custom_1710496740929{margin-top: 40px !important;}&#8221; text_align=&#8221;left&#8221;]\n<div class=\"movable removable mosaic-tile mosaic-collective.themefragments.fragment-tile\">\n<div class=\"mosaic-tile-content\">\n<section id=\"section_title_description\" class=\"lrblock\" title=\"What are the main cultural elements in MAIOR?\" data-anchor=\"anchor-What are the main cultural elements in MAIOR?\">\n<div class=\"container flex\">\n<div class=\"halftext bodytext\">\n<div class=\"movable removable mosaic-tile mosaic-collective.themefragments.fragment-tile\">\n<div class=\"mosaic-tile-content\">\n<section id=\"section_title_description\" class=\"lrblock\" title=\"Why do customers choose MAIOR?\" data-anchor=\"anchor-Why do customers choose MAIOR?\">\n<div class=\"container flex\">\n<div class=\"halftext bodytext\">\n<div class=\"movable removable mosaic-tile mosaic-collective.themefragments.fragment-tile\">\n<div class=\"mosaic-tile-content\">\n<section id=\"section_title_description\" class=\"lrblock\" title=\"Perch\u00e9 i clienti scelgono MAIOR?\" data-anchor=\"anchor-Perch\u00e9 i clienti scelgono MAIOR?\">\n<div class=\"container flex\">\n<div class=\"halftext bodytext\">\n<h2 class=\"h2sectiono\" style=\"text-align: left;\">Perch\u00e9 i clienti scelgono MAIOR?<\/h2>\n<div class=\"textsectiono textleft\" style=\"text-align: left;\">\n<p>Credo che i clienti ci scelgano perch\u00e9 vogliono cambiare e migliorarsi. Fino ad alcuni anni fa strumenti come la nostra suite erano ancora poco diffusi, per un\u2019azienda affidarsi a MAIOR era una scelta estremamente innovativa, legata alla\u00a0<strong>volont\u00e0 di fare le cose in modo diverso<\/strong>.<\/p>\n<\/div>\n<\/div>\n<\/div>\n<\/section>\n<\/div>\n<\/div>\n<div class=\"movable removable mosaic-tile mosaic-collective.themefragments.fragment-tile\">\n<div class=\"mosaic-tile-content\">\n<section id=\"fragment-sectiono\" class=\"lrblock\" data-anchor=\"anchor-\">\n<div class=\"container flex right\">\n<div class=\"half bodytext\">\n<div class=\"textsectiono textright\">\n<p style=\"text-align: left;\">Oggi \u00e8 diverso,\u00a0chi arriva da noi spesso proviene da un competitor e\u00a0<strong>sceglie MAIOR perch\u00e9 riconosce l\u2019alta qualit\u00e0 di quello che facciamo<\/strong>, ma soprattutto apprezza lo spirito di cui parlavo precedentemente: l\u2019attenzione alle esigenze specifiche di ciascuna realt\u00e0.<\/p>\n<p style=\"text-align: left;\">Credo che l\u2019alto tasso di fidelizzazione dei nostri clienti sia dovuto proprio a questo, al fatto di fornire sempre\u00a0<strong>soluzioni modellate su specifiche esigenze<\/strong>.<\/p>\n<\/div>\n<\/div>\n<\/div>\n<\/section>\n<\/div>\n<\/div>\n<\/div>\n<\/div>\n<\/section>\n<\/div>\n<\/div>\n<\/div>\n<\/div>\n<\/section>\n<\/div>\n<\/div>\n[\/vc_column_text][vc_empty_space][vc_single_image image=&#8221;2703&#8243; alignment=&#8221;center&#8221;][vc_column_text css=&#8221;.vc_custom_1710496759169{margin-top: 40px !important;}&#8221; text_align=&#8221;left&#8221;]\n<div class=\"movable removable mosaic-tile mosaic-collective.themefragments.fragment-tile\">\n<div class=\"mosaic-tile-content\">\n<section id=\"section_title_description\" class=\"lrblock\" title=\"What makes MAIOR an innovative company?\" data-anchor=\"anchor-What makes MAIOR an innovative company?\">\n<div class=\"container flex\">\n<div class=\"halftext bodytext\">\n<div class=\"movable removable mosaic-tile mosaic-collective.themefragments.fragment-tile\">\n<div class=\"mosaic-tile-content\">\n<section id=\"section_title_description\" class=\"lrblock\" title=\"Cosa \u00e8 che fa di MAIOR un\u2019azienda innovativa?\" data-anchor=\"anchor-Cosa \u00e8 che fa di MAIOR un\u2019azienda innovativa?\">\n<div class=\"container flex\">\n<div class=\"halftext bodytext\">\n<h2 class=\"h2sectiono\" style=\"text-align: left;\">Cosa \u00e8 che fa di MAIOR un\u2019azienda innovativa?<\/h2>\n<div class=\"textsectiono textleft\" style=\"text-align: left;\">\n<p>Lo stretto rapporto con l\u2019<strong>Universit\u00e0 di Pisa,\u00a0<\/strong>sin dalla nascita dell\u2019azienda, ha fatto s\u00ec che fin da subito l\u2019elemento innovativo fosse molto importante.<\/p>\n<\/div>\n<\/div>\n<\/div>\n<\/section>\n<\/div>\n<\/div>\n<div class=\"movable removable mosaic-tile mosaic-collective.themefragments.fragment-tile\">\n<div class=\"mosaic-tile-content\">\n<section id=\"fragment-sectiono\" class=\"lrblock\" data-anchor=\"anchor-\">\n<div class=\"container flex left\">\n<div class=\"half bodytext\">\n<div class=\"textsectiono textleft\">\n<p style=\"text-align: left;\">Eravamo alla fine degli anni 80 e i computer erano molto lontani da ci\u00f2 che sarebbero diventati in seguito, per intenderci parliamo di uno schermo nero con caratteri verdi e nessun tipo di grafica.<\/p>\n<p style=\"text-align: left;\">I fondatori, Paolo Carraresi e Angelo Davini, erano convinti che fosse necessario realizzare applicazioni con interfacce grafiche ben curate e che per farlo fosse necessario svilupparle su Apple Macintosh, unico sistema dell\u2019epoca a permetterlo.<\/p>\n<p style=\"text-align: left;\">Il nostro software \u00e8 stato\u00a0<strong>uno dei primi al mondo con il quale era possibile interagire in modo semplice e intuitivo.\u00a0<\/strong><\/p>\n<\/div>\n<\/div>\n<\/div>\n<\/section>\n<\/div>\n<\/div>\n<\/div>\n<\/div>\n<\/section>\n<\/div>\n<\/div>\n<div class=\"movable removable mosaic-tile mosaic-collective.themefragments.fragment-tile\">\n<div class=\"mosaic-tile-content\">\n<section id=\"fragment-sectiono\" class=\"lrblock\" data-anchor=\"anchor-\">\n<div class=\"container flex left\">\n<div class=\"half bodytext\">\n<div class=\"textsectiono textleft\">\n<p>&nbsp;<\/p>\n<\/div>\n<\/div>\n<\/div>\n<\/section>\n<\/div>\n<\/div>\n[\/vc_column_text][vc_empty_space][vc_single_image image=&#8221;2705&#8243; alignment=&#8221;center&#8221;][vc_column_text css=&#8221;.vc_custom_1710496790138{margin-top: 40px !important;}&#8221; text_align=&#8221;left&#8221;]\n<div class=\"movable removable mosaic-tile mosaic-collective.themefragments.fragment-tile\">\n<div class=\"mosaic-tile-content\">\n<section id=\"section_title_description\" class=\"lrblock\" title=\"What will be the future of the public transport world?\" data-anchor=\"anchor-What will be the future of the public transport world?\">\n<div class=\"container flex\">\n<div class=\"halftext bodytext\">\n<div class=\"movable removable mosaic-tile mosaic-collective.themefragments.fragment-tile\">\n<div class=\"mosaic-tile-content\">\n<section id=\"section_title_description\" class=\"lrblock\" title=\"Quale sar\u00e0 il futuro del mondo dei trasporti?\" data-anchor=\"anchor-Quale sar\u00e0 il futuro del mondo dei trasporti?\">\n<div class=\"container flex\">\n<div class=\"halftext bodytext\">\n<h2 class=\"h2sectiono\" style=\"text-align: left;\">Quale sar\u00e0 il futuro del mondo dei trasporti?<\/h2>\n<div class=\"textsectiono textleft\" style=\"text-align: left;\">\n<p>Le necessit\u00e0 della\u00a0<strong>nuova normalit\u00e0\u00a0<\/strong>e il<strong>\u00a0distanziamento sociale legati alle conseguenze della pandemia<\/strong>, la tendenza ad usare sempre di pi\u00f9 metodi alternativi di mobilit\u00e0, come\u00a0<strong>car sharing, bike sharing, monopattino sharing<\/strong>, cos\u00ec come lo sviluppo di nuove tecnologie, quali\u00a0<strong>veicoli elettrici e a guida autonoma<\/strong>, sono tutti elementi che nei prossimi anni ricopriranno un ruolo importante.<\/p>\n<p>Mi ha sempre colpito molto il fatto che nonostante l\u2019Italia sia un paese formato da tantissime citt\u00e0 che hanno una storia molto antica, con centri storici fatti per andare a piedi o al massimo in carrozza, oggi la mobilit\u00e0 dolce non \u00e8 ancora riuscita ad affermarsi. Le persone che si muovono\u00a0<strong>a piedi<\/strong>, in\u00a0<strong>bicicletta<\/strong>\u00a0o con\u00a0<strong>veicoli elettrici non sono molte.\u00a0<\/strong><\/p>\n<\/div>\n<\/div>\n<\/div>\n<\/section>\n<\/div>\n<\/div>\n<div class=\"movable removable mosaic-tile mosaic-collective.themefragments.fragment-tile\">\n<div class=\"mosaic-tile-content\">\n<section id=\"fragment-sectiono\" class=\"lrblock\" data-anchor=\"anchor-\">\n<div class=\"container flex left\">\n<div class=\"half bodytext\">\n<div class=\"textsectiono textleft\">\n<p style=\"text-align: left;\">Questo perch\u00e9 il trasporto pubblico non \u00e8 una cosa che fa storia a s\u00e9, le modalit\u00e0 con le quali ci spostiamo non sono legate semplicemente alle\u00a0<strong>infrastrutture di trasporto<\/strong>, ma sono collegate all\u2019<strong>urbanistica<\/strong>, quindi alle scelte con cui vengono costruite e strutturate le citt\u00e0.<\/p>\n<p style=\"text-align: left;\"><strong>Gli scenari futuri della mobilit\u00e0 dipenderanno molto dalle scelte urbanistiche che facciamo oggi.<\/strong><\/p>\n<\/div>\n<\/div>\n<\/div>\n<\/section>\n<\/div>\n<\/div>\n<\/div>\n<\/div>\n<\/section>\n<\/div>\n<\/div>\n<div class=\"movable removable mosaic-tile mosaic-collective.themefragments.fragment-tile\">\n<div class=\"mosaic-tile-content\">\n<section id=\"fragment-sectiono\" class=\"lrblock\" data-anchor=\"anchor-\">\n<div class=\"container flex left\">\n<div class=\"half bodytext\">\n<div class=\"textsectiono textleft\">\n<p>&nbsp;<\/p>\n<\/div>\n<\/div>\n<\/div>\n<\/section>\n<\/div>\n<\/div>\n[\/vc_column_text][vc_empty_space][vc_single_image image=&#8221;2708&#8243; alignment=&#8221;center&#8221;][vc_column_text css=&#8221;.vc_custom_1710496808825{margin-top: 40px !important;}&#8221; text_align=&#8221;left&#8221;]\n<div class=\"half bodytext\">\n<div class=\"textsectiono textright\">\n<p style=\"text-align: left;\">Il\u00a0<strong>caos urbanistico<\/strong>\u00a0si accompagna per forza di cose al\u00a0<strong>caos dei trasporti<\/strong>. Viceversa, se l\u2019urbanistica funziona in maniera corretta anche il trasporto pu\u00f2 funzionare. Il futuro dipender\u00e0 molto dalle mani in cui lo metteremo. Se le scelte che verranno fatte saranno adeguate,\u00a0<strong>le nuove forme di mobilit\u00e0 legate anche alle nuove tecnologie avranno grande successo.<\/strong><\/p>\n<\/div>\n<\/div>\n[\/vc_column_text][vc_empty_space][vc_single_image image=&#8221;2711&#8243; alignment=&#8221;center&#8221;][vc_column_text css=&#8221;.vc_custom_1710496824761{margin-top: 40px !important;}&#8221; text_align=&#8221;left&#8221;]\n<div class=\"movable removable mosaic-tile mosaic-collective.themefragments.fragment-tile\">\n<div class=\"mosaic-tile-content\">\n<section id=\"section_title_description\" class=\"lrblock\" title=\"How important is research and development for MAIOR?\" data-anchor=\"anchor-How important is research and development for MAIOR?\">\n<div class=\"container flex\">\n<div class=\"halftext bodytext\">\n<div class=\"movable removable mosaic-tile mosaic-collective.themefragments.fragment-tile\">\n<div class=\"mosaic-tile-content\">\n<section id=\"section_title_description\" class=\"lrblock\" title=\"Quanto \u00e8 importante l\u2019attivit\u00e0 di ricerca e sviluppo per MAIOR?\" data-anchor=\"anchor-Quanto \u00e8 importante l\u2019attivit\u00e0 di ricerca e sviluppo per MAIOR?\">\n<div class=\"container flex\">\n<div class=\"halftext bodytext\">\n<h2 class=\"h2sectiono\" style=\"text-align: left;\">Quanto \u00e8 importante l\u2019attivit\u00e0 di ricerca e sviluppo per MAIOR?<\/h2>\n<div class=\"textsectiono textleft\" style=\"text-align: left;\">\n<p><strong>\u00c8 fondamentale<\/strong>, e sicuramente \u00e8 un fattore che ci contraddistingue e ci differenzia.<\/p>\n<\/div>\n<\/div>\n<\/div>\n<\/section>\n<\/div>\n<\/div>\n<div class=\"movable removable mosaic-tile mosaic-collective.themefragments.fragment-tile\">\n<div class=\"mosaic-tile-content\">\n<section id=\"fragment-sectiono\" class=\"lrblock\" data-anchor=\"anchor-\">\n<div class=\"container flex right\">\n<div class=\"half bodytext\">\n<div class=\"textsectiono textright\">\n<p style=\"text-align: left;\">Ormai da molti anni\u00a0<strong>investiamo in media circa il 30% del fatturato in R&amp;D<\/strong>, un elemento importantissimo per lo sviluppo dell\u2019azienda. Abbiamo creato un team interno di oltre 15 persone, tra matematici, sviluppatori e ricercatori, che ha come\u00a0<strong>unico obiettivo l\u2019innovazione<\/strong>.<\/p>\n<p style=\"text-align: left;\">Stiamo portando avanti progetti che coinvolgono l\u2019Operations Research per migliorare costantemente i nostri algoritmi e integrare sempre pi\u00f9 l\u2019AI all\u2019interno delle nostre soluzioni software.<\/p>\n<\/div>\n<\/div>\n<\/div>\n<\/section>\n<\/div>\n<\/div>\n<\/div>\n<\/div>\n<\/section>\n<\/div>\n<\/div>\n[\/vc_column_text][vc_empty_space][vc_single_image image=&#8221;2717&#8243; alignment=&#8221;center&#8221;][vc_column_text css=&#8221;.vc_custom_1710496844002{margin-top: 40px !important;}&#8221; text_align=&#8221;left&#8221;]\n<div class=\"movable removable mosaic-tile mosaic-collective.themefragments.fragment-tile\">\n<div class=\"mosaic-tile-content\">\n<section id=\"section_title_description\" class=\"lrblock\" title=\"What is the relationship between MAIOR and academia?\" data-anchor=\"anchor-What is the relationship between MAIOR and academia?\">\n<div class=\"container flex\">\n<div class=\"halftext bodytext\">\n<div class=\"movable removable mosaic-tile mosaic-collective.themefragments.fragment-tile\">\n<div class=\"mosaic-tile-content\">\n<section id=\"section_title_description\" class=\"lrblock\" title=\"Qual \u00e8 il rapporto che lega MAIOR al mondo accademico?\" data-anchor=\"anchor-Qual \u00e8 il rapporto che lega MAIOR al mondo accademico?\">\n<div class=\"container flex\">\n<div class=\"halftext bodytext\">\n<h2 class=\"h2sectiono\" style=\"text-align: left;\">Qual \u00e8 il rapporto che lega MAIOR al mondo accademico?<\/h2>\n<div class=\"textsectiono textleft\" style=\"text-align: left;\">\n<p>MAIOR \u00e8 nata in seno all\u2019Universit\u00e0 di Pisa, con la quale i rapporti sono stati sempre molto importanti e proficui. I nostri investimenti spesso hanno coinvolto l\u2019ateneo pisano in numerose collaborazioni;\u00a0<strong>abbiamo finanziato e co-finanziato anche progetti di ricerca<\/strong>\u00a0con l\u2019Universit\u00e0 di Firenze e con il Politecnico di Milano, oltre a collaborazioni con la Sapienza di Roma e Roma Tre.<\/p>\n<p>Vorremmo anche avviare collaborazioni con universit\u00e0 estere; ad oggi lo abbiamo fatto solo nell\u2019ambito di progetti europei, alcuni dei quali sono\u00a0tuttora\u00a0in corso. Molti studenti provenienti\u00a0<strong>da tutto il mondo hanno fatto progetti di ricerca con noi<\/strong>, una cosa che ci fa molto piacere e che ha portato ricchezza culturale in MAIOR.<\/p>\n<p>&nbsp;<\/p>\n<\/div>\n<\/div>\n<\/div>\n<\/section>\n<\/div>\n<\/div>\n<div class=\"movable removable mosaic-tile mosaic-collective.themefragments.fragment-tile\">\n<div class=\"mosaic-tile-content\">\n<section id=\"section_title_description\" class=\"lrblock\" title=\"Quali sono le sfide che si profilano all\u2019orizzonte per MAIOR?\" data-anchor=\"anchor-Quali sono le sfide che si profilano all\u2019orizzonte per MAIOR?\">\n<div class=\"container flex\">\n<div class=\"halftext bodytext\">\n<h2 class=\"h2sectiono\" style=\"text-align: left;\">Quali sono le sfide che si profilano all\u2019orizzonte per MAIOR?<\/h2>\n<div class=\"textsectiono textleft\">\n<p style=\"text-align: left;\">L\u2019ingresso in\u00a0<strong>Clever Devices<\/strong>\u00a0rappresenta una delle sfide pi\u00f9 importanti che abbiamo affrontato, e che stiamo tuttora vivendo. MAIOR \u00e8 un\u2019azienda italiana, e l\u2019Italia, per molti aspetti, \u00e8 una grande nazione: \u00e8 il paese che ci ha consentito di crescere e di arrivare dove siamo oggi. Dal punto di vista economico per\u00f2, non siamo sicuramente tra le nazioni pi\u00f9 potenti al mondo; per le aziende italiane confrontarsi con i mercati internazionali \u00e8 alquanto\u00a0complesso. Abbiamo un bagaglio culturale e un atteggiamento che ci aiutano, ma il nostro tessuto economico rende pi\u00f9 difficile fare operazioni internazionali.<\/p>\n<p style=\"text-align: left;\">Quella di affermarci nel mercato mondiale continua ad essere una sfida importantissima e,\u00a0<strong>con il supporto di un grande gruppo come Clever Devices, siamo convinti di poterla vincere.\u00a0<\/strong>Da questo punto di vista l\u2019ingresso in Clever Devices \u00e8 stato un passaggio fondamentale\u00a0perch\u00e9 ci ha consentito di crescere anche sul mercato USA. Questo, tuttavia, non \u00e8 sufficiente perch\u00e9 abbiamo volont\u00e0 e capacit\u00e0 per lavorare anche nel resto del mondo.<\/p>\n<p style=\"text-align: left;\">Siamo ben consci della realt\u00e0 nella quale ci muoviamo: l\u2019emergenza coronavirus, il SaaS, l\u2019AI, le novit\u00e0 tecnologiche e la ricerca accademica, le vetture elettriche e a guida autonoma,\u00a0<strong>sono\u00a0tutte sfide che\u00a0stiamo raccogliendo.\u00a0<\/strong><\/p>\n<\/div>\n<\/div>\n<\/div>\n<\/section>\n<\/div>\n<\/div>\n<\/div>\n<\/div>\n<\/section>\n<\/div>\n<\/div>\n<div class=\"movable removable mosaic-tile mosaic-collective.themefragments.fragment-tile\">\n<div class=\"mosaic-tile-content\">\n<section id=\"section_title_description\" class=\"lrblock\" title=\"What are the upcoming challenges for MAIOR?\" data-anchor=\"anchor-What are the upcoming challenges for MAIOR?\">\n<div class=\"container flex\">\n<div class=\"halftext bodytext\">\n<div class=\"textsectiono textleft\">\n<p>&nbsp;<\/p>\n<\/div>\n<\/div>\n<\/div>\n<\/section>\n<\/div>\n<\/div>\n[\/vc_column_text][vc_empty_space][\/vc_column][\/vc_row][vc_row el_class=&#8221;margin_top_100&#8243;][vc_column width=&#8221;1\/6&#8243;][\/vc_column][vc_column width=&#8221;2\/3&#8243;][vc_separator color=&#8221;custom&#8221; border_width=&#8221;6&#8243; el_width=&#8221;10&#8243; accent_color=&#8221;#003a69&#8243; el_class=&#8221;desktop&#8221;][vc_separator color=&#8221;custom&#8221; align=&#8221;align_left&#8221; border_width=&#8221;6&#8243; el_width=&#8221;20&#8243; accent_color=&#8221;#003a69&#8243; el_class=&#8221;mobile&#8221;][vc_column_text color=&#8221;#0071bb&#8221; font_size=&#8221;d:19px|pl:16px|pp:16px&#8221; font_family=&#8221;Montserrat&#8221; letter_spacing=&#8221;2.28px&#8221; font_weight=&#8221;600&#8243; text_transform=&#8221;uppercase&#8221; css=&#8221;.vc_custom_1710496856688{margin-top: 15px !important;}&#8221; el_class=&#8221;center_desktop&#8221;]\n<h4>ARGOMENTI CORRELATI<\/h4>\n[\/vc_column_text][\/vc_column][vc_column width=&#8221;1\/6&#8243;][\/vc_column][\/vc_row][vc_row el_class=&#8221;articolo_riga_correlati margin_bot_100&#8243;][vc_column width=&#8221;1\/12&#8243;][\/vc_column][vc_column width=&#8221;10\/12&#8243;][vc_basic_grid post_type=&#8221;post&#8221; max_items=&#8221;2&#8243; element_width=&#8221;6&#8243; item=&#8221;1781&#8243; grid_id=&#8221;vc_gid:1710496632855-8f8c56a4-e988-7&#8243; page_id=&#8221;1772&#8243; css=&#8221;.vc_custom_1691137916575{margin-top: 30px !important;}&#8221;][\/vc_column][vc_column width=&#8221;1\/12&#8243;][\/vc_column][\/vc_row]\n<\/section>","protected":false},"excerpt":{"rendered":"<p>[vc_row full_width=&#8221;stretch_row&#8221; equal_height=&#8221;yes&#8221; wpex_bg_overlay=&#8221;custom&#8221; css=&#8221;.vc_custom_1693558013074{background-image: url(https:\/\/www.maior.it\/wp-content\/uploads\/2023\/09\/Leopoldo-Girardi.jpeg?id=2725) !important;background-position: center !important;background-repeat: no-repeat !important;background-size: cover !important;}&#8221; el_class=&#8221;evento_riga_slide&#8221; wpex_bg_overlay_image=&#8221;1947&#8243; wpex_bg_overlay_opacity=&#8221;0.85&#8243;][vc_column width=&#8221;1\/6&#8243;][\/vc_column][vc_column width=&#8221;2\/3&#8243;][\/vc_column][vc_column width=&#8221;1\/6&#8243;][\/vc_column][\/vc_row][vc_row el_class=&#8221;articolo_riga_content&#8221;][vc_column][vc_column_text css=&#8221;.vc_custom_1710496679226{margin-top: 40px !important;}&#8221; text_align=&#8221;left&#8221;] Due chiacchiere con il nostro A.D. Leopoldo Girardi \u00e8 l\u2019Amministratore Delegato di MAIOR.\u00a0In azienda fin dalle sue origini, ha seguito da vicino le vicissitudini che hanno portato MAIOR a diventare una&hellip;<\/p>\n","protected":false},"author":2,"featured_media":3705,"comment_status":"open","ping_status":"open","sticky":false,"template":"","format":"standard","meta":{"_acf_changed":false,"inline_featured_image":false,"footnotes":""},"categories":[85],"tags":[],"post_series":[],"class_list":["post-14421","post","type-post","status-publish","format-standard","has-post-thumbnail","hentry","category-novita-maor-trasporto-pubblico","entry","has-media"],"acf":[],"yoast_head":"<!-- This site is optimized with the Yoast SEO plugin v27.1.1 - https:\/\/yoast.com\/product\/yoast-seo-wordpress\/ -->\n<title>Due chiacchere con il nostro A.D. - MAIOR<\/title>\n<meta name=\"description\" content=\"Discover in this interview with Leopoldo Girardi how the company was founded, what makes MAIOR unique, the importance of R&amp;D activities and cooperation with universities, and which are the future challenges of the public transportation industry.\" \/>\n<meta name=\"robots\" content=\"index, follow, max-snippet:-1, max-image-preview:large, max-video-preview:-1\" \/>\n<link rel=\"canonical\" href=\"https:\/\/www.maior.it\/it\/due-chiacchere-con-nostro-a-d\/\" \/>\n<meta property=\"og:locale\" content=\"it_IT\" \/>\n<meta property=\"og:type\" content=\"article\" \/>\n<meta property=\"og:title\" content=\"Due chiacchere con il nostro A.D. - MAIOR\" \/>\n<meta property=\"og:description\" content=\"Discover in this interview with Leopoldo Girardi how the company was founded, what makes MAIOR unique, the importance of R&amp;D activities and cooperation with universities, and which are the future challenges of the public transportation industry.\" \/>\n<meta property=\"og:url\" content=\"https:\/\/www.maior.it\/it\/due-chiacchere-con-nostro-a-d\/\" \/>\n<meta property=\"og:site_name\" content=\"MAIOR\" \/>\n<meta property=\"article:published_time\" content=\"2021-07-01T08:35:47+00:00\" \/>\n<meta property=\"article:modified_time\" content=\"2024-04-29T07:47:45+00:00\" \/>\n<meta property=\"og:image\" content=\"https:\/\/www.maior.it\/wp-content\/uploads\/2023\/09\/AN-INTERVIEW-WITH-OUR-CEO-LEOPOLDO-GIRARDI.jpeg\" \/>\n\t<meta property=\"og:image:width\" content=\"551\" \/>\n\t<meta property=\"og:image:height\" content=\"300\" \/>\n\t<meta property=\"og:image:type\" content=\"image\/jpeg\" \/>\n<meta name=\"author\" content=\"mentarossa\" \/>\n<meta name=\"twitter:card\" content=\"summary_large_image\" \/>\n<meta name=\"twitter:label1\" content=\"Scritto da\" \/>\n\t<meta name=\"twitter:data1\" content=\"mentarossa\" \/>\n\t<meta name=\"twitter:label2\" content=\"Tempo di lettura stimato\" \/>\n\t<meta name=\"twitter:data2\" content=\"9 minuti\" \/>\n<script type=\"application\/ld+json\" class=\"yoast-schema-graph\">{\"@context\":\"https:\/\/schema.org\",\"@graph\":[{\"@type\":\"Article\",\"@id\":\"https:\/\/www.maior.it\/it\/due-chiacchere-con-nostro-a-d\/#article\",\"isPartOf\":{\"@id\":\"https:\/\/www.maior.it\/it\/due-chiacchere-con-nostro-a-d\/\"},\"author\":{\"name\":\"mentarossa\",\"@id\":\"https:\/\/www.maior.it\/#\/schema\/person\/86c8a8dfd1855850685b62611a92b0ae\"},\"headline\":\"Due chiacchere con il nostro A.D.\",\"datePublished\":\"2021-07-01T08:35:47+00:00\",\"dateModified\":\"2024-04-29T07:47:45+00:00\",\"mainEntityOfPage\":{\"@id\":\"https:\/\/www.maior.it\/it\/due-chiacchere-con-nostro-a-d\/\"},\"wordCount\":1969,\"commentCount\":0,\"publisher\":{\"@id\":\"https:\/\/www.maior.it\/#organization\"},\"image\":{\"@id\":\"https:\/\/www.maior.it\/it\/due-chiacchere-con-nostro-a-d\/#primaryimage\"},\"thumbnailUrl\":\"https:\/\/www.maior.it\/wp-content\/uploads\/2023\/09\/AN-INTERVIEW-WITH-OUR-CEO-LEOPOLDO-GIRARDI.jpeg\",\"articleSection\":[\"Novit\u00e0\"],\"inLanguage\":\"it-IT\"},{\"@type\":\"WebPage\",\"@id\":\"https:\/\/www.maior.it\/it\/due-chiacchere-con-nostro-a-d\/\",\"url\":\"https:\/\/www.maior.it\/it\/due-chiacchere-con-nostro-a-d\/\",\"name\":\"Due chiacchere con il nostro A.D. - MAIOR\",\"isPartOf\":{\"@id\":\"https:\/\/www.maior.it\/#website\"},\"primaryImageOfPage\":{\"@id\":\"https:\/\/www.maior.it\/it\/due-chiacchere-con-nostro-a-d\/#primaryimage\"},\"image\":{\"@id\":\"https:\/\/www.maior.it\/it\/due-chiacchere-con-nostro-a-d\/#primaryimage\"},\"thumbnailUrl\":\"https:\/\/www.maior.it\/wp-content\/uploads\/2023\/09\/AN-INTERVIEW-WITH-OUR-CEO-LEOPOLDO-GIRARDI.jpeg\",\"datePublished\":\"2021-07-01T08:35:47+00:00\",\"dateModified\":\"2024-04-29T07:47:45+00:00\",\"description\":\"Discover in this interview with Leopoldo Girardi how the company was founded, what makes MAIOR unique, the importance of R&D activities and cooperation with universities, and which are the future challenges of the public transportation industry.\",\"breadcrumb\":{\"@id\":\"https:\/\/www.maior.it\/it\/due-chiacchere-con-nostro-a-d\/#breadcrumb\"},\"inLanguage\":\"it-IT\",\"potentialAction\":[{\"@type\":\"ReadAction\",\"target\":[\"https:\/\/www.maior.it\/it\/due-chiacchere-con-nostro-a-d\/\"]}]},{\"@type\":\"ImageObject\",\"inLanguage\":\"it-IT\",\"@id\":\"https:\/\/www.maior.it\/it\/due-chiacchere-con-nostro-a-d\/#primaryimage\",\"url\":\"https:\/\/www.maior.it\/wp-content\/uploads\/2023\/09\/AN-INTERVIEW-WITH-OUR-CEO-LEOPOLDO-GIRARDI.jpeg\",\"contentUrl\":\"https:\/\/www.maior.it\/wp-content\/uploads\/2023\/09\/AN-INTERVIEW-WITH-OUR-CEO-LEOPOLDO-GIRARDI.jpeg\",\"width\":551,\"height\":300,\"caption\":\"Due chiacchere con il nostro A.D.\"},{\"@type\":\"BreadcrumbList\",\"@id\":\"https:\/\/www.maior.it\/it\/due-chiacchere-con-nostro-a-d\/#breadcrumb\",\"itemListElement\":[{\"@type\":\"ListItem\",\"position\":1,\"name\":\"Home\",\"item\":\"https:\/\/www.maior.it\/it\/\"},{\"@type\":\"ListItem\",\"position\":2,\"name\":\"Due chiacchere con il nostro A.D.\"}]},{\"@type\":\"WebSite\",\"@id\":\"https:\/\/www.maior.it\/#website\",\"url\":\"https:\/\/www.maior.it\/\",\"name\":\"MAIOR\",\"description\":\"\",\"publisher\":{\"@id\":\"https:\/\/www.maior.it\/#organization\"},\"potentialAction\":[{\"@type\":\"SearchAction\",\"target\":{\"@type\":\"EntryPoint\",\"urlTemplate\":\"https:\/\/www.maior.it\/?s={search_term_string}\"},\"query-input\":{\"@type\":\"PropertyValueSpecification\",\"valueRequired\":true,\"valueName\":\"search_term_string\"}}],\"inLanguage\":\"it-IT\"},{\"@type\":\"Organization\",\"@id\":\"https:\/\/www.maior.it\/#organization\",\"name\":\"MAIOR\",\"url\":\"https:\/\/www.maior.it\/\",\"logo\":{\"@type\":\"ImageObject\",\"inLanguage\":\"it-IT\",\"@id\":\"https:\/\/www.maior.it\/#\/schema\/logo\/image\/\",\"url\":\"https:\/\/www.maior.it\/wp-content\/uploads\/2023\/08\/maior-favicon.jpg\",\"contentUrl\":\"https:\/\/www.maior.it\/wp-content\/uploads\/2023\/08\/maior-favicon.jpg\",\"width\":48,\"height\":48,\"caption\":\"MAIOR\"},\"image\":{\"@id\":\"https:\/\/www.maior.it\/#\/schema\/logo\/image\/\"},\"sameAs\":[\"https:\/\/www.instagram.com\/maior.it\",\"https:\/\/www.linkedin.com\/company\/m-a-i-o-r-\/\"]},{\"@type\":\"Person\",\"@id\":\"https:\/\/www.maior.it\/#\/schema\/person\/86c8a8dfd1855850685b62611a92b0ae\",\"name\":\"mentarossa\",\"image\":{\"@type\":\"ImageObject\",\"inLanguage\":\"it-IT\",\"@id\":\"https:\/\/www.maior.it\/#\/schema\/person\/image\/\",\"url\":\"https:\/\/secure.gravatar.com\/avatar\/989259148a9f4e461636de4e7fedd396cf3809275930008cb654afa2eef469ba?s=96&d=mm&r=g\",\"contentUrl\":\"https:\/\/secure.gravatar.com\/avatar\/989259148a9f4e461636de4e7fedd396cf3809275930008cb654afa2eef469ba?s=96&d=mm&r=g\",\"caption\":\"mentarossa\"},\"url\":\"https:\/\/www.maior.it\/it\/author\/mentarossa\/\"}]}<\/script>\n<!-- \/ Yoast SEO plugin. -->","yoast_head_json":{"title":"Due chiacchere con il nostro A.D. - MAIOR","description":"Discover in this interview with Leopoldo Girardi how the company was founded, what makes MAIOR unique, the importance of R&D activities and cooperation with universities, and which are the future challenges of the public transportation industry.","robots":{"index":"index","follow":"follow","max-snippet":"max-snippet:-1","max-image-preview":"max-image-preview:large","max-video-preview":"max-video-preview:-1"},"canonical":"https:\/\/www.maior.it\/it\/due-chiacchere-con-nostro-a-d\/","og_locale":"it_IT","og_type":"article","og_title":"Due chiacchere con il nostro A.D. - MAIOR","og_description":"Discover in this interview with Leopoldo Girardi how the company was founded, what makes MAIOR unique, the importance of R&D activities and cooperation with universities, and which are the future challenges of the public transportation industry.","og_url":"https:\/\/www.maior.it\/it\/due-chiacchere-con-nostro-a-d\/","og_site_name":"MAIOR","article_published_time":"2021-07-01T08:35:47+00:00","article_modified_time":"2024-04-29T07:47:45+00:00","og_image":[{"width":551,"height":300,"url":"https:\/\/www.maior.it\/wp-content\/uploads\/2023\/09\/AN-INTERVIEW-WITH-OUR-CEO-LEOPOLDO-GIRARDI.jpeg","type":"image\/jpeg"}],"author":"mentarossa","twitter_card":"summary_large_image","twitter_misc":{"Scritto da":"mentarossa","Tempo di lettura stimato":"9 minuti"},"schema":{"@context":"https:\/\/schema.org","@graph":[{"@type":"Article","@id":"https:\/\/www.maior.it\/it\/due-chiacchere-con-nostro-a-d\/#article","isPartOf":{"@id":"https:\/\/www.maior.it\/it\/due-chiacchere-con-nostro-a-d\/"},"author":{"name":"mentarossa","@id":"https:\/\/www.maior.it\/#\/schema\/person\/86c8a8dfd1855850685b62611a92b0ae"},"headline":"Due chiacchere con il nostro A.D.","datePublished":"2021-07-01T08:35:47+00:00","dateModified":"2024-04-29T07:47:45+00:00","mainEntityOfPage":{"@id":"https:\/\/www.maior.it\/it\/due-chiacchere-con-nostro-a-d\/"},"wordCount":1969,"commentCount":0,"publisher":{"@id":"https:\/\/www.maior.it\/#organization"},"image":{"@id":"https:\/\/www.maior.it\/it\/due-chiacchere-con-nostro-a-d\/#primaryimage"},"thumbnailUrl":"https:\/\/www.maior.it\/wp-content\/uploads\/2023\/09\/AN-INTERVIEW-WITH-OUR-CEO-LEOPOLDO-GIRARDI.jpeg","articleSection":["Novit\u00e0"],"inLanguage":"it-IT"},{"@type":"WebPage","@id":"https:\/\/www.maior.it\/it\/due-chiacchere-con-nostro-a-d\/","url":"https:\/\/www.maior.it\/it\/due-chiacchere-con-nostro-a-d\/","name":"Due chiacchere con il nostro A.D. - MAIOR","isPartOf":{"@id":"https:\/\/www.maior.it\/#website"},"primaryImageOfPage":{"@id":"https:\/\/www.maior.it\/it\/due-chiacchere-con-nostro-a-d\/#primaryimage"},"image":{"@id":"https:\/\/www.maior.it\/it\/due-chiacchere-con-nostro-a-d\/#primaryimage"},"thumbnailUrl":"https:\/\/www.maior.it\/wp-content\/uploads\/2023\/09\/AN-INTERVIEW-WITH-OUR-CEO-LEOPOLDO-GIRARDI.jpeg","datePublished":"2021-07-01T08:35:47+00:00","dateModified":"2024-04-29T07:47:45+00:00","description":"Discover in this interview with Leopoldo Girardi how the company was founded, what makes MAIOR unique, the importance of R&D activities and cooperation with universities, and which are the future challenges of the public transportation industry.","breadcrumb":{"@id":"https:\/\/www.maior.it\/it\/due-chiacchere-con-nostro-a-d\/#breadcrumb"},"inLanguage":"it-IT","potentialAction":[{"@type":"ReadAction","target":["https:\/\/www.maior.it\/it\/due-chiacchere-con-nostro-a-d\/"]}]},{"@type":"ImageObject","inLanguage":"it-IT","@id":"https:\/\/www.maior.it\/it\/due-chiacchere-con-nostro-a-d\/#primaryimage","url":"https:\/\/www.maior.it\/wp-content\/uploads\/2023\/09\/AN-INTERVIEW-WITH-OUR-CEO-LEOPOLDO-GIRARDI.jpeg","contentUrl":"https:\/\/www.maior.it\/wp-content\/uploads\/2023\/09\/AN-INTERVIEW-WITH-OUR-CEO-LEOPOLDO-GIRARDI.jpeg","width":551,"height":300,"caption":"Due chiacchere con il nostro A.D."},{"@type":"BreadcrumbList","@id":"https:\/\/www.maior.it\/it\/due-chiacchere-con-nostro-a-d\/#breadcrumb","itemListElement":[{"@type":"ListItem","position":1,"name":"Home","item":"https:\/\/www.maior.it\/it\/"},{"@type":"ListItem","position":2,"name":"Due chiacchere con il nostro A.D."}]},{"@type":"WebSite","@id":"https:\/\/www.maior.it\/#website","url":"https:\/\/www.maior.it\/","name":"MAIOR","description":"","publisher":{"@id":"https:\/\/www.maior.it\/#organization"},"potentialAction":[{"@type":"SearchAction","target":{"@type":"EntryPoint","urlTemplate":"https:\/\/www.maior.it\/?s={search_term_string}"},"query-input":{"@type":"PropertyValueSpecification","valueRequired":true,"valueName":"search_term_string"}}],"inLanguage":"it-IT"},{"@type":"Organization","@id":"https:\/\/www.maior.it\/#organization","name":"MAIOR","url":"https:\/\/www.maior.it\/","logo":{"@type":"ImageObject","inLanguage":"it-IT","@id":"https:\/\/www.maior.it\/#\/schema\/logo\/image\/","url":"https:\/\/www.maior.it\/wp-content\/uploads\/2023\/08\/maior-favicon.jpg","contentUrl":"https:\/\/www.maior.it\/wp-content\/uploads\/2023\/08\/maior-favicon.jpg","width":48,"height":48,"caption":"MAIOR"},"image":{"@id":"https:\/\/www.maior.it\/#\/schema\/logo\/image\/"},"sameAs":["https:\/\/www.instagram.com\/maior.it","https:\/\/www.linkedin.com\/company\/m-a-i-o-r-\/"]},{"@type":"Person","@id":"https:\/\/www.maior.it\/#\/schema\/person\/86c8a8dfd1855850685b62611a92b0ae","name":"mentarossa","image":{"@type":"ImageObject","inLanguage":"it-IT","@id":"https:\/\/www.maior.it\/#\/schema\/person\/image\/","url":"https:\/\/secure.gravatar.com\/avatar\/989259148a9f4e461636de4e7fedd396cf3809275930008cb654afa2eef469ba?s=96&d=mm&r=g","contentUrl":"https:\/\/secure.gravatar.com\/avatar\/989259148a9f4e461636de4e7fedd396cf3809275930008cb654afa2eef469ba?s=96&d=mm&r=g","caption":"mentarossa"},"url":"https:\/\/www.maior.it\/it\/author\/mentarossa\/"}]}},"_links":{"self":[{"href":"https:\/\/www.maior.it\/it\/wp-json\/wp\/v2\/posts\/14421","targetHints":{"allow":["GET"]}}],"collection":[{"href":"https:\/\/www.maior.it\/it\/wp-json\/wp\/v2\/posts"}],"about":[{"href":"https:\/\/www.maior.it\/it\/wp-json\/wp\/v2\/types\/post"}],"author":[{"embeddable":true,"href":"https:\/\/www.maior.it\/it\/wp-json\/wp\/v2\/users\/2"}],"replies":[{"embeddable":true,"href":"https:\/\/www.maior.it\/it\/wp-json\/wp\/v2\/comments?post=14421"}],"version-history":[{"count":3,"href":"https:\/\/www.maior.it\/it\/wp-json\/wp\/v2\/posts\/14421\/revisions"}],"predecessor-version":[{"id":14425,"href":"https:\/\/www.maior.it\/it\/wp-json\/wp\/v2\/posts\/14421\/revisions\/14425"}],"wp:featuredmedia":[{"embeddable":true,"href":"https:\/\/www.maior.it\/it\/wp-json\/wp\/v2\/media\/3705"}],"wp:attachment":[{"href":"https:\/\/www.maior.it\/it\/wp-json\/wp\/v2\/media?parent=14421"}],"wp:term":[{"taxonomy":"category","embeddable":true,"href":"https:\/\/www.maior.it\/it\/wp-json\/wp\/v2\/categories?post=14421"},{"taxonomy":"post_tag","embeddable":true,"href":"https:\/\/www.maior.it\/it\/wp-json\/wp\/v2\/tags?post=14421"},{"taxonomy":"post_series","embeddable":true,"href":"https:\/\/www.maior.it\/it\/wp-json\/wp\/v2\/post_series?post=14421"}],"curies":[{"name":"wp","href":"https:\/\/api.w.org\/{rel}","templated":true}]}}