{"id":14389,"date":"2022-05-28T16:38:25","date_gmt":"2022-05-28T14:38:25","guid":{"rendered":"https:\/\/www.maior.it\/mi-viaje-lo-decido-con-la-app\/"},"modified":"2024-03-14T16:49:47","modified_gmt":"2024-03-14T15:49:47","slug":"il-mio-viaggio-lo-decido-con-la-app-2","status":"publish","type":"post","link":"https:\/\/www.maior.it\/it\/il-mio-viaggio-lo-decido-con-la-app-2\/","title":{"rendered":"Il mio viaggio? Lo decido con la app"},"content":{"rendered":"<section class=\"wpb-content-wrapper\">[vc_row full_width=&#8221;stretch_row&#8221; equal_height=&#8221;yes&#8221; wpex_bg_overlay=&#8221;custom&#8221; css=&#8221;.vc_custom_1695912873596{background-image: url(https:\/\/www.maior.it\/wp-content\/uploads\/2023\/09\/passengerapp.jpeg?id=8226) !important;background-position: center !important;background-repeat: no-repeat !important;background-size: cover !important;}&#8221; el_class=&#8221;evento_riga_slide&#8221; wpex_bg_overlay_image=&#8221;1947&#8243; wpex_bg_overlay_opacity=&#8221;0.85&#8243;][vc_column width=&#8221;1\/6&#8243;][\/vc_column][vc_column width=&#8221;2\/3&#8243;]<nav class=\"vcex-breadcrumbs vcex-breadcrumbs--links-inherit-color vcex-breadcrumbs--custom-color center_desktop bread\" style=\"color:#b9d6f4;--vcex-breadcrumbs-sep-color:#b9d6f4;font-size:14px;font-family:&#039;Inter&#039;,sans-serif;line-height:140%;\"><span><span><a href=\"https:\/\/www.maior.it\/it\/\">Home<\/a><\/span><\/span><\/nav><div class=\"vcex-module vcex-page-title center_desktop evento_riga_slide_titolo desktop\"><h2 class=\"wpex-heading vcex-page-title__heading wpex-text-3xl\" style=\"color:#ffffff;\"><span class=\"vcex-page-title__text\">Il mio viaggio? Lo decido con la app<\/span><\/h2><\/div>[\/vc_column][vc_column width=&#8221;1\/6&#8243;][\/vc_column][\/vc_row][vc_row el_class=&#8221;articolo_riga_content&#8221;][vc_column][vc_column_text css=&#8221;.vc_custom_1710431301016{margin-top: 40px !important;}&#8221; text_align=&#8221;left&#8221;]\n<div class=\"wpb_text_column wpb_content_element vc_custom_1693841227526\">\n<div class=\"wpb_wrapper\">\n<h2 class=\"h2sectiono\" style=\"text-align: left;\">Il mio viaggio? Lo decido con la app<\/h2>\n<div class=\"textsectiono textleft\" style=\"text-align: left;\">\n<p><em>Mobilit\u00e0 on demand e aziende del TPL: una sfida da vincere. Per rispondere alla voglia di autonomia nella scelta delle soluzioni di spostamento, il servizio pubblico deve pianificare e informare in modo innovativo.<\/em><\/p>\n<p>Anche la\u00a0<strong>mobilit\u00e0<\/strong>, come l\u2019<strong>informatica<\/strong>, \u00e8 sempre pi\u00f9\u00a0<strong>on demand<\/strong>. I viaggiatori sono abituati a risolvere i loro problemi di spostamento\u00a0<strong>utilizzando un mix di mezzi e sistemi di trasporto<\/strong>, pubblici o privati, collettivi o individuali, in base a una maggiore autonomia di scelta sui tempi e le coincidenze.<\/p>\n<p>Forti di questa\u00a0<strong>flessibilit\u00e0<\/strong>, le persone hanno una maggiore libert\u00e0 di raggiungere, per lavoro o per piacere, su base regolare o solo occasionalmente, le destinazioni pi\u00f9 svariate, spendendo il giusto, sfruttando meglio il tempo disponibile, inquinando meno e soprattutto decidendo tutto da soli.<\/p>\n<p>Tutta questa libert\u00e0 e convenienza hanno alla base una sola parola:\u00a0<strong>informazione<\/strong>. Grazie alla tecnologia tutti hanno la possibilit\u00e0 di conoscere i servizi di trasporto disponibili nelle citt\u00e0 e sul territorio.<\/p>\n<\/div>\n<\/div>\n<\/div>\n<div class=\"wpb_text_column wpb_content_element vc_custom_1696585145616\">\n<div class=\"wpb_wrapper\">\n<p style=\"text-align: left;\"><strong>Siti Web e app mobili consentono di conoscere gli orari aggiornati<\/strong>\u00a0di una linea di trasporto pubblico e persino di calcolare con precisione il proprio itinerario, anche quando ci si muove per turismo e si deve decidere all\u2019ultimo minuto.<\/p>\n<p style=\"text-align: left;\">Altre app consentono di prenotare taxi e auto con conducente addirittura tracciando su una mappa le vetture pi\u00f9 a portata di mano. Nei\u00a0<strong>grand centri urbani<\/strong>\u00a0si moltiplicano le soluzioni di trasporto condiviso: auto, biciclette e monopattini elettrici sono a disposizione di tutti, sempre attraverso una app. Quando si\u00a0<strong>pianifica un viaggio<\/strong>, la tecnologia rende tutto pi\u00f9 facile, incluso il pagamento dei biglietti e dei noleggi.<\/p>\n<\/div>\n<\/div>\n[\/vc_column_text][vc_empty_space][vc_single_image image=&#8221;8232&#8243; alignment=&#8221;center&#8221;][vc_column_text css=&#8221;.vc_custom_1710431319438{margin-top: 40px !important;}&#8221; text_align=&#8221;left&#8221;]\n<div class=\"movable removable mosaic-tile mosaic-collective.themefragments.fragment-tile\">\n<div class=\"mosaic-tile-content\">\n<section id=\"section_title_description\" class=\"lrblock\" title=\"Nuova mobilit\u00e0: quali gli scenari futuri\" data-anchor=\"anchor-Nuova mobilit\u00e0: quali gli scenari futuri\">\n<div class=\"container flex\">\n<div class=\"halftext bodytext\">\n<h2 class=\"h2sectiono\" style=\"text-align: left;\">Nuova mobilit\u00e0: quali gli scenari futuri<\/h2>\n<div class=\"textsectiono textleft\" style=\"text-align: left;\">\n<p>Gli scenari della nuova mobilit\u00e0 sono praticamente infiniti e hanno un\u00a0<strong>impatto rilevante sulla vita sociale e sul lavoro<\/strong>. Chi si muove nelle grandi citt\u00e0 ha oggi a disposizione capillari reti di trasporto pubblico e diverse alternative.<\/p>\n<p>Ma sempre pi\u00f9 spesso, la mobilit\u00e0 diventa on demand anche nelle aree pi\u00f9 periferiche ma mano che si diffonde il concetto dell\u2019hub, lo\u00a0<strong>snodo di interscambio<\/strong>, verso il quale tendono a concentrarsi, in modo coordinato, pi\u00f9 servizi destinati agli spostamenti locali.<\/p>\n<\/div>\n<\/div>\n<\/div>\n<\/section>\n<\/div>\n<\/div>\n<div class=\"movable removable mosaic-tile mosaic-collective.themefragments.fragment-tile\">\n<div class=\"mosaic-tile-content\">\n<section id=\"fragment-sectiono\" class=\"lrblock\" data-anchor=\"anchor-\">\n<div class=\"container flex right\">\n<div class=\"half bodytext\">\n<div class=\"textsectiono textright\">\n<p style=\"text-align: left;\">Questo tipo di coincidenza non \u00e8 di per s\u00e9 una novit\u00e0, ma grazie\u00a0<strong>alle informazioni diffuse sulle piattaforme digitali<\/strong>\u00a0l\u2019organizzazione di un viaggio \u00e8 molto meno impegnativa. Non occorre pi\u00f9 pianificare con grande anticipo.<\/p>\n<p style=\"text-align: left;\">I cambiamenti sono gi\u00e0 visibili, anche su temi come i veicoli di propriet\u00e0, da sempre simbolo di libert\u00e0 movimento. L\u2019informatica, in questo senso agisce come un formidabile disintermediatore, rendendo possibile la creazione di flotte di veicoli condivisi messi al servizio di tutti in base a economiche tariffe \u201ctutto compreso\u201d. Nel mondo della\u00a0<strong>mobility on demand<\/strong>, per certi versi, le forme di trasporto collettivo come le reti municipalizzate o le ferrovie locali devono andare verso fabbisogni sempre pi\u00f9 individuali.<\/p>\n<p style=\"text-align: left;\">Questo vuol dire che i veri trasporti locali, quelli che nei paesi anglosassoni chiamano\u00a0<strong>mass transit<\/strong>\u00a0avranno un ruolo secondario? Al contrario. Saranno il punto di riferimento di un\u00a0<strong>sistema centrato su infrastrutture sempre pi\u00f9 condivise<\/strong>, mal al tempo stesso in grado di assicurare ai passeggeri un\u2019autonomia crescente nel modulare un\u2019offerta collettiva ai fabbisogni individuali.<\/p>\n<p style=\"text-align: left;\">Come nell\u2019industria manifatturiera, che cerca di conciliari i costi bassi e l\u2019economia di scala della produzione di massa, con la voglia di personalizzazione dei loro clienti.<\/p>\n<\/div>\n<\/div>\n<\/div>\n<\/section>\n<\/div>\n<\/div>\n[\/vc_column_text][vc_empty_space][vc_single_image image=&#8221;8235&#8243; alignment=&#8221;center&#8221;][vc_column_text css=&#8221;.vc_custom_1710431334320{margin-top: 40px !important;}&#8221; text_align=&#8221;left&#8221;]\n<div class=\"movable removable mosaic-tile mosaic-collective.themefragments.fragment-tile\">\n<div class=\"mosaic-tile-content\">\n<section id=\"section_title_description\" class=\"lrblock\" title=\"Digitalizzare, per personalizzare e rendere smart i servizi\" data-anchor=\"anchor-Digitalizzare, per personalizzare e rendere smart i servizi\">\n<div class=\"container flex\">\n<div class=\"halftext bodytext\">\n<h2 class=\"h2sectiono\" style=\"text-align: left;\">Digitalizzare, per personalizzare e rendere smart i servizi<\/h2>\n<div class=\"textsectiono textleft\" style=\"text-align: left;\">\n<p>Ancora una volta\u00a0<strong>la risposta \u00e8 nella digitalizzazione<\/strong>, ossia nella capacit\u00e0 di organizzare l\u2019offerta del trasporto pubblico in modo rapido e ottimizzato, definendo itinerari, strutturando i turni dei conducenti con crescente flessibilit\u00e0.<\/p>\n<p>Non solo per rispettare puntualmente il contratto di servizio al cittadino e gestire efficacemente le emergenze come il Covid (che sarebbe gi\u00e0 un risultato eccezionale).<\/p>\n<\/div>\n<\/div>\n<\/div>\n<\/section>\n<\/div>\n<\/div>\n<div class=\"movable removable mosaic-tile mosaic-collective.themefragments.fragment-tile\">\n<div class=\"mosaic-tile-content\">\n<section id=\"fragment-sectiono\" class=\"lrblock\" data-anchor=\"anchor-\">\n<div class=\"container flex left\">\n<div class=\"half bodytext\">\n<div class=\"textsectiono textleft\">\n<p style=\"text-align: left;\">Ma anche per introdurre componenti nuovi \u2013 itinerari personalizzati, corse a richiesta \u2013 all\u2019interno di servizi di trasporto un tempo rigidi e predeterminati, e contribuire cos\u00ec a un diverso sistema della mobilit\u00e0.<\/p>\n<p style=\"text-align: left;\">La\u00a0<strong>piattaforma software sviluppata da MAIOR<\/strong>\u00a0aiuta a pianificare i\u00a0<strong>servizi del TPL<\/strong>\u00a0in modo flessibile e smart senza impegnare intere squadre di specialisti in lunghe sessioni di lavoro manuale. E a rendere disponibile ai collaboratori e al pubblico orari e altre informazioni attraverso i canali digitali del Web, dei social network, delle app mobili. Nativamente e on demand.<\/p>\n<\/div>\n<\/div>\n<\/div>\n<\/section>\n<\/div>\n<\/div>\n[\/vc_column_text][vc_empty_space][vc_single_image image=&#8221;8238&#8243; alignment=&#8221;center&#8221;][\/vc_column][\/vc_row][vc_row el_class=&#8221;margin_top_100&#8243;][vc_column width=&#8221;1\/6&#8243;][\/vc_column][vc_column width=&#8221;2\/3&#8243;][vc_separator color=&#8221;custom&#8221; border_width=&#8221;6&#8243; el_width=&#8221;10&#8243; accent_color=&#8221;#003a69&#8243; el_class=&#8221;desktop&#8221;][vc_separator color=&#8221;custom&#8221; align=&#8221;align_left&#8221; border_width=&#8221;6&#8243; el_width=&#8221;20&#8243; accent_color=&#8221;#003a69&#8243; el_class=&#8221;mobile&#8221;][vc_column_text color=&#8221;#0071bb&#8221; font_size=&#8221;d:19px|pl:16px|pp:16px&#8221; font_family=&#8221;Montserrat&#8221; letter_spacing=&#8221;2.28px&#8221; font_weight=&#8221;600&#8243; text_transform=&#8221;uppercase&#8221; css=&#8221;.vc_custom_1710431343959{margin-top: 15px !important;}&#8221; el_class=&#8221;center_desktop&#8221;]\n<h4>ARGOMENTI CORRELATI<\/h4>\n[\/vc_column_text][\/vc_column][vc_column width=&#8221;1\/6&#8243;][\/vc_column][\/vc_row][vc_row el_class=&#8221;articolo_riga_correlati margin_bot_100&#8243;][vc_column width=&#8221;1\/12&#8243;][\/vc_column][vc_column width=&#8221;10\/12&#8243;][vc_basic_grid post_type=&#8221;post&#8221; max_items=&#8221;2&#8243; element_width=&#8221;6&#8243; item=&#8221;8525&#8243; grid_id=&#8221;vc_gid:1710431251383-e1c837fb-25dc-6&#8243; page_id=&#8221;2608&#8243; css=&#8221;.vc_custom_1696854075856{margin-top: 30px !important;}&#8221;][\/vc_column][vc_column width=&#8221;1\/12&#8243;][\/vc_column][\/vc_row]\n<\/section>","protected":false},"excerpt":{"rendered":"<p>[vc_row full_width=&#8221;stretch_row&#8221; equal_height=&#8221;yes&#8221; wpex_bg_overlay=&#8221;custom&#8221; css=&#8221;.vc_custom_1695912873596{background-image: url(https:\/\/www.maior.it\/wp-content\/uploads\/2023\/09\/passengerapp.jpeg?id=8226) !important;background-position: center !important;background-repeat: no-repeat !important;background-size: cover !important;}&#8221; el_class=&#8221;evento_riga_slide&#8221; wpex_bg_overlay_image=&#8221;1947&#8243; wpex_bg_overlay_opacity=&#8221;0.85&#8243;][vc_column width=&#8221;1\/6&#8243;][\/vc_column][vc_column width=&#8221;2\/3&#8243;][\/vc_column][vc_column width=&#8221;1\/6&#8243;][\/vc_column][\/vc_row][vc_row el_class=&#8221;articolo_riga_content&#8221;][vc_column][vc_column_text css=&#8221;.vc_custom_1710431301016{margin-top: 40px !important;}&#8221; text_align=&#8221;left&#8221;] Il mio viaggio? Lo decido con la app Mobilit\u00e0 on demand e aziende del TPL: una sfida da vincere. Per rispondere alla voglia di autonomia nella scelta delle soluzioni di spostamento,&hellip;<\/p>\n","protected":false},"author":2,"featured_media":8231,"comment_status":"open","ping_status":"open","sticky":false,"template":"","format":"standard","meta":{"_acf_changed":false,"inline_featured_image":false,"footnotes":""},"categories":[20],"tags":[],"post_series":[],"class_list":["post-14389","post","type-post","status-publish","format-standard","has-post-thumbnail","hentry","category-sin-categorizar","entry","has-media"],"acf":[],"yoast_head":"<!-- This site is optimized with the Yoast SEO plugin v27.1.1 - https:\/\/yoast.com\/product\/yoast-seo-wordpress\/ -->\n<title>Il mio viaggio? Lo decido con la app - MAIOR<\/title>\n<meta name=\"robots\" content=\"index, follow, max-snippet:-1, max-image-preview:large, max-video-preview:-1\" \/>\n<link rel=\"canonical\" href=\"https:\/\/www.maior.it\/it\/il-mio-viaggio-lo-decido-con-la-app-2\/\" \/>\n<meta property=\"og:locale\" content=\"it_IT\" \/>\n<meta property=\"og:type\" content=\"article\" \/>\n<meta property=\"og:title\" content=\"Il mio viaggio? Lo decido con la app - MAIOR\" \/>\n<meta property=\"og:description\" content=\"[vc_row full_width=&#8221;stretch_row&#8221; equal_height=&#8221;yes&#8221; wpex_bg_overlay=&#8221;custom&#8221; css=&#8221;.vc_custom_1695912873596{background-image: url(https:\/\/www.maior.it\/wp-content\/uploads\/2023\/09\/passengerapp.jpeg?id=8226) !important;background-position: center !important;background-repeat: no-repeat !important;background-size: cover !important;}&#8221; el_class=&#8221;evento_riga_slide&#8221; wpex_bg_overlay_image=&#8221;1947&#8243; wpex_bg_overlay_opacity=&#8221;0.85&#8243;][vc_column width=&#8221;1\/6&#8243;][\/vc_column][vc_column width=&#8221;2\/3&#8243;][\/vc_column][vc_column width=&#8221;1\/6&#8243;][\/vc_column][\/vc_row][vc_row el_class=&#8221;articolo_riga_content&#8221;][vc_column][vc_column_text css=&#8221;.vc_custom_1710431301016{margin-top: 40px !important;}&#8221; text_align=&#8221;left&#8221;] Il mio viaggio? Lo decido con la app Mobilit\u00e0 on demand e aziende del TPL: una sfida da vincere. Per rispondere alla voglia di autonomia nella scelta delle soluzioni di spostamento,&hellip;\" \/>\n<meta property=\"og:url\" content=\"https:\/\/www.maior.it\/it\/il-mio-viaggio-lo-decido-con-la-app-2\/\" \/>\n<meta property=\"og:site_name\" content=\"MAIOR\" \/>\n<meta property=\"article:published_time\" content=\"2022-05-28T14:38:25+00:00\" \/>\n<meta property=\"article:modified_time\" content=\"2024-03-14T15:49:47+00:00\" \/>\n<meta property=\"og:image\" content=\"https:\/\/www.maior.it\/wp-content\/uploads\/2023\/09\/app.jpeg\" \/>\n\t<meta property=\"og:image:width\" content=\"553\" \/>\n\t<meta property=\"og:image:height\" content=\"301\" \/>\n\t<meta property=\"og:image:type\" content=\"image\/jpeg\" \/>\n<meta name=\"author\" content=\"mentarossa\" \/>\n<meta name=\"twitter:card\" content=\"summary_large_image\" \/>\n<meta name=\"twitter:label1\" content=\"Scritto da\" \/>\n\t<meta name=\"twitter:data1\" content=\"mentarossa\" \/>\n\t<meta name=\"twitter:label2\" content=\"Tempo di lettura stimato\" \/>\n\t<meta name=\"twitter:data2\" content=\"5 minuti\" \/>\n<script type=\"application\/ld+json\" class=\"yoast-schema-graph\">{\"@context\":\"https:\/\/schema.org\",\"@graph\":[{\"@type\":\"Article\",\"@id\":\"https:\/\/www.maior.it\/it\/il-mio-viaggio-lo-decido-con-la-app-2\/#article\",\"isPartOf\":{\"@id\":\"https:\/\/www.maior.it\/it\/il-mio-viaggio-lo-decido-con-la-app-2\/\"},\"author\":{\"name\":\"mentarossa\",\"@id\":\"https:\/\/www.maior.it\/#\/schema\/person\/86c8a8dfd1855850685b62611a92b0ae\"},\"headline\":\"Il mio viaggio? Lo decido con la app\",\"datePublished\":\"2022-05-28T14:38:25+00:00\",\"dateModified\":\"2024-03-14T15:49:47+00:00\",\"mainEntityOfPage\":{\"@id\":\"https:\/\/www.maior.it\/it\/il-mio-viaggio-lo-decido-con-la-app-2\/\"},\"wordCount\":1057,\"commentCount\":0,\"publisher\":{\"@id\":\"https:\/\/www.maior.it\/#organization\"},\"image\":{\"@id\":\"https:\/\/www.maior.it\/it\/il-mio-viaggio-lo-decido-con-la-app-2\/#primaryimage\"},\"thumbnailUrl\":\"https:\/\/www.maior.it\/wp-content\/uploads\/2023\/09\/app.jpeg\",\"articleSection\":[\"Investigacion y innovacion\"],\"inLanguage\":\"it-IT\"},{\"@type\":\"WebPage\",\"@id\":\"https:\/\/www.maior.it\/it\/il-mio-viaggio-lo-decido-con-la-app-2\/\",\"url\":\"https:\/\/www.maior.it\/it\/il-mio-viaggio-lo-decido-con-la-app-2\/\",\"name\":\"Il mio viaggio? Lo decido con la app - MAIOR\",\"isPartOf\":{\"@id\":\"https:\/\/www.maior.it\/#website\"},\"primaryImageOfPage\":{\"@id\":\"https:\/\/www.maior.it\/it\/il-mio-viaggio-lo-decido-con-la-app-2\/#primaryimage\"},\"image\":{\"@id\":\"https:\/\/www.maior.it\/it\/il-mio-viaggio-lo-decido-con-la-app-2\/#primaryimage\"},\"thumbnailUrl\":\"https:\/\/www.maior.it\/wp-content\/uploads\/2023\/09\/app.jpeg\",\"datePublished\":\"2022-05-28T14:38:25+00:00\",\"dateModified\":\"2024-03-14T15:49:47+00:00\",\"breadcrumb\":{\"@id\":\"https:\/\/www.maior.it\/it\/il-mio-viaggio-lo-decido-con-la-app-2\/#breadcrumb\"},\"inLanguage\":\"it-IT\",\"potentialAction\":[{\"@type\":\"ReadAction\",\"target\":[\"https:\/\/www.maior.it\/it\/il-mio-viaggio-lo-decido-con-la-app-2\/\"]}]},{\"@type\":\"ImageObject\",\"inLanguage\":\"it-IT\",\"@id\":\"https:\/\/www.maior.it\/it\/il-mio-viaggio-lo-decido-con-la-app-2\/#primaryimage\",\"url\":\"https:\/\/www.maior.it\/wp-content\/uploads\/2023\/09\/app.jpeg\",\"contentUrl\":\"https:\/\/www.maior.it\/wp-content\/uploads\/2023\/09\/app.jpeg\",\"width\":553,\"height\":301,\"caption\":\"Il mio viaggio? Lo decido con la app\"},{\"@type\":\"BreadcrumbList\",\"@id\":\"https:\/\/www.maior.it\/it\/il-mio-viaggio-lo-decido-con-la-app-2\/#breadcrumb\",\"itemListElement\":[{\"@type\":\"ListItem\",\"position\":1,\"name\":\"Home\",\"item\":\"https:\/\/www.maior.it\/it\/\"},{\"@type\":\"ListItem\",\"position\":2,\"name\":\"Il mio viaggio? Lo decido con la app\"}]},{\"@type\":\"WebSite\",\"@id\":\"https:\/\/www.maior.it\/#website\",\"url\":\"https:\/\/www.maior.it\/\",\"name\":\"MAIOR\",\"description\":\"\",\"publisher\":{\"@id\":\"https:\/\/www.maior.it\/#organization\"},\"potentialAction\":[{\"@type\":\"SearchAction\",\"target\":{\"@type\":\"EntryPoint\",\"urlTemplate\":\"https:\/\/www.maior.it\/?s={search_term_string}\"},\"query-input\":{\"@type\":\"PropertyValueSpecification\",\"valueRequired\":true,\"valueName\":\"search_term_string\"}}],\"inLanguage\":\"it-IT\"},{\"@type\":\"Organization\",\"@id\":\"https:\/\/www.maior.it\/#organization\",\"name\":\"MAIOR\",\"url\":\"https:\/\/www.maior.it\/\",\"logo\":{\"@type\":\"ImageObject\",\"inLanguage\":\"it-IT\",\"@id\":\"https:\/\/www.maior.it\/#\/schema\/logo\/image\/\",\"url\":\"https:\/\/www.maior.it\/wp-content\/uploads\/2023\/08\/maior-favicon.jpg\",\"contentUrl\":\"https:\/\/www.maior.it\/wp-content\/uploads\/2023\/08\/maior-favicon.jpg\",\"width\":48,\"height\":48,\"caption\":\"MAIOR\"},\"image\":{\"@id\":\"https:\/\/www.maior.it\/#\/schema\/logo\/image\/\"},\"sameAs\":[\"https:\/\/www.instagram.com\/maior.it\",\"https:\/\/www.linkedin.com\/company\/m-a-i-o-r-\/\"]},{\"@type\":\"Person\",\"@id\":\"https:\/\/www.maior.it\/#\/schema\/person\/86c8a8dfd1855850685b62611a92b0ae\",\"name\":\"mentarossa\",\"image\":{\"@type\":\"ImageObject\",\"inLanguage\":\"it-IT\",\"@id\":\"https:\/\/www.maior.it\/#\/schema\/person\/image\/\",\"url\":\"https:\/\/secure.gravatar.com\/avatar\/989259148a9f4e461636de4e7fedd396cf3809275930008cb654afa2eef469ba?s=96&d=mm&r=g\",\"contentUrl\":\"https:\/\/secure.gravatar.com\/avatar\/989259148a9f4e461636de4e7fedd396cf3809275930008cb654afa2eef469ba?s=96&d=mm&r=g\",\"caption\":\"mentarossa\"},\"url\":\"https:\/\/www.maior.it\/it\/author\/mentarossa\/\"}]}<\/script>\n<!-- \/ Yoast SEO plugin. -->","yoast_head_json":{"title":"Il mio viaggio? Lo decido con la app - MAIOR","robots":{"index":"index","follow":"follow","max-snippet":"max-snippet:-1","max-image-preview":"max-image-preview:large","max-video-preview":"max-video-preview:-1"},"canonical":"https:\/\/www.maior.it\/it\/il-mio-viaggio-lo-decido-con-la-app-2\/","og_locale":"it_IT","og_type":"article","og_title":"Il mio viaggio? Lo decido con la app - MAIOR","og_description":"[vc_row full_width=&#8221;stretch_row&#8221; equal_height=&#8221;yes&#8221; wpex_bg_overlay=&#8221;custom&#8221; css=&#8221;.vc_custom_1695912873596{background-image: url(https:\/\/www.maior.it\/wp-content\/uploads\/2023\/09\/passengerapp.jpeg?id=8226) !important;background-position: center !important;background-repeat: no-repeat !important;background-size: cover !important;}&#8221; el_class=&#8221;evento_riga_slide&#8221; wpex_bg_overlay_image=&#8221;1947&#8243; wpex_bg_overlay_opacity=&#8221;0.85&#8243;][vc_column width=&#8221;1\/6&#8243;][\/vc_column][vc_column width=&#8221;2\/3&#8243;][\/vc_column][vc_column width=&#8221;1\/6&#8243;][\/vc_column][\/vc_row][vc_row el_class=&#8221;articolo_riga_content&#8221;][vc_column][vc_column_text css=&#8221;.vc_custom_1710431301016{margin-top: 40px !important;}&#8221; text_align=&#8221;left&#8221;] Il mio viaggio? Lo decido con la app Mobilit\u00e0 on demand e aziende del TPL: una sfida da vincere. Per rispondere alla voglia di autonomia nella scelta delle soluzioni di spostamento,&hellip;","og_url":"https:\/\/www.maior.it\/it\/il-mio-viaggio-lo-decido-con-la-app-2\/","og_site_name":"MAIOR","article_published_time":"2022-05-28T14:38:25+00:00","article_modified_time":"2024-03-14T15:49:47+00:00","og_image":[{"width":553,"height":301,"url":"https:\/\/www.maior.it\/wp-content\/uploads\/2023\/09\/app.jpeg","type":"image\/jpeg"}],"author":"mentarossa","twitter_card":"summary_large_image","twitter_misc":{"Scritto da":"mentarossa","Tempo di lettura stimato":"5 minuti"},"schema":{"@context":"https:\/\/schema.org","@graph":[{"@type":"Article","@id":"https:\/\/www.maior.it\/it\/il-mio-viaggio-lo-decido-con-la-app-2\/#article","isPartOf":{"@id":"https:\/\/www.maior.it\/it\/il-mio-viaggio-lo-decido-con-la-app-2\/"},"author":{"name":"mentarossa","@id":"https:\/\/www.maior.it\/#\/schema\/person\/86c8a8dfd1855850685b62611a92b0ae"},"headline":"Il mio viaggio? Lo decido con la app","datePublished":"2022-05-28T14:38:25+00:00","dateModified":"2024-03-14T15:49:47+00:00","mainEntityOfPage":{"@id":"https:\/\/www.maior.it\/it\/il-mio-viaggio-lo-decido-con-la-app-2\/"},"wordCount":1057,"commentCount":0,"publisher":{"@id":"https:\/\/www.maior.it\/#organization"},"image":{"@id":"https:\/\/www.maior.it\/it\/il-mio-viaggio-lo-decido-con-la-app-2\/#primaryimage"},"thumbnailUrl":"https:\/\/www.maior.it\/wp-content\/uploads\/2023\/09\/app.jpeg","articleSection":["Investigacion y innovacion"],"inLanguage":"it-IT"},{"@type":"WebPage","@id":"https:\/\/www.maior.it\/it\/il-mio-viaggio-lo-decido-con-la-app-2\/","url":"https:\/\/www.maior.it\/it\/il-mio-viaggio-lo-decido-con-la-app-2\/","name":"Il mio viaggio? Lo decido con la app - MAIOR","isPartOf":{"@id":"https:\/\/www.maior.it\/#website"},"primaryImageOfPage":{"@id":"https:\/\/www.maior.it\/it\/il-mio-viaggio-lo-decido-con-la-app-2\/#primaryimage"},"image":{"@id":"https:\/\/www.maior.it\/it\/il-mio-viaggio-lo-decido-con-la-app-2\/#primaryimage"},"thumbnailUrl":"https:\/\/www.maior.it\/wp-content\/uploads\/2023\/09\/app.jpeg","datePublished":"2022-05-28T14:38:25+00:00","dateModified":"2024-03-14T15:49:47+00:00","breadcrumb":{"@id":"https:\/\/www.maior.it\/it\/il-mio-viaggio-lo-decido-con-la-app-2\/#breadcrumb"},"inLanguage":"it-IT","potentialAction":[{"@type":"ReadAction","target":["https:\/\/www.maior.it\/it\/il-mio-viaggio-lo-decido-con-la-app-2\/"]}]},{"@type":"ImageObject","inLanguage":"it-IT","@id":"https:\/\/www.maior.it\/it\/il-mio-viaggio-lo-decido-con-la-app-2\/#primaryimage","url":"https:\/\/www.maior.it\/wp-content\/uploads\/2023\/09\/app.jpeg","contentUrl":"https:\/\/www.maior.it\/wp-content\/uploads\/2023\/09\/app.jpeg","width":553,"height":301,"caption":"Il mio viaggio? Lo decido con la app"},{"@type":"BreadcrumbList","@id":"https:\/\/www.maior.it\/it\/il-mio-viaggio-lo-decido-con-la-app-2\/#breadcrumb","itemListElement":[{"@type":"ListItem","position":1,"name":"Home","item":"https:\/\/www.maior.it\/it\/"},{"@type":"ListItem","position":2,"name":"Il mio viaggio? Lo decido con la app"}]},{"@type":"WebSite","@id":"https:\/\/www.maior.it\/#website","url":"https:\/\/www.maior.it\/","name":"MAIOR","description":"","publisher":{"@id":"https:\/\/www.maior.it\/#organization"},"potentialAction":[{"@type":"SearchAction","target":{"@type":"EntryPoint","urlTemplate":"https:\/\/www.maior.it\/?s={search_term_string}"},"query-input":{"@type":"PropertyValueSpecification","valueRequired":true,"valueName":"search_term_string"}}],"inLanguage":"it-IT"},{"@type":"Organization","@id":"https:\/\/www.maior.it\/#organization","name":"MAIOR","url":"https:\/\/www.maior.it\/","logo":{"@type":"ImageObject","inLanguage":"it-IT","@id":"https:\/\/www.maior.it\/#\/schema\/logo\/image\/","url":"https:\/\/www.maior.it\/wp-content\/uploads\/2023\/08\/maior-favicon.jpg","contentUrl":"https:\/\/www.maior.it\/wp-content\/uploads\/2023\/08\/maior-favicon.jpg","width":48,"height":48,"caption":"MAIOR"},"image":{"@id":"https:\/\/www.maior.it\/#\/schema\/logo\/image\/"},"sameAs":["https:\/\/www.instagram.com\/maior.it","https:\/\/www.linkedin.com\/company\/m-a-i-o-r-\/"]},{"@type":"Person","@id":"https:\/\/www.maior.it\/#\/schema\/person\/86c8a8dfd1855850685b62611a92b0ae","name":"mentarossa","image":{"@type":"ImageObject","inLanguage":"it-IT","@id":"https:\/\/www.maior.it\/#\/schema\/person\/image\/","url":"https:\/\/secure.gravatar.com\/avatar\/989259148a9f4e461636de4e7fedd396cf3809275930008cb654afa2eef469ba?s=96&d=mm&r=g","contentUrl":"https:\/\/secure.gravatar.com\/avatar\/989259148a9f4e461636de4e7fedd396cf3809275930008cb654afa2eef469ba?s=96&d=mm&r=g","caption":"mentarossa"},"url":"https:\/\/www.maior.it\/it\/author\/mentarossa\/"}]}},"_links":{"self":[{"href":"https:\/\/www.maior.it\/it\/wp-json\/wp\/v2\/posts\/14389","targetHints":{"allow":["GET"]}}],"collection":[{"href":"https:\/\/www.maior.it\/it\/wp-json\/wp\/v2\/posts"}],"about":[{"href":"https:\/\/www.maior.it\/it\/wp-json\/wp\/v2\/types\/post"}],"author":[{"embeddable":true,"href":"https:\/\/www.maior.it\/it\/wp-json\/wp\/v2\/users\/2"}],"replies":[{"embeddable":true,"href":"https:\/\/www.maior.it\/it\/wp-json\/wp\/v2\/comments?post=14389"}],"version-history":[{"count":3,"href":"https:\/\/www.maior.it\/it\/wp-json\/wp\/v2\/posts\/14389\/revisions"}],"predecessor-version":[{"id":14396,"href":"https:\/\/www.maior.it\/it\/wp-json\/wp\/v2\/posts\/14389\/revisions\/14396"}],"wp:featuredmedia":[{"embeddable":true,"href":"https:\/\/www.maior.it\/it\/wp-json\/wp\/v2\/media\/8231"}],"wp:attachment":[{"href":"https:\/\/www.maior.it\/it\/wp-json\/wp\/v2\/media?parent=14389"}],"wp:term":[{"taxonomy":"category","embeddable":true,"href":"https:\/\/www.maior.it\/it\/wp-json\/wp\/v2\/categories?post=14389"},{"taxonomy":"post_tag","embeddable":true,"href":"https:\/\/www.maior.it\/it\/wp-json\/wp\/v2\/tags?post=14389"},{"taxonomy":"post_series","embeddable":true,"href":"https:\/\/www.maior.it\/it\/wp-json\/wp\/v2\/post_series?post=14389"}],"curies":[{"name":"wp","href":"https:\/\/api.w.org\/{rel}","templated":true}]}}