{"id":14326,"date":"2023-07-01T12:46:02","date_gmt":"2023-07-01T10:46:02","guid":{"rendered":"https:\/\/www.maior.it\/electric-bus-fleet-management-with-the-maior-suite\/"},"modified":"2024-05-07T10:00:51","modified_gmt":"2024-05-07T08:00:51","slug":"gestione-veicoli-elettrici-maior-suite","status":"publish","type":"post","link":"https:\/\/www.maior.it\/it\/gestione-veicoli-elettrici-maior-suite\/","title":{"rendered":"La gestione dei veicoli elettrici nella nuova MAIOR Suite"},"content":{"rendered":"<section class=\"wpb-content-wrapper\">[vc_row full_width=&#8221;stretch_row&#8221; equal_height=&#8221;yes&#8221; wpex_bg_overlay=&#8221;custom&#8221; css=&#8221;.vc_custom_1693564858225{background-image: url(https:\/\/www.maior.it\/wp-content\/uploads\/2023\/09\/MAIOR-Suite-Electric-bus-fleet-management.jpeg?id=2879) !important;background-position: center !important;background-repeat: no-repeat !important;background-size: cover !important;}&#8221; el_class=&#8221;evento_riga_slide&#8221; wpex_bg_overlay_image=&#8221;1947&#8243; wpex_bg_overlay_opacity=&#8221;0.85&#8243;][vc_column width=&#8221;1\/6&#8243;][\/vc_column][vc_column width=&#8221;2\/3&#8243;]<nav class=\"vcex-breadcrumbs vcex-breadcrumbs--links-inherit-color vcex-breadcrumbs--custom-color center_desktop bread\" style=\"color:#b9d6f4;--vcex-breadcrumbs-sep-color:#b9d6f4;font-size:14px;font-family:&#039;Inter&#039;,sans-serif;line-height:140%;\"><span><span><a href=\"https:\/\/www.maior.it\/it\/\">Home<\/a><\/span><\/span><\/nav><div class=\"vcex-module vcex-page-title center_desktop evento_riga_slide_titolo desktop\"><h2 class=\"wpex-heading vcex-page-title__heading wpex-text-3xl\" style=\"color:#ffffff;\"><span class=\"vcex-page-title__text\">La gestione dei veicoli elettrici nella nuova MAIOR Suite<\/span><\/h2><\/div>[\/vc_column][vc_column width=&#8221;1\/6&#8243;][\/vc_column][\/vc_row][vc_row el_class=&#8221;articolo_riga_content&#8221;][vc_column][vc_column_text css=&#8221;.vc_custom_1710422249809{margin-top: 40px !important;}&#8221; text_align=&#8221;left&#8221;]\n<div class=\"movable removable mosaic-tile mosaic-collective.themefragments.fragment-tile\">\n<div class=\"mosaic-tile-content\">\n<section id=\"section_title_description\" class=\"lrblock\" title=\"Electric bus fleet management with the MAIOR Suite\" data-anchor=\"anchor-Electric bus fleet management with the MAIOR Suite\">\n<div class=\"container flex\">\n<div class=\"halftext bodytext\">\n<div class=\"movable removable mosaic-tile mosaic-collective.themefragments.fragment-tile\">\n<div class=\"mosaic-tile-content\">\n<section id=\"section_title_description\" class=\"lrblock\" title=\"La gestione dei veicoli elettrici nella nuova Suite MAIOR\" data-anchor=\"anchor-La gestione dei veicoli elettrici nella nuova Suite MAIOR\">\n<div class=\"container flex\">\n<div class=\"halftext bodytext\">\n<h2 class=\"h2sectiono\">La gestione dei veicoli elettrici nella nuova MAIOR Suite<\/h2>\n<div class=\"textsectiono textleft\">\n<p>In questo articolo parleremo di come la\u00a0<a href=\"https:\/\/www.maior.it\/it\/soluzioni\/per-autobus-elettrici\/maior-suite-per-autobus-elettrici\/\">Suite MAIOR<\/a>\u00a0intende supportare le aziende di trasporto pubblico locale durante la\u00a0<strong>transizione energetica<\/strong>\u00a0e come pu\u00f2 aiutarle a pianificare e ottimizzare il servizio utilizzando autobus elettrici.<\/p>\n<p>&nbsp;<\/p>\n<\/div>\n<\/div>\n<\/div>\n<\/section>\n<\/div>\n<\/div>\n<div class=\"movable removable mosaic-tile mosaic-collective.themefragments.fragment-tile\">\n<div class=\"mosaic-tile-content\">\n<section id=\"fragment-sectiono\" class=\"lrblock\" title=\"Qual \u00e8 l\u2019approccio da avere quando si parla di veicoli elettrici?\" data-anchor=\"anchor-Qual \u00e8 l\u2019approccio da avere quando si parla di veicoli elettrici?\">\n<div class=\"container flex left\">\n<div class=\"half bodytext\">\n<h2 class=\"h2sectiono\">Qual \u00e8 l\u2019approccio da avere quando si parla di veicoli elettrici?<\/h2>\n<div class=\"textsectiono textleft\">\n<p>Quando si tratta di veicoli elettrici \u00e8 importante adottare un approccio adeguato.<\/p>\n<p>La pianificazione di un servizio con autobus elettrici coinvolge, non solo la pianificazione dei servizi stessi, ma anche i\u00a0<strong>sistemi di ricarica, come le ricariche in deposito e la ricarica tipo \u2018opportunity\u2019.<\/strong><\/p>\n<p>\u00c8 necessario\u00a0<strong>tenere conto dei fattori ambientali<\/strong>, delle tecnologie delle<strong>\u00a0batterie,\u00a0<\/strong>dei servizi di assistenza durante l\u2019erogazione del servizio e della gestione della flotta.<\/p>\n<\/div>\n<\/div>\n<\/div>\n<\/section>\n<\/div>\n<\/div>\n<\/div>\n<\/div>\n<\/section>\n<\/div>\n<\/div>\n<div class=\"movable removable mosaic-tile mosaic-collective.themefragments.fragment-tile\">\n<div class=\"mosaic-tile-content\">\n<section id=\"fragment-sectiono\" class=\"lrblock\" title=\"What is the approach to have when it comes to e-buses?\" data-anchor=\"anchor-What is the approach to have when it comes to e-buses?\">\n<div class=\"container flex left\">\n<div class=\"half bodytext\">\n<div class=\"textsectiono textleft\">\n<p>&nbsp;<\/p>\n<\/div>\n<\/div>\n<\/div>\n<\/section>\n<\/div>\n<\/div>\n[\/vc_column_text][vc_empty_space][vc_single_image image=&#8221;2880&#8243; alignment=&#8221;center&#8221;][vc_column_text css=&#8221;.vc_custom_1710422262585{margin-top: 40px !important;}&#8221; text_align=&#8221;left&#8221;]\n<div class=\"movable removable mosaic-tile mosaic-collective.themefragments.fragment-tile\">\n<div class=\"mosaic-tile-content\">\n<section id=\"section_title_description\" class=\"lrblock\" title=\"What is the goal of the MAIOR Suite?\" data-anchor=\"anchor-What is the goal of the MAIOR Suite?\">\n<div class=\"container flex\">\n<div class=\"halftext bodytext\">\n<div class=\"wpb_text_column wpb_content_element vc_custom_1693994277094\">\n<div class=\"wpb_wrapper\">\n<div class=\"movable removable mosaic-tile mosaic-collective.themefragments.fragment-tile\">\n<div class=\"mosaic-tile-content\">\n<section id=\"section_title_description\" class=\"lrblock\" title=\"Qual \u00e8 l\u2019obiettivo della Suite MAIOR?\" data-anchor=\"anchor-Qual \u00e8 l\u2019obiettivo della Suite MAIOR?\">\n<div class=\"container flex\">\n<div class=\"halftext bodytext\">\n<h2 class=\"h2sectiono\">Qual \u00e8 l\u2019obiettivo della Suite MAIOR?<\/h2>\n<div class=\"textsectiono textleft\">\n<p>L\u2019obiettivo della Suite MAIOR \u00e8 di pianificare il servizio rispettando i vincoli imposti dall\u2019uso di veicoli elettrici.<\/p>\n<p>Nel contesto della pianificazione, \u00e8 importante distinguere le varie fasi coinvolte:<\/p>\n<p>1.\u00a0<strong>Rete e dati di progetto:<\/strong>\u00a0\u00e8 necessario determinare dove allocare i punti di ricarica.\u00a0Si distinguono due tipologie di ricarica:<\/p>\n<p>\u2013 La ricarica notturna (overnight), nei depositi, quando il servizio \u00e8 fermo<\/p>\n<p>\u2013 La ricarica \u2018opportunity\u2019, durante lo svolgimento del servizio<\/p>\n<p>2.\u00a0<strong>Orari:<\/strong>\u00a0\u00e8 importante coprire il servizio tenendo conto delle differenze tra le linee in termini di consumo energetico.<\/p>\n<p>3.\u00a0<strong>Ottimizzazione dei turni macchina:<\/strong>\u00a0\u00e8 necessario considerare tutti i fattori coinvolti senza aumentare il numero di risorse necessarie.<\/p>\n<p>4.\u00a0<strong>Gestione giornaliera:<\/strong>\u00a0durante la fase di gestione, \u00e8 utile avere strumenti di supporto decisionale per affrontare le sfide quotidiane.<\/p>\n<\/div>\n<\/div>\n<\/div>\n<\/section>\n<\/div>\n<\/div>\n<div class=\"movable removable mosaic-tile mosaic-collective.themefragments.fragment-tile\">\n<div class=\"mosaic-tile-content\">\n<section id=\"fragment-sectiono\" class=\"lrblock\" data-anchor=\"anchor-\">\n<div class=\"container flex left\">\n<div class=\"half bodytext\">\n<div class=\"textsectiono textleft\">\n<p>Riferimenti a livello mondiale della pianificazione e gestione di flotte con autobus elettrici con la Suite MAIOR:<\/p>\n<p>\u2013 Italia: Oltre\u00a0<strong>200<\/strong>\u00a0autobus elettrici<\/p>\n<p>\u2013 Qatar:\u00a0<strong>1000<\/strong>\u00a0autobus elettrici<\/p>\n<p>\u2013 Colombia: Oltre\u00a0<strong>400<\/strong>\u00a0autobus elettrici<\/p>\n<\/div>\n<\/div>\n<\/div>\n<\/section>\n<\/div>\n<\/div>\n<div class=\"textsectiono textleft\"><\/div>\n<\/div>\n<\/div>\n<\/div>\n<\/div>\n<\/section>\n<\/div>\n<\/div>\n<div class=\"textsectiono textleft\" style=\"text-align: left;\"><\/div>\n[\/vc_column_text][vc_empty_space][vc_single_image image=&#8221;2881&#8243; alignment=&#8221;center&#8221;][vc_column_text css=&#8221;.vc_custom_1715068844597{margin-top: 40px !important;}&#8221; text_align=&#8221;left&#8221;]\n<h2 class=\"h2sectiono\" style=\"text-align: left;\">Quali sono le sfide della transizione green?<\/h2>\n<div class=\"textsectiono textright\" style=\"text-align: left;\">\n<p>La transizione verso una flotta pi\u00f9 sostenibile presenta diverse sfide. La configurazione e definizione dei parametri relativi alle infrastrutture per veicoli elettrici, inclusi i\u00a0<strong>profili di consumo, la capacit\u00e0 della batteria, la profondit\u00e0 di scarico sono aspetti da tenere presenti quando si gestiscono e-bus.\u00a0<\/strong><\/p>\n<p><span class=\"TextRun SCXW11516898 BCX9\" lang=\"IT-IT\" xml:lang=\"IT-IT\" data-contrast=\"none\"><span class=\"NormalTextRun SCXW11516898 BCX9\">Tra i<\/span><span class=\"NormalTextRun SCXW11516898 BCX9\">\u00a0parametri\u00a0<\/span><span class=\"NormalTextRun SCXW11516898 BCX9\">dei veicoli elettrici che devono essere inseriti nella\u202f<\/span><\/span><strong><a class=\"Hyperlink SCXW11516898 BCX9\" href=\"https:\/\/www.maior.it\/it\/soluzioni\/per-autobus-elettrici\/maior-suite-per-autobus-elettrici\/\" target=\"_blank\" rel=\"noopener noreferrer\"><span class=\"TextRun SCXW11516898 BCX9\" lang=\"IT-IT\" xml:lang=\"IT-IT\" data-contrast=\"none\"><span class=\"NormalTextRun SCXW11516898 BCX9\">Suite MAIOR per una pianificazione efficiente ed efficace delle operazioni con autobus elettrici<\/span><\/span><\/a>\u00a0<\/strong><span class=\"TextRun Highlight SCXW11516898 BCX9\" lang=\"IT-IT\" xml:lang=\"IT-IT\" data-contrast=\"none\"><span class=\"NormalTextRun SCXW11516898 BCX9\">si hanno i parametr<\/span><span class=\"NormalTextRun SCXW11516898 BCX9\">i della\u00a0<\/span><span class=\"NormalTextRun SCXW11516898 BCX9\">batteria:<\/span><\/span><span class=\"TextRun SCXW11516898 BCX9\" lang=\"IT-IT\" xml:lang=\"IT-IT\" data-contrast=\"none\">\u00a0<span class=\"NormalTextRun SCXW11516898 BCX9\">ovvero la\u202f<\/span><\/span><strong><span class=\"TextRun SCXW11516898 BCX9\" lang=\"IT-IT\" xml:lang=\"IT-IT\" data-contrast=\"none\"><span class=\"NormalTextRun SCXW11516898 BCX9\">capacit\u00e0<\/span><\/span><\/strong><span class=\"TextRun SCXW11516898 BCX9\" lang=\"IT-IT\" xml:lang=\"IT-IT\" data-contrast=\"none\"><span class=\"NormalTextRun SCXW11516898 BCX9\">, il\u202f<\/span><\/span><strong><span class=\"TextRun SCXW11516898 BCX9\" lang=\"IT-IT\" xml:lang=\"IT-IT\" data-contrast=\"none\"><span class=\"NormalTextRun SCXW11516898 BCX9\">consumo<\/span><\/span><\/strong><span class=\"TextRun SCXW11516898 BCX9\" lang=\"IT-IT\" xml:lang=\"IT-IT\" data-contrast=\"none\"><span class=\"NormalTextRun SCXW11516898 BCX9\">\u202f(in relazione anche al territorio), la\u202f<\/span><\/span><strong><span class=\"TextRun SCXW11516898 BCX9\" lang=\"IT-IT\" xml:lang=\"IT-IT\" data-contrast=\"none\"><span class=\"NormalTextRun SpellingErrorV2Themed SCXW11516898 BCX9\">DoD<\/span><span class=\"NormalTextRun SCXW11516898 BCX9\">\u00a0(Depth of\u00a0<\/span><span class=\"NormalTextRun SpellingErrorV2Themed SCXW11516898 BCX9\">Discharge<\/span><span class=\"NormalTextRun SCXW11516898 BCX9\">, profondit\u00e0 di scarica)<\/span><\/span><\/strong><span class=\"TextRun SCXW11516898 BCX9\" lang=\"IT-IT\" xml:lang=\"IT-IT\" data-contrast=\"none\"><span class=\"NormalTextRun SCXW11516898 BCX9\">\u202fche rappresenta quanto \u00e8 possibile utilizzare effettivamente la batteria senza comprometterne la durata nel tempo, e la\u202f<\/span><\/span><strong><span class=\"TextRun SCXW11516898 BCX9\" lang=\"IT-IT\" xml:lang=\"IT-IT\" data-contrast=\"none\"><span class=\"NormalTextRun SpellingErrorV2Themed SCXW11516898 BCX9\">SoC<\/span><span class=\"NormalTextRun SCXW11516898 BCX9\">\u00a0(State of\u00a0<\/span><span class=\"NormalTextRun SpellingErrorV2Themed SCXW11516898 BCX9\">Charge<\/span><span class=\"NormalTextRun SCXW11516898 BCX9\">, stato di carica)<\/span><\/span><\/strong><span class=\"TextRun SCXW11516898 BCX9\" lang=\"IT-IT\" xml:lang=\"IT-IT\" data-contrast=\"none\"><span class=\"NormalTextRun SCXW11516898 BCX9\"><strong>\u202f<\/strong>che \u00e8 fondamentale per la pianificazione dell\u2019erogazione del servizio.<\/span><\/span><\/p>\n<\/div>\n<div class=\"textsectiono textright\" style=\"text-align: left;\"><\/div>\n<div style=\"text-align: left;\"><\/div>\n[\/vc_column_text][vc_empty_space][vc_single_image image=&#8221;2882&#8243; alignment=&#8221;center&#8221;][vc_column_text css=&#8221;.vc_custom_1710422295961{margin-top: 40px !important;}&#8221; text_align=&#8221;left&#8221;]\n<div class=\"mosaic-grid-row\">\n<div class=\"mosaic-grid-cell mosaic-width-full mosaic-position-leftmost\">\n<div class=\"movable removable mosaic-tile mosaic-collective.themefragments.fragment-tile\">\n<div class=\"mosaic-tile-content\">\n<section id=\"section_title_description\" class=\"lrblock\" title=\"Green transition: How to plan the transition from a non-electric vehicle service to an EV service?\" data-anchor=\"anchor-Green transition: How to plan the transition from a non-electric vehicle service to an EV service?\">\n<div class=\"container flex\">\n<div class=\"halftext bodytext\">\n<div class=\"wpb_text_column wpb_content_element vc_custom_1696583336356\">\n<div class=\"wpb_wrapper\">\n<div class=\"mosaic-grid-row\">\n<div class=\"mosaic-grid-cell mosaic-width-full mosaic-position-leftmost\">\n<div class=\"movable removable mosaic-tile mosaic-collective.themefragments.fragment-tile\">\n<div class=\"mosaic-tile-content\">\n<section id=\"section_title_description\" class=\"lrblock\" title=\"Transizione green: Come pianificare il passaggio da un servizio con veicoli non-elettrici ad un servizio con veicoli elettrici?\" data-anchor=\"anchor-Transizione green: Come pianificare il passaggio da un servizio con veicoli non-elettrici ad un servizio con veicoli elettrici?\">\n<div class=\"container flex\">\n<div class=\"halftext bodytext\">\n<h2 class=\"h2sectiono\">Transizione green: Come pianificare il passaggio da un servizio con veicoli non-elettrici ad un servizio con veicoli elettrici?<\/h2>\n<div class=\"textsectiono textleft\">\n<p>Ci sono alcuni aspetti da considerare\u00a0<strong>per garantire una pianificazione efficace:<\/strong><\/p>\n<p>1.\u00a0<strong>Valutazione integrata dell\u2019impatto delle corse fuori linea nei turni macchina:<\/strong>\u00a0\u00e8 necessario valutare come le corse fuori programma possono influire sui turni dei veicoli elettrici. Ci\u00f2 implica considerare la disponibilit\u00e0 dei veicoli elettrici per le corse, tenendo conto della loro autonomia e dell\u2019infrastruttura di ricarica. \u00c8 importante stabilire una pianificazione che bilanci le corse fuori linea con la capacit\u00e0 dei veicoli elettrici di mantenere un adeguato livello di carica.<\/p>\n<p>2.\u00a0<strong>Monitoraggio dell\u2019andamento della State of Charge (SoC):<\/strong>\u00a0La SoC rappresenta lo stato di carica delle batterie dei veicoli elettrici. \u00c8 fondamentale monitorare l\u2019andamento della SoC durante le corse per assicurarsi che i veicoli mantengano una carica adeguata per completare i percorsi pianificati. Ci\u00f2 richiede l\u2019utilizzo di sistemi di\u00a0<strong>monitoraggio in tempo reale che consentano di valutare la SoC dei veicoli e adottare eventuali misure correttive, come la riduzione della velocit\u00e0 o la pianificazione di una sosta per la ricarica, se necessario.<\/strong><\/p>\n<p>La pianificazione delle corse con veicoli elettrici richiede una gestione attenta e un\u2019attenzione particolare alla\u00a0<strong>disponibilit\u00e0 e all\u2019autonomia dei veicoli<\/strong>, nonch\u00e9 alla gestione delle infrastrutture di ricarica.<\/p>\n<p>L\u2019utilizzo di strumenti avanzati di pianificazione e monitoraggio, come quelli offerti dalla Suite\u00a0MAIOR,\u00a0pu\u00f2 supportare le aziende nel\u00a0<strong>garantire una transizione senza problemi verso l\u2019utilizzo dei veicoli elettrici, ottimizzando l\u2019efficienza operativa e garantendo una copertura adeguata dei servizi.<\/strong><\/p>\n<\/div>\n<\/div>\n<\/div>\n<\/section>\n<\/div>\n<\/div>\n<\/div>\n<\/div>\n<div class=\"mosaic-grid-row\">\n<div class=\"mosaic-grid-cell mosaic-width-full mosaic-position-leftmost\">\n<div class=\"movable removable mosaic-tile mosaic-collective.themefragments.fragment-tile\">\n<div class=\"mosaic-tile-content\">\n<section id=\"fragment-sectiono\" class=\"lrblock\" data-anchor=\"anchor-\">\n<div class=\"container flex left\">\n<div class=\"half bodytext\">\n<div class=\"textsectiono textleft\">\n<p>A partire dai dati reali, \u00e8 possibile modificare gli attributi dei veicoli elettrici per ottenere una soluzione pi\u00f9 accurata. L\u2019utente pu\u00f2 autonomamente modificare i dati relativi ai diversi parametri per cercare di emulare o simulare l\u2019autonomia effettiva dei veicoli, che potrebbe diminuire nel tempo, utilizzando dati reali del servizio erogato. Ci\u00f2\u00a0<strong>consente di pianificare turni per veicoli elettrici sempre pi\u00f9 affidabili.<\/strong><\/p>\n<p>La<strong>\u00a0<a href=\"https:\/\/www.maior.it\/it\/soluzioni\/per-autobus-elettrici\/maior-suite-per-autobus-elettrici\/\" data-linktype=\"external\" data-val=\"https:\/\/www.maior.it\/it\/veicolielettrici\">Suite\u00a0MAIOR per i veicoli elettrici<\/a>\u00a0<\/strong>si presenta come un prezioso strumento per le aziende che desiderano adottare veicoli elettrici nella loro flotta, offrendo una soluzione completa per la pianificazione, l\u2019ottimizzazione e la gestione efficace di servizi di trasporto energeticamente efficienti,\u00a0contribuendo cos\u00ec alla costruzione di un futuro pi\u00f9 sostenibile.<\/p>\n<\/div>\n<\/div>\n<\/div>\n<\/section>\n<\/div>\n<\/div>\n<\/div>\n<\/div>\n<\/div>\n<\/div>\n<\/div>\n<\/div>\n<\/section>\n<\/div>\n<\/div>\n<\/div>\n<\/div>\n<div class=\"mosaic-grid-row\">\n<div class=\"mosaic-grid-cell mosaic-width-full mosaic-position-leftmost\">\n<div class=\"movable removable mosaic-tile mosaic-collective.themefragments.fragment-tile\">\n<div class=\"mosaic-tile-content\">\n<section id=\"fragment-sectiono\" class=\"lrblock\" data-anchor=\"anchor-\">\n<div class=\"container flex left\">\n<div class=\"half bodytext\">\n<div class=\"textsectiono textleft\">\n<p>&nbsp;<\/p>\n<\/div>\n<\/div>\n<\/div>\n<\/section>\n<\/div>\n<\/div>\n<\/div>\n<\/div>\n[\/vc_column_text][vc_empty_space][vc_single_image image=&#8221;2883&#8243; alignment=&#8221;center&#8221;][\/vc_column][\/vc_row][vc_row el_class=&#8221;margin_top_100&#8243;][vc_column width=&#8221;1\/6&#8243;][\/vc_column][vc_column width=&#8221;2\/3&#8243;][vc_separator color=&#8221;custom&#8221; border_width=&#8221;6&#8243; el_width=&#8221;10&#8243; accent_color=&#8221;#003a69&#8243; el_class=&#8221;desktop&#8221;][vc_separator color=&#8221;custom&#8221; align=&#8221;align_left&#8221; border_width=&#8221;6&#8243; el_width=&#8221;20&#8243; accent_color=&#8221;#003a69&#8243; el_class=&#8221;mobile&#8221;][vc_column_text color=&#8221;#0071bb&#8221; font_size=&#8221;d:19px|pl:16px|pp:16px&#8221; font_family=&#8221;Montserrat&#8221; letter_spacing=&#8221;2.28px&#8221; font_weight=&#8221;600&#8243; text_transform=&#8221;uppercase&#8221; css=&#8221;.vc_custom_1710423167223{margin-top: 15px !important;}&#8221; el_class=&#8221;center_desktop&#8221;]\n<h4>ARGOMENTI CORRELATI<\/h4>\n[\/vc_column_text][\/vc_column][vc_column width=&#8221;1\/6&#8243;][\/vc_column][\/vc_row][vc_row el_class=&#8221;articolo_riga_correlati margin_bot_100&#8243;][vc_column width=&#8221;1\/12&#8243;][\/vc_column][vc_column width=&#8221;10\/12&#8243;][vc_basic_grid post_type=&#8221;post&#8221; max_items=&#8221;2&#8243; element_width=&#8221;6&#8243; item=&#8221;1781&#8243; grid_id=&#8221;vc_gid:1715068828411-147447e8-0cfc-8&#8243; page_id=&#8221;1772&#8243; css=&#8221;.vc_custom_1691137916575{margin-top: 30px !important;}&#8221;][\/vc_column][vc_column width=&#8221;1\/12&#8243;][\/vc_column][\/vc_row][vc_row][vc_column][vc_column_text]\n[\/vc_column_text][\/vc_column][\/vc_row]\n<\/section>","protected":false},"excerpt":{"rendered":"<p>[vc_row full_width=&#8221;stretch_row&#8221; equal_height=&#8221;yes&#8221; wpex_bg_overlay=&#8221;custom&#8221; css=&#8221;.vc_custom_1693564858225{background-image: url(https:\/\/www.maior.it\/wp-content\/uploads\/2023\/09\/MAIOR-Suite-Electric-bus-fleet-management.jpeg?id=2879) !important;background-position: center !important;background-repeat: no-repeat !important;background-size: cover !important;}&#8221; el_class=&#8221;evento_riga_slide&#8221; wpex_bg_overlay_image=&#8221;1947&#8243; wpex_bg_overlay_opacity=&#8221;0.85&#8243;][vc_column width=&#8221;1\/6&#8243;][\/vc_column][vc_column width=&#8221;2\/3&#8243;][\/vc_column][vc_column width=&#8221;1\/6&#8243;][\/vc_column][\/vc_row][vc_row el_class=&#8221;articolo_riga_content&#8221;][vc_column][vc_column_text css=&#8221;.vc_custom_1710422249809{margin-top: 40px !important;}&#8221; text_align=&#8221;left&#8221;] La gestione dei veicoli elettrici nella nuova MAIOR Suite In questo articolo parleremo di come la\u00a0Suite MAIOR\u00a0intende supportare le aziende di trasporto pubblico locale durante la\u00a0transizione energetica\u00a0e come pu\u00f2 aiutarle a&hellip;<\/p>\n","protected":false},"author":2,"featured_media":3975,"comment_status":"open","ping_status":"open","sticky":false,"template":"","format":"standard","meta":{"_acf_changed":false,"inline_featured_image":false,"footnotes":""},"categories":[181],"tags":[],"post_series":[],"class_list":["post-14326","post","type-post","status-publish","format-standard","has-post-thumbnail","hentry","category-e-bus-it","entry","has-media"],"acf":[],"yoast_head":"<!-- This site is optimized with the Yoast SEO plugin v27.1.1 - https:\/\/yoast.com\/product\/yoast-seo-wordpress\/ -->\n<title>La gestione dei veicoli elettrici nella nuova MAIOR Suite - MAIOR<\/title>\n<meta name=\"description\" content=\"Discover how the MAIOR Transit Scheduling Suite helps to support public transport companies during the energy transition.\" \/>\n<meta name=\"robots\" content=\"index, follow, max-snippet:-1, max-image-preview:large, max-video-preview:-1\" \/>\n<link rel=\"canonical\" href=\"https:\/\/www.maior.it\/it\/gestione-veicoli-elettrici-maior-suite\/\" \/>\n<meta property=\"og:locale\" content=\"it_IT\" \/>\n<meta property=\"og:type\" content=\"article\" \/>\n<meta property=\"og:title\" content=\"La gestione dei veicoli elettrici nella nuova MAIOR Suite - MAIOR\" \/>\n<meta property=\"og:description\" content=\"Discover how the MAIOR Transit Scheduling Suite helps to support public transport companies during the energy transition.\" \/>\n<meta property=\"og:url\" content=\"https:\/\/www.maior.it\/it\/gestione-veicoli-elettrici-maior-suite\/\" \/>\n<meta property=\"og:site_name\" content=\"MAIOR\" \/>\n<meta property=\"article:published_time\" content=\"2023-07-01T10:46:02+00:00\" \/>\n<meta property=\"article:modified_time\" content=\"2024-05-07T08:00:51+00:00\" \/>\n<meta property=\"og:image\" content=\"https:\/\/www.maior.it\/wp-content\/uploads\/2023\/09\/ELECTRIC-BUS-FLEET-MANAGEMENT-WITH-THE-MAIOR-SUITE.jpeg\" \/>\n\t<meta property=\"og:image:width\" content=\"553\" \/>\n\t<meta property=\"og:image:height\" content=\"301\" \/>\n\t<meta property=\"og:image:type\" content=\"image\/jpeg\" \/>\n<meta name=\"author\" content=\"mentarossa\" \/>\n<meta name=\"twitter:card\" content=\"summary_large_image\" \/>\n<meta name=\"twitter:label1\" content=\"Scritto da\" \/>\n\t<meta name=\"twitter:data1\" content=\"mentarossa\" \/>\n\t<meta name=\"twitter:label2\" content=\"Tempo di lettura stimato\" \/>\n\t<meta name=\"twitter:data2\" content=\"5 minuti\" \/>\n<script type=\"application\/ld+json\" class=\"yoast-schema-graph\">{\"@context\":\"https:\/\/schema.org\",\"@graph\":[{\"@type\":\"Article\",\"@id\":\"https:\/\/www.maior.it\/it\/gestione-veicoli-elettrici-maior-suite\/#article\",\"isPartOf\":{\"@id\":\"https:\/\/www.maior.it\/it\/gestione-veicoli-elettrici-maior-suite\/\"},\"author\":{\"name\":\"mentarossa\",\"@id\":\"https:\/\/www.maior.it\/#\/schema\/person\/86c8a8dfd1855850685b62611a92b0ae\"},\"headline\":\"La gestione dei veicoli elettrici nella nuova MAIOR Suite\",\"datePublished\":\"2023-07-01T10:46:02+00:00\",\"dateModified\":\"2024-05-07T08:00:51+00:00\",\"mainEntityOfPage\":{\"@id\":\"https:\/\/www.maior.it\/it\/gestione-veicoli-elettrici-maior-suite\/\"},\"wordCount\":1162,\"commentCount\":0,\"publisher\":{\"@id\":\"https:\/\/www.maior.it\/#organization\"},\"image\":{\"@id\":\"https:\/\/www.maior.it\/it\/gestione-veicoli-elettrici-maior-suite\/#primaryimage\"},\"thumbnailUrl\":\"https:\/\/www.maior.it\/wp-content\/uploads\/2023\/09\/ELECTRIC-BUS-FLEET-MANAGEMENT-WITH-THE-MAIOR-SUITE.jpeg\",\"articleSection\":[\"E-bus\"],\"inLanguage\":\"it-IT\"},{\"@type\":\"WebPage\",\"@id\":\"https:\/\/www.maior.it\/it\/gestione-veicoli-elettrici-maior-suite\/\",\"url\":\"https:\/\/www.maior.it\/it\/gestione-veicoli-elettrici-maior-suite\/\",\"name\":\"La gestione dei veicoli elettrici nella nuova MAIOR Suite - MAIOR\",\"isPartOf\":{\"@id\":\"https:\/\/www.maior.it\/#website\"},\"primaryImageOfPage\":{\"@id\":\"https:\/\/www.maior.it\/it\/gestione-veicoli-elettrici-maior-suite\/#primaryimage\"},\"image\":{\"@id\":\"https:\/\/www.maior.it\/it\/gestione-veicoli-elettrici-maior-suite\/#primaryimage\"},\"thumbnailUrl\":\"https:\/\/www.maior.it\/wp-content\/uploads\/2023\/09\/ELECTRIC-BUS-FLEET-MANAGEMENT-WITH-THE-MAIOR-SUITE.jpeg\",\"datePublished\":\"2023-07-01T10:46:02+00:00\",\"dateModified\":\"2024-05-07T08:00:51+00:00\",\"description\":\"Discover how the MAIOR Transit Scheduling Suite helps to support public transport companies during the energy transition.\",\"breadcrumb\":{\"@id\":\"https:\/\/www.maior.it\/it\/gestione-veicoli-elettrici-maior-suite\/#breadcrumb\"},\"inLanguage\":\"it-IT\",\"potentialAction\":[{\"@type\":\"ReadAction\",\"target\":[\"https:\/\/www.maior.it\/it\/gestione-veicoli-elettrici-maior-suite\/\"]}]},{\"@type\":\"ImageObject\",\"inLanguage\":\"it-IT\",\"@id\":\"https:\/\/www.maior.it\/it\/gestione-veicoli-elettrici-maior-suite\/#primaryimage\",\"url\":\"https:\/\/www.maior.it\/wp-content\/uploads\/2023\/09\/ELECTRIC-BUS-FLEET-MANAGEMENT-WITH-THE-MAIOR-SUITE.jpeg\",\"contentUrl\":\"https:\/\/www.maior.it\/wp-content\/uploads\/2023\/09\/ELECTRIC-BUS-FLEET-MANAGEMENT-WITH-THE-MAIOR-SUITE.jpeg\",\"width\":553,\"height\":301,\"caption\":\"La gestione dei veicoli elettrici nella nuova MAIOR Suite\"},{\"@type\":\"BreadcrumbList\",\"@id\":\"https:\/\/www.maior.it\/it\/gestione-veicoli-elettrici-maior-suite\/#breadcrumb\",\"itemListElement\":[{\"@type\":\"ListItem\",\"position\":1,\"name\":\"Home\",\"item\":\"https:\/\/www.maior.it\/it\/\"},{\"@type\":\"ListItem\",\"position\":2,\"name\":\"La gestione dei veicoli elettrici nella nuova MAIOR Suite\"}]},{\"@type\":\"WebSite\",\"@id\":\"https:\/\/www.maior.it\/#website\",\"url\":\"https:\/\/www.maior.it\/\",\"name\":\"MAIOR\",\"description\":\"\",\"publisher\":{\"@id\":\"https:\/\/www.maior.it\/#organization\"},\"potentialAction\":[{\"@type\":\"SearchAction\",\"target\":{\"@type\":\"EntryPoint\",\"urlTemplate\":\"https:\/\/www.maior.it\/?s={search_term_string}\"},\"query-input\":{\"@type\":\"PropertyValueSpecification\",\"valueRequired\":true,\"valueName\":\"search_term_string\"}}],\"inLanguage\":\"it-IT\"},{\"@type\":\"Organization\",\"@id\":\"https:\/\/www.maior.it\/#organization\",\"name\":\"MAIOR\",\"url\":\"https:\/\/www.maior.it\/\",\"logo\":{\"@type\":\"ImageObject\",\"inLanguage\":\"it-IT\",\"@id\":\"https:\/\/www.maior.it\/#\/schema\/logo\/image\/\",\"url\":\"https:\/\/www.maior.it\/wp-content\/uploads\/2023\/08\/maior-favicon.jpg\",\"contentUrl\":\"https:\/\/www.maior.it\/wp-content\/uploads\/2023\/08\/maior-favicon.jpg\",\"width\":48,\"height\":48,\"caption\":\"MAIOR\"},\"image\":{\"@id\":\"https:\/\/www.maior.it\/#\/schema\/logo\/image\/\"},\"sameAs\":[\"https:\/\/www.instagram.com\/maior.it\",\"https:\/\/www.linkedin.com\/company\/m-a-i-o-r-\/\"]},{\"@type\":\"Person\",\"@id\":\"https:\/\/www.maior.it\/#\/schema\/person\/86c8a8dfd1855850685b62611a92b0ae\",\"name\":\"mentarossa\",\"image\":{\"@type\":\"ImageObject\",\"inLanguage\":\"it-IT\",\"@id\":\"https:\/\/www.maior.it\/#\/schema\/person\/image\/\",\"url\":\"https:\/\/secure.gravatar.com\/avatar\/989259148a9f4e461636de4e7fedd396cf3809275930008cb654afa2eef469ba?s=96&d=mm&r=g\",\"contentUrl\":\"https:\/\/secure.gravatar.com\/avatar\/989259148a9f4e461636de4e7fedd396cf3809275930008cb654afa2eef469ba?s=96&d=mm&r=g\",\"caption\":\"mentarossa\"},\"url\":\"https:\/\/www.maior.it\/it\/author\/mentarossa\/\"}]}<\/script>\n<!-- \/ Yoast SEO plugin. -->","yoast_head_json":{"title":"La gestione dei veicoli elettrici nella nuova MAIOR Suite - MAIOR","description":"Discover how the MAIOR Transit Scheduling Suite helps to support public transport companies during the energy transition.","robots":{"index":"index","follow":"follow","max-snippet":"max-snippet:-1","max-image-preview":"max-image-preview:large","max-video-preview":"max-video-preview:-1"},"canonical":"https:\/\/www.maior.it\/it\/gestione-veicoli-elettrici-maior-suite\/","og_locale":"it_IT","og_type":"article","og_title":"La gestione dei veicoli elettrici nella nuova MAIOR Suite - MAIOR","og_description":"Discover how the MAIOR Transit Scheduling Suite helps to support public transport companies during the energy transition.","og_url":"https:\/\/www.maior.it\/it\/gestione-veicoli-elettrici-maior-suite\/","og_site_name":"MAIOR","article_published_time":"2023-07-01T10:46:02+00:00","article_modified_time":"2024-05-07T08:00:51+00:00","og_image":[{"width":553,"height":301,"url":"https:\/\/www.maior.it\/wp-content\/uploads\/2023\/09\/ELECTRIC-BUS-FLEET-MANAGEMENT-WITH-THE-MAIOR-SUITE.jpeg","type":"image\/jpeg"}],"author":"mentarossa","twitter_card":"summary_large_image","twitter_misc":{"Scritto da":"mentarossa","Tempo di lettura stimato":"5 minuti"},"schema":{"@context":"https:\/\/schema.org","@graph":[{"@type":"Article","@id":"https:\/\/www.maior.it\/it\/gestione-veicoli-elettrici-maior-suite\/#article","isPartOf":{"@id":"https:\/\/www.maior.it\/it\/gestione-veicoli-elettrici-maior-suite\/"},"author":{"name":"mentarossa","@id":"https:\/\/www.maior.it\/#\/schema\/person\/86c8a8dfd1855850685b62611a92b0ae"},"headline":"La gestione dei veicoli elettrici nella nuova MAIOR Suite","datePublished":"2023-07-01T10:46:02+00:00","dateModified":"2024-05-07T08:00:51+00:00","mainEntityOfPage":{"@id":"https:\/\/www.maior.it\/it\/gestione-veicoli-elettrici-maior-suite\/"},"wordCount":1162,"commentCount":0,"publisher":{"@id":"https:\/\/www.maior.it\/#organization"},"image":{"@id":"https:\/\/www.maior.it\/it\/gestione-veicoli-elettrici-maior-suite\/#primaryimage"},"thumbnailUrl":"https:\/\/www.maior.it\/wp-content\/uploads\/2023\/09\/ELECTRIC-BUS-FLEET-MANAGEMENT-WITH-THE-MAIOR-SUITE.jpeg","articleSection":["E-bus"],"inLanguage":"it-IT"},{"@type":"WebPage","@id":"https:\/\/www.maior.it\/it\/gestione-veicoli-elettrici-maior-suite\/","url":"https:\/\/www.maior.it\/it\/gestione-veicoli-elettrici-maior-suite\/","name":"La gestione dei veicoli elettrici nella nuova MAIOR Suite - MAIOR","isPartOf":{"@id":"https:\/\/www.maior.it\/#website"},"primaryImageOfPage":{"@id":"https:\/\/www.maior.it\/it\/gestione-veicoli-elettrici-maior-suite\/#primaryimage"},"image":{"@id":"https:\/\/www.maior.it\/it\/gestione-veicoli-elettrici-maior-suite\/#primaryimage"},"thumbnailUrl":"https:\/\/www.maior.it\/wp-content\/uploads\/2023\/09\/ELECTRIC-BUS-FLEET-MANAGEMENT-WITH-THE-MAIOR-SUITE.jpeg","datePublished":"2023-07-01T10:46:02+00:00","dateModified":"2024-05-07T08:00:51+00:00","description":"Discover how the MAIOR Transit Scheduling Suite helps to support public transport companies during the energy transition.","breadcrumb":{"@id":"https:\/\/www.maior.it\/it\/gestione-veicoli-elettrici-maior-suite\/#breadcrumb"},"inLanguage":"it-IT","potentialAction":[{"@type":"ReadAction","target":["https:\/\/www.maior.it\/it\/gestione-veicoli-elettrici-maior-suite\/"]}]},{"@type":"ImageObject","inLanguage":"it-IT","@id":"https:\/\/www.maior.it\/it\/gestione-veicoli-elettrici-maior-suite\/#primaryimage","url":"https:\/\/www.maior.it\/wp-content\/uploads\/2023\/09\/ELECTRIC-BUS-FLEET-MANAGEMENT-WITH-THE-MAIOR-SUITE.jpeg","contentUrl":"https:\/\/www.maior.it\/wp-content\/uploads\/2023\/09\/ELECTRIC-BUS-FLEET-MANAGEMENT-WITH-THE-MAIOR-SUITE.jpeg","width":553,"height":301,"caption":"La gestione dei veicoli elettrici nella nuova MAIOR Suite"},{"@type":"BreadcrumbList","@id":"https:\/\/www.maior.it\/it\/gestione-veicoli-elettrici-maior-suite\/#breadcrumb","itemListElement":[{"@type":"ListItem","position":1,"name":"Home","item":"https:\/\/www.maior.it\/it\/"},{"@type":"ListItem","position":2,"name":"La gestione dei veicoli elettrici nella nuova MAIOR Suite"}]},{"@type":"WebSite","@id":"https:\/\/www.maior.it\/#website","url":"https:\/\/www.maior.it\/","name":"MAIOR","description":"","publisher":{"@id":"https:\/\/www.maior.it\/#organization"},"potentialAction":[{"@type":"SearchAction","target":{"@type":"EntryPoint","urlTemplate":"https:\/\/www.maior.it\/?s={search_term_string}"},"query-input":{"@type":"PropertyValueSpecification","valueRequired":true,"valueName":"search_term_string"}}],"inLanguage":"it-IT"},{"@type":"Organization","@id":"https:\/\/www.maior.it\/#organization","name":"MAIOR","url":"https:\/\/www.maior.it\/","logo":{"@type":"ImageObject","inLanguage":"it-IT","@id":"https:\/\/www.maior.it\/#\/schema\/logo\/image\/","url":"https:\/\/www.maior.it\/wp-content\/uploads\/2023\/08\/maior-favicon.jpg","contentUrl":"https:\/\/www.maior.it\/wp-content\/uploads\/2023\/08\/maior-favicon.jpg","width":48,"height":48,"caption":"MAIOR"},"image":{"@id":"https:\/\/www.maior.it\/#\/schema\/logo\/image\/"},"sameAs":["https:\/\/www.instagram.com\/maior.it","https:\/\/www.linkedin.com\/company\/m-a-i-o-r-\/"]},{"@type":"Person","@id":"https:\/\/www.maior.it\/#\/schema\/person\/86c8a8dfd1855850685b62611a92b0ae","name":"mentarossa","image":{"@type":"ImageObject","inLanguage":"it-IT","@id":"https:\/\/www.maior.it\/#\/schema\/person\/image\/","url":"https:\/\/secure.gravatar.com\/avatar\/989259148a9f4e461636de4e7fedd396cf3809275930008cb654afa2eef469ba?s=96&d=mm&r=g","contentUrl":"https:\/\/secure.gravatar.com\/avatar\/989259148a9f4e461636de4e7fedd396cf3809275930008cb654afa2eef469ba?s=96&d=mm&r=g","caption":"mentarossa"},"url":"https:\/\/www.maior.it\/it\/author\/mentarossa\/"}]}},"_links":{"self":[{"href":"https:\/\/www.maior.it\/it\/wp-json\/wp\/v2\/posts\/14326","targetHints":{"allow":["GET"]}}],"collection":[{"href":"https:\/\/www.maior.it\/it\/wp-json\/wp\/v2\/posts"}],"about":[{"href":"https:\/\/www.maior.it\/it\/wp-json\/wp\/v2\/types\/post"}],"author":[{"embeddable":true,"href":"https:\/\/www.maior.it\/it\/wp-json\/wp\/v2\/users\/2"}],"replies":[{"embeddable":true,"href":"https:\/\/www.maior.it\/it\/wp-json\/wp\/v2\/comments?post=14326"}],"version-history":[{"count":4,"href":"https:\/\/www.maior.it\/it\/wp-json\/wp\/v2\/posts\/14326\/revisions"}],"predecessor-version":[{"id":14849,"href":"https:\/\/www.maior.it\/it\/wp-json\/wp\/v2\/posts\/14326\/revisions\/14849"}],"wp:featuredmedia":[{"embeddable":true,"href":"https:\/\/www.maior.it\/it\/wp-json\/wp\/v2\/media\/3975"}],"wp:attachment":[{"href":"https:\/\/www.maior.it\/it\/wp-json\/wp\/v2\/media?parent=14326"}],"wp:term":[{"taxonomy":"category","embeddable":true,"href":"https:\/\/www.maior.it\/it\/wp-json\/wp\/v2\/categories?post=14326"},{"taxonomy":"post_tag","embeddable":true,"href":"https:\/\/www.maior.it\/it\/wp-json\/wp\/v2\/tags?post=14326"},{"taxonomy":"post_series","embeddable":true,"href":"https:\/\/www.maior.it\/it\/wp-json\/wp\/v2\/post_series?post=14326"}],"curies":[{"name":"wp","href":"https:\/\/api.w.org\/{rel}","templated":true}]}}