{"id":14438,"date":"2020-03-23T15:36:57","date_gmt":"2020-03-23T14:36:57","guid":{"rendered":"https:\/\/www.maior.it\/covid-19-emergency-management\/"},"modified":"2025-02-03T17:56:32","modified_gmt":"2025-02-03T16:56:32","slug":"gestion-emergencia-covid-19","status":"publish","type":"post","link":"https:\/\/www.maior.it\/es\/gestion-emergencia-covid-19\/","title":{"rendered":"Gesti\u00f3n de la emergencia COVID-19"},"content":{"rendered":"<section class=\"wpb-content-wrapper\">[vc_row full_width=&#8221;stretch_row&#8221; equal_height=&#8221;yes&#8221; wpex_bg_overlay=&#8221;custom&#8221; css=&#8221;.vc_custom_1693487952024{background-image: url(https:\/\/www.maior.it\/wp-content\/uploads\/2023\/08\/coronavirus.jpeg?id=2585) !important;background-position: center !important;background-repeat: no-repeat !important;background-size: cover !important;}&#8221; el_class=&#8221;evento_riga_slide&#8221; wpex_bg_overlay_image=&#8221;1947&#8243; wpex_bg_overlay_opacity=&#8221;0.85&#8243;][vc_column width=&#8221;1\/6&#8243;][\/vc_column][vc_column width=&#8221;2\/3&#8243;]<nav class=\"vcex-breadcrumbs vcex-breadcrumbs--links-inherit-color vcex-breadcrumbs--custom-color center_desktop bread\" style=\"color:#b9d6f4;--vcex-breadcrumbs-sep-color:#b9d6f4;font-size:14px;font-family:&#039;Inter&#039;,sans-serif;line-height:140%;\"><span><span><a href=\"https:\/\/www.maior.it\/es\/\">Home<\/a><\/span><\/span><\/nav><div class=\"vcex-module vcex-page-title center_desktop evento_riga_slide_titolo desktop\"><h2 class=\"wpex-heading vcex-page-title__heading wpex-text-3xl\" style=\"color:#ffffff;\"><span class=\"vcex-page-title__text\">Gesti\u00f3n de la emergencia COVID-19<\/span><\/h2><\/div>[\/vc_column][vc_column width=&#8221;1\/6&#8243;][\/vc_column][\/vc_row][vc_row el_class=&#8221;articolo_riga_content&#8221;][vc_column][vc_column_text css=&#8221;.vc_custom_1710498908111{margin-top: 40px !important;}&#8221; text_align=&#8221;left&#8221;]\n<div class=\"wpb_text_column wpb_content_element vc_custom_1695974769419\">\n<div class=\"wpb_wrapper\">\n<h2 style=\"text-align: left;\">Descubre c\u00f3mo las soluciones MAIOR ayudan a las empresas de transporte a responder a las emergencia COVID-19<\/h2>\n<p style=\"text-align: left;\">En todo el mundo, miles de empresas de transporte p\u00fablico han tenido que\u00a0<strong>gestionar continuos cambios en los servicios prestados para hacer frente a la emergencia del coronavirus<\/strong>. Los clientes de MAIOR han podido contar con la flexibilidad e integridad de nuestras soluciones para superar este reto sin dificultad.<\/p>\n<p style=\"text-align: left;\">El an\u00e1lisis de\u00a0<strong>escenarios<\/strong>, la facilidad de\u00a0<strong>remodelaci\u00f3n del servicio<\/strong>, la velocidad en la\u00a0<strong>optimizaci\u00f3n de los recursos<\/strong>, la rapidez en la\u00a0<strong>comunicaci\u00f3n con el personal<\/strong>\u00a0y la<strong>\u00a0informaci\u00f3n oportuna a los usuarios<\/strong>\u00a0son las caracter\u00edsticas m\u00e1s apreciadas de las soluciones de MAIOR en la gesti\u00f3n de COVID-19.<\/p>\n<p style=\"text-align: left;\">Descubre m\u00e1s en los testimonios de algunos de nuestros clientes.\u00a0<strong><a href=\"https:\/\/www.linkedin.com\/company\/m-a-i-o-r-\/\" data-linktype=\"external\" data-val=\"https:\/\/www.linkedin.com\/company\/m-a-i-o-r-\/\">S\u00edguenos en LinkedIn.<\/a><\/strong><\/p>\n<\/div>\n<\/div>\n[\/vc_column_text][vc_column_text css=&#8221;.vc_custom_1710498921288{margin-top: 40px !important;}&#8221; text_align=&#8221;left&#8221;]\n<h2 class=\"h2sectiono\" style=\"text-align: left;\">Mil\u00e1n, Italia<\/h2>\n<h4 class=\"h4sectiono\" style=\"text-align: left;\">GESTI\u00d3N DE LA INFORMACI\u00d3N AL PERSONAL Y A LOS USUARIOS<\/h4>\n<div class=\"textsectiono textright\" style=\"text-align: left;\">\n<p><em>\u201cLas semanas de emergencia nos han puesto a prueba y, en muy poco tiempo en modalidad smart working, gracias a la\u00a0<strong>flexibilidad y facilidad de uso del software MAIOR<\/strong>,\u00a0<\/em><em>hemos podido modificar y reprogramar decenas de servicios diferentes. Hemos\u00a0<strong>publicado correcta y puntualmente el nuevo servicio<\/strong>\u00a0y hemos actualizado el servicio para las oficinas externas,\u00a0<strong>comunicando a los conductores los turnos de trabajo v\u00eda smartphone<\/strong>. En previsi\u00f3n del proceso de recuperaci\u00f3n ser\u00e1 fundamental formular hip\u00f3tesis sobre diferentes escenarios y el sistema MAIOR ser\u00e1 indispensable\u00a0<strong>para poner en l\u00ednea r\u00e1pidamente el servicio<\/strong>\u00a0con indicaciones adecuadas\u201d.<\/em><\/p>\n<\/div>\n<div class=\"textsectiono textright\">\n<p style=\"text-align: left;\"><strong>Diego Cecchini<\/strong>, Desarrollo del Servizio,\u00a0<strong><a href=\"http:\/\/autoguidovie.it\/\" target=\"_blank\" rel=\"noopener noreferrer\" data-linktype=\"external\" data-val=\"http:\/\/autoguidovie.it\/\">Autoguidovie S.p.A.<\/a><\/strong><\/p>\n<\/div>\n<div class=\"textsectiono textright\" style=\"text-align: left;\"><\/div>\n[\/vc_column_text][vc_empty_space][vc_single_image image=&#8221;2572&#8243; alignment=&#8221;center&#8221;][vc_column_text css=&#8221;.vc_custom_1710498942663{margin-top: 40px !important;}&#8221; text_align=&#8221;left&#8221;]\n<h2 class=\"h2sectiono\" style=\"text-align: left;\">Regi\u00f3n del Lacio, Italia<\/h2>\n<h4 class=\"h4sectiono\" style=\"text-align: left;\">BEST PRACTICE: GESTI\u00d3N DE LAS VARIACIONES DEL SERVICIO<\/h4>\n<div class=\"textsectiono textleft\" style=\"text-align: left;\">\n<p><em>\u201cPara hacer frente a esta emergencia, desde los primeros d\u00edas, comenzamos a preparar\u00a0<strong>varios escenarios operacionales<\/strong>\u00a0que nos permitieran reaccionar r\u00e1pidamente a la necesidad de limitar el servicio.<br \/>\nLa flexibilidad en la gesti\u00f3n del calendario del\u00a0<strong>software MAIOR<\/strong>\u00a0nos permiti\u00f3 elegir el escenario operativo a efectuar diariamente, en funci\u00f3n de la sucesi\u00f3n de \u00f3rdenes de la Regi\u00f3n del Lacio y las cambiantes restricciones de acceso a las zonas rojas. De esta manera, tambi\u00e9n hemos asegurado una informaci\u00f3n\u00a0<strong>oportuna y puntual<\/strong>\u00a0a los usuarios\u201d.<\/em><\/p>\n<\/div>\n<div class=\"textsectiono textleft\">\n<p style=\"text-align: left;\"><strong>Fabio Toscano<\/strong>, Responsable de Programaci\u00f3n y Aplicativos MAIOR,\u00a0<strong><a href=\"https:\/\/www.cotralspa.it\/\" target=\"_blank\" rel=\"noopener noreferrer\" data-linktype=\"external\" data-val=\"https:\/\/www.cotralspa.it\/\">Cotral Spa<\/a><\/strong><\/p>\n<\/div>\n<div class=\"textsectiono textleft\"><\/div>\n[\/vc_column_text][vc_empty_space][vc_single_image image=&#8221;2580&#8243; alignment=&#8221;center&#8221;][vc_column_text css=&#8221;.vc_custom_1710498950847{margin-top: 40px !important;}&#8221; text_align=&#8221;left&#8221;]\n<div class=\"wpb_text_column wpb_content_element vc_custom_1695974695301\">\n<div class=\"wpb_wrapper\">\n<h2 class=\"h2sectiono\" style=\"text-align: left;\">Regi\u00f3n de Las Marcas, Italia<\/h2>\n<h4 class=\"h4sectiono\" style=\"text-align: left;\">REPROGRAMACI\u00d3N DEL SERVICIO CON MAIOR IN CLOUD<\/h4>\n<div class=\"textsectiono textright\" style=\"text-align: left;\">\n<p><em>\u201c<strong>Usando la suite de MAIOR directamente desde casa<\/strong>\u00a0pudimos gestionar r\u00e1pidamente la reducci\u00f3n del servicio necesario para\u00a0afrontar esta emergencia. Hemos modificado las rutas, los viajes, y los turnos de conductores.\u00a0<strong>En poco m\u00e1s de un d\u00eda, la programaci\u00f3n del nuevo servicio estaba lista<\/strong>\u00a0para ser comunicada a los usuarios y a todos los interesados. Adem\u00e1s, notificamos a los conductores de los\u00a0<strong>nuevos turnos a trav\u00e9s de la aplicaci\u00f3n web de\u00a0la suite<\/strong>, y ellos pueden seguir introduciendo sus solicitudes de vacaciones, permisos o licencias parentales f\u00e1cilmente desde su smartphone sin tener que ir a la oficina de recursos humanos, que sigue comprobando y aprobando todo a distancia\u201d.<\/em><\/p>\n<\/div>\n<div class=\"textsectiono textright\">\n<p style=\"text-align: left;\"><strong>Deborah\u00a0<\/strong><strong>Mesolella<\/strong>, Jefe de Programaci\u00f3n y Control de Servicio,\u00a0<a href=\"http:\/\/www.amibus.it\/\" target=\"_blank\" rel=\"noopener noreferrer\" data-linktype=\"external\" data-val=\"http:\/\/www.amibus.it\/\"><strong>AMI\u00a0<\/strong><strong>SpA<\/strong><\/a><\/p>\n<\/div>\n<\/div>\n<\/div>\n<div class=\"textsectiono textright\"><\/div>\n[\/vc_column_text][vc_empty_space][vc_single_image image=&#8221;2583&#8243; alignment=&#8221;center&#8221;][\/vc_column][\/vc_row][vc_row el_class=&#8221;margin_top_100&#8243;][vc_column width=&#8221;1\/6&#8243;][\/vc_column][vc_column width=&#8221;2\/3&#8243;][vc_separator color=&#8221;custom&#8221; border_width=&#8221;6&#8243; el_width=&#8221;10&#8243; accent_color=&#8221;#003a69&#8243; el_class=&#8221;desktop&#8221;][vc_separator color=&#8221;custom&#8221; align=&#8221;align_left&#8221; border_width=&#8221;6&#8243; el_width=&#8221;20&#8243; accent_color=&#8221;#003a69&#8243; el_class=&#8221;mobile&#8221;][vc_column_text color=&#8221;#0071bb&#8221; font_size=&#8221;d:19px|pl:16px|pp:16px&#8221; font_family=&#8221;Montserrat&#8221; letter_spacing=&#8221;2.28px&#8221; font_weight=&#8221;600&#8243; text_transform=&#8221;uppercase&#8221; css=&#8221;.vc_custom_1710498959198{margin-top: 15px !important;}&#8221; el_class=&#8221;center_desktop&#8221;]\n<h4>TEMAS RELACIONADOS<\/h4>\n[\/vc_column_text][\/vc_column][vc_column width=&#8221;1\/6&#8243;][\/vc_column][\/vc_row][vc_row el_class=&#8221;articolo_riga_correlati margin_bot_100&#8243;][vc_column width=&#8221;1\/12&#8243;][\/vc_column][vc_column width=&#8221;10\/12&#8243;][vc_basic_grid post_type=&#8221;post&#8221; max_items=&#8221;2&#8243; element_width=&#8221;6&#8243; item=&#8221;8525&#8243; grid_id=&#8221;vc_gid:1738601783572-f8fcc20b-5802-10&#8243; page_id=&#8221;1772&#8243; css=&#8221;.vc_custom_1738601791057{margin-top: 30px !important;}&#8221;][\/vc_column][vc_column width=&#8221;1\/12&#8243;][\/vc_column][\/vc_row]\n<\/section>","protected":false},"excerpt":{"rendered":"<p>[vc_row full_width=&#8221;stretch_row&#8221; equal_height=&#8221;yes&#8221; wpex_bg_overlay=&#8221;custom&#8221; css=&#8221;.vc_custom_1693487952024{background-image: url(https:\/\/www.maior.it\/wp-content\/uploads\/2023\/08\/coronavirus.jpeg?id=2585) !important;background-position: center !important;background-repeat: no-repeat !important;background-size: cover !important;}&#8221; el_class=&#8221;evento_riga_slide&#8221; wpex_bg_overlay_image=&#8221;1947&#8243; wpex_bg_overlay_opacity=&#8221;0.85&#8243;][vc_column width=&#8221;1\/6&#8243;][\/vc_column][vc_column width=&#8221;2\/3&#8243;][\/vc_column][vc_column width=&#8221;1\/6&#8243;][\/vc_column][\/vc_row][vc_row el_class=&#8221;articolo_riga_content&#8221;][vc_column][vc_column_text css=&#8221;.vc_custom_1710498908111{margin-top: 40px !important;}&#8221; text_align=&#8221;left&#8221;] Descubre c\u00f3mo las soluciones MAIOR ayudan a las empresas de transporte a responder a las emergencia COVID-19 En todo el mundo, miles de empresas de transporte p\u00fablico han tenido que\u00a0gestionar continuos&hellip;<\/p>\n","protected":false},"author":2,"featured_media":3620,"comment_status":"open","ping_status":"open","sticky":false,"template":"","format":"standard","meta":{"_acf_changed":false,"inline_featured_image":false,"footnotes":""},"categories":[20],"tags":[],"post_series":[],"class_list":["post-14438","post","type-post","status-publish","format-standard","has-post-thumbnail","hentry","category-sin-categorizar","entry","has-media"],"acf":[],"yoast_head":"<!-- This site is optimized with the Yoast SEO plugin v27.1.1 - https:\/\/yoast.com\/product\/yoast-seo-wordpress\/ -->\n<title>Gesti\u00f3n de la emergencia COVID-19 - MAIOR<\/title>\n<meta name=\"description\" content=\"Around the world, thousands of public transportation agencies\u00a0are facing a new challenge. MAIOR customers have been able to count on the flexibility and completeness of our solutions.\" \/>\n<meta name=\"robots\" content=\"index, follow, max-snippet:-1, max-image-preview:large, max-video-preview:-1\" \/>\n<link rel=\"canonical\" href=\"https:\/\/www.maior.it\/pt-pt\/gestao-de-emergencia-covid-19\/\" \/>\n<meta property=\"og:locale\" content=\"es_ES\" \/>\n<meta property=\"og:type\" content=\"article\" \/>\n<meta property=\"og:title\" content=\"Gesti\u00f3n de la emergencia COVID-19 - MAIOR\" \/>\n<meta property=\"og:description\" content=\"Around the world, thousands of public transportation agencies\u00a0are facing a new challenge. MAIOR customers have been able to count on the flexibility and completeness of our solutions.\" \/>\n<meta property=\"og:url\" content=\"https:\/\/www.maior.it\/pt-pt\/gestao-de-emergencia-covid-19\/\" \/>\n<meta property=\"og:site_name\" content=\"MAIOR\" \/>\n<meta property=\"article:published_time\" content=\"2020-03-23T14:36:57+00:00\" \/>\n<meta property=\"article:modified_time\" content=\"2025-02-03T16:56:32+00:00\" \/>\n<meta property=\"og:image\" content=\"https:\/\/www.maior.it\/wp-content\/uploads\/2023\/08\/Coronavirus-emergency-bus.png\" \/>\n\t<meta property=\"og:image:width\" content=\"551\" \/>\n\t<meta property=\"og:image:height\" content=\"300\" \/>\n\t<meta property=\"og:image:type\" content=\"image\/png\" \/>\n<meta name=\"author\" content=\"mentarossa\" \/>\n<meta name=\"twitter:card\" content=\"summary_large_image\" \/>\n<meta name=\"twitter:label1\" content=\"Escrito por\" \/>\n\t<meta name=\"twitter:data1\" content=\"mentarossa\" \/>\n\t<meta name=\"twitter:label2\" content=\"Tiempo de lectura\" \/>\n\t<meta name=\"twitter:data2\" content=\"3 minutos\" \/>\n<script type=\"application\/ld+json\" class=\"yoast-schema-graph\">{\"@context\":\"https:\/\/schema.org\",\"@graph\":[{\"@type\":\"Article\",\"@id\":\"https:\/\/www.maior.it\/pt-pt\/gestao-de-emergencia-covid-19\/#article\",\"isPartOf\":{\"@id\":\"https:\/\/www.maior.it\/pt-pt\/gestao-de-emergencia-covid-19\/\"},\"author\":{\"name\":\"mentarossa\",\"@id\":\"https:\/\/www.maior.it\/#\/schema\/person\/86c8a8dfd1855850685b62611a92b0ae\"},\"headline\":\"Gesti\u00f3n de la emergencia COVID-19\",\"datePublished\":\"2020-03-23T14:36:57+00:00\",\"dateModified\":\"2025-02-03T16:56:32+00:00\",\"mainEntityOfPage\":{\"@id\":\"https:\/\/www.maior.it\/pt-pt\/gestao-de-emergencia-covid-19\/\"},\"wordCount\":885,\"commentCount\":0,\"publisher\":{\"@id\":\"https:\/\/www.maior.it\/#organization\"},\"image\":{\"@id\":\"https:\/\/www.maior.it\/pt-pt\/gestao-de-emergencia-covid-19\/#primaryimage\"},\"thumbnailUrl\":\"https:\/\/www.maior.it\/wp-content\/uploads\/2023\/08\/Coronavirus-emergency-bus.png\",\"articleSection\":[\"Investigacion y innovacion\"],\"inLanguage\":\"es\"},{\"@type\":\"WebPage\",\"@id\":\"https:\/\/www.maior.it\/pt-pt\/gestao-de-emergencia-covid-19\/\",\"url\":\"https:\/\/www.maior.it\/pt-pt\/gestao-de-emergencia-covid-19\/\",\"name\":\"Gesti\u00f3n de la emergencia COVID-19 - MAIOR\",\"isPartOf\":{\"@id\":\"https:\/\/www.maior.it\/#website\"},\"primaryImageOfPage\":{\"@id\":\"https:\/\/www.maior.it\/pt-pt\/gestao-de-emergencia-covid-19\/#primaryimage\"},\"image\":{\"@id\":\"https:\/\/www.maior.it\/pt-pt\/gestao-de-emergencia-covid-19\/#primaryimage\"},\"thumbnailUrl\":\"https:\/\/www.maior.it\/wp-content\/uploads\/2023\/08\/Coronavirus-emergency-bus.png\",\"datePublished\":\"2020-03-23T14:36:57+00:00\",\"dateModified\":\"2025-02-03T16:56:32+00:00\",\"description\":\"Around the world, thousands of public transportation agencies\u00a0are facing a new challenge. MAIOR customers have been able to count on the flexibility and completeness of our solutions.\",\"breadcrumb\":{\"@id\":\"https:\/\/www.maior.it\/pt-pt\/gestao-de-emergencia-covid-19\/#breadcrumb\"},\"inLanguage\":\"es\",\"potentialAction\":[{\"@type\":\"ReadAction\",\"target\":[\"https:\/\/www.maior.it\/pt-pt\/gestao-de-emergencia-covid-19\/\"]}]},{\"@type\":\"ImageObject\",\"inLanguage\":\"es\",\"@id\":\"https:\/\/www.maior.it\/pt-pt\/gestao-de-emergencia-covid-19\/#primaryimage\",\"url\":\"https:\/\/www.maior.it\/wp-content\/uploads\/2023\/08\/Coronavirus-emergency-bus.png\",\"contentUrl\":\"https:\/\/www.maior.it\/wp-content\/uploads\/2023\/08\/Coronavirus-emergency-bus.png\",\"width\":551,\"height\":300,\"caption\":\"Gesti\u00f3n de la emergencia COVID-19\"},{\"@type\":\"BreadcrumbList\",\"@id\":\"https:\/\/www.maior.it\/pt-pt\/gestao-de-emergencia-covid-19\/#breadcrumb\",\"itemListElement\":[{\"@type\":\"ListItem\",\"position\":1,\"name\":\"Home\",\"item\":\"https:\/\/www.maior.it\/es\/\"},{\"@type\":\"ListItem\",\"position\":2,\"name\":\"Gesti\u00f3n de la emergencia COVID-19\"}]},{\"@type\":\"WebSite\",\"@id\":\"https:\/\/www.maior.it\/#website\",\"url\":\"https:\/\/www.maior.it\/\",\"name\":\"MAIOR\",\"description\":\"\",\"publisher\":{\"@id\":\"https:\/\/www.maior.it\/#organization\"},\"potentialAction\":[{\"@type\":\"SearchAction\",\"target\":{\"@type\":\"EntryPoint\",\"urlTemplate\":\"https:\/\/www.maior.it\/?s={search_term_string}\"},\"query-input\":{\"@type\":\"PropertyValueSpecification\",\"valueRequired\":true,\"valueName\":\"search_term_string\"}}],\"inLanguage\":\"es\"},{\"@type\":\"Organization\",\"@id\":\"https:\/\/www.maior.it\/#organization\",\"name\":\"MAIOR\",\"url\":\"https:\/\/www.maior.it\/\",\"logo\":{\"@type\":\"ImageObject\",\"inLanguage\":\"es\",\"@id\":\"https:\/\/www.maior.it\/#\/schema\/logo\/image\/\",\"url\":\"https:\/\/www.maior.it\/wp-content\/uploads\/2023\/08\/maior-favicon.jpg\",\"contentUrl\":\"https:\/\/www.maior.it\/wp-content\/uploads\/2023\/08\/maior-favicon.jpg\",\"width\":48,\"height\":48,\"caption\":\"MAIOR\"},\"image\":{\"@id\":\"https:\/\/www.maior.it\/#\/schema\/logo\/image\/\"},\"sameAs\":[\"https:\/\/www.instagram.com\/maior.it\",\"https:\/\/www.linkedin.com\/company\/m-a-i-o-r-\/\"]},{\"@type\":\"Person\",\"@id\":\"https:\/\/www.maior.it\/#\/schema\/person\/86c8a8dfd1855850685b62611a92b0ae\",\"name\":\"mentarossa\",\"image\":{\"@type\":\"ImageObject\",\"inLanguage\":\"es\",\"@id\":\"https:\/\/www.maior.it\/#\/schema\/person\/image\/\",\"url\":\"https:\/\/secure.gravatar.com\/avatar\/989259148a9f4e461636de4e7fedd396cf3809275930008cb654afa2eef469ba?s=96&d=mm&r=g\",\"contentUrl\":\"https:\/\/secure.gravatar.com\/avatar\/989259148a9f4e461636de4e7fedd396cf3809275930008cb654afa2eef469ba?s=96&d=mm&r=g\",\"caption\":\"mentarossa\"},\"url\":\"https:\/\/www.maior.it\/es\/author\/mentarossa\/\"}]}<\/script>\n<!-- \/ Yoast SEO plugin. -->","yoast_head_json":{"title":"Gesti\u00f3n de la emergencia COVID-19 - MAIOR","description":"Around the world, thousands of public transportation agencies\u00a0are facing a new challenge. MAIOR customers have been able to count on the flexibility and completeness of our solutions.","robots":{"index":"index","follow":"follow","max-snippet":"max-snippet:-1","max-image-preview":"max-image-preview:large","max-video-preview":"max-video-preview:-1"},"canonical":"https:\/\/www.maior.it\/pt-pt\/gestao-de-emergencia-covid-19\/","og_locale":"es_ES","og_type":"article","og_title":"Gesti\u00f3n de la emergencia COVID-19 - MAIOR","og_description":"Around the world, thousands of public transportation agencies\u00a0are facing a new challenge. MAIOR customers have been able to count on the flexibility and completeness of our solutions.","og_url":"https:\/\/www.maior.it\/pt-pt\/gestao-de-emergencia-covid-19\/","og_site_name":"MAIOR","article_published_time":"2020-03-23T14:36:57+00:00","article_modified_time":"2025-02-03T16:56:32+00:00","og_image":[{"width":551,"height":300,"url":"https:\/\/www.maior.it\/wp-content\/uploads\/2023\/08\/Coronavirus-emergency-bus.png","type":"image\/png"}],"author":"mentarossa","twitter_card":"summary_large_image","twitter_misc":{"Escrito por":"mentarossa","Tiempo de lectura":"3 minutos"},"schema":{"@context":"https:\/\/schema.org","@graph":[{"@type":"Article","@id":"https:\/\/www.maior.it\/pt-pt\/gestao-de-emergencia-covid-19\/#article","isPartOf":{"@id":"https:\/\/www.maior.it\/pt-pt\/gestao-de-emergencia-covid-19\/"},"author":{"name":"mentarossa","@id":"https:\/\/www.maior.it\/#\/schema\/person\/86c8a8dfd1855850685b62611a92b0ae"},"headline":"Gesti\u00f3n de la emergencia COVID-19","datePublished":"2020-03-23T14:36:57+00:00","dateModified":"2025-02-03T16:56:32+00:00","mainEntityOfPage":{"@id":"https:\/\/www.maior.it\/pt-pt\/gestao-de-emergencia-covid-19\/"},"wordCount":885,"commentCount":0,"publisher":{"@id":"https:\/\/www.maior.it\/#organization"},"image":{"@id":"https:\/\/www.maior.it\/pt-pt\/gestao-de-emergencia-covid-19\/#primaryimage"},"thumbnailUrl":"https:\/\/www.maior.it\/wp-content\/uploads\/2023\/08\/Coronavirus-emergency-bus.png","articleSection":["Investigacion y innovacion"],"inLanguage":"es"},{"@type":"WebPage","@id":"https:\/\/www.maior.it\/pt-pt\/gestao-de-emergencia-covid-19\/","url":"https:\/\/www.maior.it\/pt-pt\/gestao-de-emergencia-covid-19\/","name":"Gesti\u00f3n de la emergencia COVID-19 - MAIOR","isPartOf":{"@id":"https:\/\/www.maior.it\/#website"},"primaryImageOfPage":{"@id":"https:\/\/www.maior.it\/pt-pt\/gestao-de-emergencia-covid-19\/#primaryimage"},"image":{"@id":"https:\/\/www.maior.it\/pt-pt\/gestao-de-emergencia-covid-19\/#primaryimage"},"thumbnailUrl":"https:\/\/www.maior.it\/wp-content\/uploads\/2023\/08\/Coronavirus-emergency-bus.png","datePublished":"2020-03-23T14:36:57+00:00","dateModified":"2025-02-03T16:56:32+00:00","description":"Around the world, thousands of public transportation agencies\u00a0are facing a new challenge. MAIOR customers have been able to count on the flexibility and completeness of our solutions.","breadcrumb":{"@id":"https:\/\/www.maior.it\/pt-pt\/gestao-de-emergencia-covid-19\/#breadcrumb"},"inLanguage":"es","potentialAction":[{"@type":"ReadAction","target":["https:\/\/www.maior.it\/pt-pt\/gestao-de-emergencia-covid-19\/"]}]},{"@type":"ImageObject","inLanguage":"es","@id":"https:\/\/www.maior.it\/pt-pt\/gestao-de-emergencia-covid-19\/#primaryimage","url":"https:\/\/www.maior.it\/wp-content\/uploads\/2023\/08\/Coronavirus-emergency-bus.png","contentUrl":"https:\/\/www.maior.it\/wp-content\/uploads\/2023\/08\/Coronavirus-emergency-bus.png","width":551,"height":300,"caption":"Gesti\u00f3n de la emergencia COVID-19"},{"@type":"BreadcrumbList","@id":"https:\/\/www.maior.it\/pt-pt\/gestao-de-emergencia-covid-19\/#breadcrumb","itemListElement":[{"@type":"ListItem","position":1,"name":"Home","item":"https:\/\/www.maior.it\/es\/"},{"@type":"ListItem","position":2,"name":"Gesti\u00f3n de la emergencia COVID-19"}]},{"@type":"WebSite","@id":"https:\/\/www.maior.it\/#website","url":"https:\/\/www.maior.it\/","name":"MAIOR","description":"","publisher":{"@id":"https:\/\/www.maior.it\/#organization"},"potentialAction":[{"@type":"SearchAction","target":{"@type":"EntryPoint","urlTemplate":"https:\/\/www.maior.it\/?s={search_term_string}"},"query-input":{"@type":"PropertyValueSpecification","valueRequired":true,"valueName":"search_term_string"}}],"inLanguage":"es"},{"@type":"Organization","@id":"https:\/\/www.maior.it\/#organization","name":"MAIOR","url":"https:\/\/www.maior.it\/","logo":{"@type":"ImageObject","inLanguage":"es","@id":"https:\/\/www.maior.it\/#\/schema\/logo\/image\/","url":"https:\/\/www.maior.it\/wp-content\/uploads\/2023\/08\/maior-favicon.jpg","contentUrl":"https:\/\/www.maior.it\/wp-content\/uploads\/2023\/08\/maior-favicon.jpg","width":48,"height":48,"caption":"MAIOR"},"image":{"@id":"https:\/\/www.maior.it\/#\/schema\/logo\/image\/"},"sameAs":["https:\/\/www.instagram.com\/maior.it","https:\/\/www.linkedin.com\/company\/m-a-i-o-r-\/"]},{"@type":"Person","@id":"https:\/\/www.maior.it\/#\/schema\/person\/86c8a8dfd1855850685b62611a92b0ae","name":"mentarossa","image":{"@type":"ImageObject","inLanguage":"es","@id":"https:\/\/www.maior.it\/#\/schema\/person\/image\/","url":"https:\/\/secure.gravatar.com\/avatar\/989259148a9f4e461636de4e7fedd396cf3809275930008cb654afa2eef469ba?s=96&d=mm&r=g","contentUrl":"https:\/\/secure.gravatar.com\/avatar\/989259148a9f4e461636de4e7fedd396cf3809275930008cb654afa2eef469ba?s=96&d=mm&r=g","caption":"mentarossa"},"url":"https:\/\/www.maior.it\/es\/author\/mentarossa\/"}]}},"_links":{"self":[{"href":"https:\/\/www.maior.it\/es\/wp-json\/wp\/v2\/posts\/14438","targetHints":{"allow":["GET"]}}],"collection":[{"href":"https:\/\/www.maior.it\/es\/wp-json\/wp\/v2\/posts"}],"about":[{"href":"https:\/\/www.maior.it\/es\/wp-json\/wp\/v2\/types\/post"}],"author":[{"embeddable":true,"href":"https:\/\/www.maior.it\/es\/wp-json\/wp\/v2\/users\/2"}],"replies":[{"embeddable":true,"href":"https:\/\/www.maior.it\/es\/wp-json\/wp\/v2\/comments?post=14438"}],"version-history":[{"count":4,"href":"https:\/\/www.maior.it\/es\/wp-json\/wp\/v2\/posts\/14438\/revisions"}],"predecessor-version":[{"id":20650,"href":"https:\/\/www.maior.it\/es\/wp-json\/wp\/v2\/posts\/14438\/revisions\/20650"}],"wp:featuredmedia":[{"embeddable":true,"href":"https:\/\/www.maior.it\/es\/wp-json\/wp\/v2\/media\/3620"}],"wp:attachment":[{"href":"https:\/\/www.maior.it\/es\/wp-json\/wp\/v2\/media?parent=14438"}],"wp:term":[{"taxonomy":"category","embeddable":true,"href":"https:\/\/www.maior.it\/es\/wp-json\/wp\/v2\/categories?post=14438"},{"taxonomy":"post_tag","embeddable":true,"href":"https:\/\/www.maior.it\/es\/wp-json\/wp\/v2\/tags?post=14438"},{"taxonomy":"post_series","embeddable":true,"href":"https:\/\/www.maior.it\/es\/wp-json\/wp\/v2\/post_series?post=14438"}],"curies":[{"name":"wp","href":"https:\/\/api.w.org\/{rel}","templated":true}]}}