{"id":14422,"date":"2021-07-01T10:35:47","date_gmt":"2021-07-01T08:35:47","guid":{"rendered":"https:\/\/www.maior.it\/an-interview-with-our-ceo\/"},"modified":"2025-02-03T17:57:39","modified_gmt":"2025-02-03T16:57:39","slug":"entrevista-nuestro-director-general","status":"publish","type":"post","link":"https:\/\/www.maior.it\/es\/entrevista-nuestro-director-general\/","title":{"rendered":"Entrevista con nuestro Director General"},"content":{"rendered":"<section class=\"wpb-content-wrapper\">[vc_row full_width=&#8221;stretch_row&#8221; equal_height=&#8221;yes&#8221; wpex_bg_overlay=&#8221;custom&#8221; css=&#8221;.vc_custom_1693558013074{background-image: url(https:\/\/www.maior.it\/wp-content\/uploads\/2023\/09\/Leopoldo-Girardi.jpeg?id=2725) !important;background-position: center !important;background-repeat: no-repeat !important;background-size: cover !important;}&#8221; el_class=&#8221;evento_riga_slide&#8221; wpex_bg_overlay_image=&#8221;1947&#8243; wpex_bg_overlay_opacity=&#8221;0.85&#8243;][vc_column width=&#8221;1\/6&#8243;][\/vc_column][vc_column width=&#8221;2\/3&#8243;]<nav class=\"vcex-breadcrumbs vcex-breadcrumbs--links-inherit-color vcex-breadcrumbs--custom-color center_desktop bread\" style=\"color:#b9d6f4;--vcex-breadcrumbs-sep-color:#b9d6f4;font-size:14px;font-family:&#039;Inter&#039;,sans-serif;line-height:140%;\"><span><span><a href=\"https:\/\/www.maior.it\/es\/\">Home<\/a><\/span><\/span><\/nav><div class=\"vcex-module vcex-page-title center_desktop evento_riga_slide_titolo desktop\"><h2 class=\"wpex-heading vcex-page-title__heading wpex-text-3xl\" style=\"color:#ffffff;\"><span class=\"vcex-page-title__text\">Entrevista con nuestro Director General<\/span><\/h2><\/div>[\/vc_column][vc_column width=&#8221;1\/6&#8243;][\/vc_column][\/vc_row][vc_row el_class=&#8221;articolo_riga_content&#8221;][vc_column][vc_column_text css=&#8221;.vc_custom_1710497304441{margin-top: 40px !important;}&#8221; text_align=&#8221;left&#8221;]\n<div class=\"mosaic-grid-row\">\n<div class=\"mosaic-grid-cell mosaic-width-full mosaic-position-leftmost\">\n<div class=\"movable removable mosaic-tile mosaic-collective.themefragments.fragment-tile\">\n<div class=\"mosaic-tile-content\">\n<section id=\"section_title_description\" class=\"lrblock\" title=\"An Interview with our CEO\" data-anchor=\"anchor-An Interview with our CEO\">\n<div class=\"container flex\">\n<div class=\"halftext bodytext\">\n<div class=\"wpb_text_column wpb_content_element vc_custom_1695975081843\">\n<div class=\"wpb_wrapper\">\n<h2 class=\"h2sectiono\" style=\"text-align: left;\">Entrevista con nuestro Director General<\/h2>\n<div class=\"textsectiono textleft\" style=\"text-align: left;\">\n<p><strong>Leopoldo Girardi es el Director General de MAIOR.<\/strong>\u00a0Hace parte en la empresa desde sus inicios y ha seguido de cerca las vicisitudes que han llevado a MAIOR a convertirse en un l\u00edder nacional y, posteriormente, a conquistar espacios importantes a nivel internacional.<\/p>\n<p>En esta entrevista, Leopoldo nos habla del nacimiento de MAIOR, del esp\u00edritu de la empresa y nos explica los elementos que la hacen \u00fanica. Tambi\u00e9n describe la importancia de las actividades de<strong>\u00a0I+D<\/strong>\u00a0y las\u00a0<strong>relaciones con el mundo acad\u00e9mico<\/strong>, y plantea una hip\u00f3tesis sobre los retos que se avecinan.<\/p>\n<\/div>\n<\/div>\n<\/div>\n<div class=\"wpb_text_column wpb_content_element vc_custom_1695975093959\" style=\"text-align: left;\">\n<div class=\"wpb_wrapper\">\n<h2 class=\"h2sectiono\">\u00bfC\u00f3mo empez\u00f3 MAIOR?<\/h2>\n<p>&nbsp;<\/p>\n<div class=\"textsectiono textleft\">\n<p>MAIOR nace a finales de los a\u00f1os 80 como una especie de\u00a0<strong>spin-off<\/strong>, ante litteram, de la\u00a0<strong>Universidad de Pisa<\/strong>, cuando un peque\u00f1o grupo de profesores y reci\u00e9n graduados de esta universidad comenzaron a centrar sus actividades en la<strong>\u00a0investigaci\u00f3n operativa<\/strong>. Angelo Davini y luego Antonella Albano y yo acab\u00e1bamos de graduarnos con el\u00a0<strong>profesor Paolo Carraresi<\/strong>, y lo que ten\u00edamos en com\u00fan era la pasi\u00f3n por la investigaci\u00f3n operativa y por el desarrollo de modelos matem\u00e1ticos y algoritmos de optimizaci\u00f3n.<\/p>\n<p>La historia de MAIOR comienza con un grupo de amigos motivados por el deseo de crear algo juntos.<\/p>\n<\/div>\n<div class=\"textsectiono textright\"><\/div>\n<\/div>\n<\/div>\n<div class=\"wpb_text_column wpb_content_element vc_custom_1695975101183\">\n<div class=\"wpb_wrapper\">\n<h2 class=\"h2sectiono\" style=\"text-align: left;\">\u00bfQu\u00e9 significa el acr\u00f3nimo?<\/h2>\n<div class=\"textsectiono textright\">\n<p style=\"text-align: left;\">El acr\u00f3nimo \u201c<strong>M.A.I.O.R.<\/strong>\u201d significa Management, Artificial Intelligence and Operations Research.<\/p>\n<p style=\"text-align: left;\">La Investigaci\u00f3n Operativa era el core, pero los primeros experimentos con la Inteligencia Artificial ya se hac\u00edan entonces, de forma compatible con las posibilidades que ofrec\u00edan los computadores de la \u00e9poca. La M se refiri\u00f3 a la oportunidad de proporcionar\u00a0<strong>herramientas de gesti\u00f3n<\/strong>\u00a0principalmente a las empresas de transporte, pero no solo a estas. Si bien la idea inicial era expandirse a otros mercados, en realidad, crecimos sobre todo en el mundo del transporte p\u00fablico, empezando por los\u00a0<strong>autobuses<\/strong>, luego por las\u00a0<strong>compa\u00f1\u00edas a\u00e9reas<\/strong>\u00a0y el<strong>\u00a0transporte ferroviario<\/strong>.<\/p>\n<\/div>\n<\/div>\n<\/div>\n<\/div>\n<\/div>\n<\/section>\n<\/div>\n<\/div>\n<\/div>\n<\/div>\n<div class=\"mosaic-grid-row\">\n<div class=\"mosaic-grid-cell mosaic-width-full mosaic-position-leftmost\">\n<div class=\"movable removable mosaic-tile mosaic-collective.themefragments.fragment-tile\">\n<div class=\"mosaic-tile-content\">\n<section id=\"fragment-sectiono\" class=\"lrblock\" title=\"What does the acronym mean?\" data-anchor=\"anchor-What does the acronym mean?\">\n<div class=\"container flex right\">\n<div class=\"half bodytext\">\n<div class=\"textsectiono textright\">\n<p>&nbsp;<\/p>\n<\/div>\n<\/div>\n<\/div>\n<\/section>\n<\/div>\n<\/div>\n<\/div>\n<\/div>\n[\/vc_column_text][vc_empty_space][vc_single_image image=&#8221;2697&#8243; alignment=&#8221;center&#8221;][vc_column_text css=&#8221;.vc_custom_1710497323296{margin-top: 40px !important;}&#8221; text_align=&#8221;left&#8221;]\n<div class=\"movable removable mosaic-tile mosaic-collective.themefragments.fragment-tile\">\n<div class=\"mosaic-tile-content\">\n<section id=\"section_title_description\" class=\"lrblock\" title=\"What is the difference between Artificial Intelligence and Operations Research?\" data-anchor=\"anchor-What is the difference between Artificial Intelligence and Operations Research?\">\n<div class=\"container flex\">\n<div class=\"halftext bodytext\">\n<div class=\"movable removable mosaic-tile mosaic-collective.themefragments.fragment-tile\">\n<div class=\"mosaic-tile-content\">\n<section id=\"section_title_description\" class=\"lrblock\" title=\"\u00bfCu\u00e1l es la diferencia entre la Inteligencia Artificial y la Investigaci\u00f3n Operativa?\" data-anchor=\"anchor-\u00bfCu\u00e1l es la diferencia entre la Inteligencia Artificial y la Investigaci\u00f3n Operativa?\">\n<div class=\"container flex\">\n<div class=\"halftext bodytext\">\n<h2 class=\"h2sectiono\" style=\"text-align: left;\">\u00bfCu\u00e1l es la diferencia entre la Inteligencia Artificial y la Investigaci\u00f3n Operativa?<\/h2>\n<div class=\"textsectiono textleft\" style=\"text-align: left;\">\n<p>MAIOR fue fundada con la IA y la IO, pero se ha desarrollado principalmente con la\u00a0<strong>Investigaci\u00f3n Operativa<\/strong>. Cuando tengo que describir la diferencia entre ambas tecnolog\u00edas, siempre me gusta citar una frase pronunciada por el\u00a0<strong>profesor Antonio Frangioni<\/strong>, del Departamento de Inform\u00e1tica de la Universidad de Pisa: \u201cLa inteligencia artificial hace lo que esperas, mientras que la investifacion operativa hace lo que pides\u201d.<\/p>\n<\/div>\n<\/div>\n<\/div>\n<\/section>\n<\/div>\n<\/div>\n<div class=\"movable removable mosaic-tile mosaic-collective.themefragments.fragment-tile\">\n<div class=\"mosaic-tile-content\">\n<section id=\"fragment-sectiono\" class=\"lrblock\" data-anchor=\"anchor-\">\n<div class=\"container flex left\">\n<div class=\"half bodytext\">\n<div class=\"textsectiono textleft\">\n<p style=\"text-align: left;\">Y es que la\u00a0<strong>inteligencia artificial<\/strong>, a pesar de su nombre, tiene poco de creativa. Es un sistema que intenta replicar de forma \u201cmec\u00e1nica\u201d lo que har\u00eda una persona; consigue sorprenderte por lo mucho que se parece a ti, mas no por la calidad de la soluci\u00f3n que encuentra. La\u00a0<strong>investigaci\u00f3n operativa<\/strong>, en cambio, es capaz de encontrar soluciones inesperadas que responden exactamente a lo que pides.<\/p>\n<p style=\"text-align: left;\">Hoy en d\u00eda, la IA es \u00fatil sobre todo para facilitar el\u00a0<strong>trabajo diario<\/strong>, haci\u00e9ndolo menos repetitivo al sugerir peque\u00f1as soluciones. Por su parte, la investigaci\u00f3n operativa se sigue prefiriendo cuando se tiene un\u00a0<strong>problema muy complicado<\/strong>\u00a0y se quiere encontrar la<strong>\u00a0soluci\u00f3n perfecta<\/strong>.<\/p>\n<\/div>\n<\/div>\n<\/div>\n<\/section>\n<\/div>\n<\/div>\n<\/div>\n<\/div>\n<\/section>\n<\/div>\n<\/div>\n<div class=\"movable removable mosaic-tile mosaic-collective.themefragments.fragment-tile\">\n<div class=\"mosaic-tile-content\">\n<section id=\"fragment-sectiono\" class=\"lrblock\" data-anchor=\"anchor-\">\n<div class=\"container flex left\">\n<div class=\"half bodytext\">\n<div class=\"textsectiono textleft\">\n<p>&nbsp;<\/p>\n<\/div>\n<\/div>\n<\/div>\n<\/section>\n<\/div>\n<\/div>\n[\/vc_column_text][vc_empty_space][vc_single_image image=&#8221;2700&#8243; alignment=&#8221;center&#8221;][vc_column_text css=&#8221;.vc_custom_1710497338832{margin-top: 40px !important;}&#8221; text_align=&#8221;left&#8221;]\n<div class=\"movable removable mosaic-tile mosaic-collective.themefragments.fragment-tile\">\n<div class=\"mosaic-tile-content\">\n<section id=\"section_title_description\" class=\"lrblock\" title=\"What are the main cultural elements in MAIOR?\" data-anchor=\"anchor-What are the main cultural elements in MAIOR?\">\n<div class=\"container flex\">\n<div class=\"halftext bodytext\">\n<div class=\"movable removable mosaic-tile mosaic-collective.themefragments.fragment-tile\">\n<div class=\"mosaic-tile-content\">\n<section id=\"section_title_description\" class=\"lrblock\" title=\"\u00bfCu\u00e1les son los elementos que inspiran la cultura corporativa de MAIOR?\" data-anchor=\"anchor-\u00bfCu\u00e1les son los elementos que inspiran la cultura corporativa de MAIOR?\">\n<div class=\"container flex\">\n<div class=\"halftext bodytext\">\n<h2 class=\"h2sectiono\" style=\"text-align: left;\">\u00bfCu\u00e1les son los elementos que inspiran la cultura corporativa de MAIOR?<\/h2>\n<div class=\"textsectiono textleft\" style=\"text-align: left;\">\n<p>Estoy convencido de que MAIOR aporta un poco de Italia en el extranjero:\u00a0<strong>versatilidad, creatividad y capacidad para abordar los problemas de forma diferente.\u00a0<\/strong><\/p>\n<p>&nbsp;<\/p>\n<\/div>\n<\/div>\n<\/div>\n<\/section>\n<\/div>\n<\/div>\n<div class=\"movable removable mosaic-tile mosaic-collective.themefragments.fragment-tile\">\n<div class=\"mosaic-tile-content\">\n<section id=\"fragment-sectiono\" class=\"lrblock\" data-anchor=\"anchor-\">\n<div class=\"container flex left\">\n<div class=\"half bodytext\">\n<div class=\"textsectiono textleft\">\n<p style=\"text-align: left;\">Somos conscientes de haber desarrollado un software importante y muy bien estructurado, fruto de a\u00f1os de trabajo e investigaci\u00f3n. Sin embargo, ese software existe y funciona s\u00f3lo gracias al componente humano, destinado a nuestro personal, nuestros socios y nuestros clientes.<\/p>\n<p style=\"text-align: left;\">El nuestro es un mercado de nicho y cada cliente tiene su propia historia y tiene caracter\u00edsticas \u00fanicas que quiere seguir manteniendo.\u00a0 En este sentido la\u00a0<strong>atenci\u00f3n de MAIOR a las necesidades especiales es constante y prioritaria.<\/strong><\/p>\n<\/div>\n<\/div>\n<\/div>\n<\/section>\n<\/div>\n<\/div>\n<\/div>\n<\/div>\n<\/section>\n<\/div>\n<\/div>\n<div class=\"movable removable mosaic-tile mosaic-collective.themefragments.fragment-tile\">\n<div class=\"mosaic-tile-content\">\n<section id=\"fragment-sectiono\" class=\"lrblock\" data-anchor=\"anchor-\">\n<div class=\"container flex left\">\n<div class=\"half bodytext\">\n<div class=\"textsectiono textleft\">\n<p>&nbsp;<\/p>\n<\/div>\n<\/div>\n<\/div>\n<\/section>\n<\/div>\n<\/div>\n[\/vc_column_text][vc_empty_space][vc_single_image image=&#8221;2701&#8243; alignment=&#8221;center&#8221;][vc_column_text css=&#8221;.vc_custom_1710497354472{margin-top: 40px !important;}&#8221; text_align=&#8221;left&#8221;]\n<div class=\"movable removable mosaic-tile mosaic-collective.themefragments.fragment-tile\">\n<div class=\"mosaic-tile-content\">\n<section id=\"section_title_description\" class=\"lrblock\" title=\"What are the main cultural elements in MAIOR?\" data-anchor=\"anchor-What are the main cultural elements in MAIOR?\">\n<div class=\"container flex\">\n<div class=\"halftext bodytext\">\n<div class=\"movable removable mosaic-tile mosaic-collective.themefragments.fragment-tile\">\n<div class=\"mosaic-tile-content\">\n<section id=\"section_title_description\" class=\"lrblock\" title=\"Why do customers choose MAIOR?\" data-anchor=\"anchor-Why do customers choose MAIOR?\">\n<div class=\"container flex\">\n<div class=\"halftext bodytext\">\n<div class=\"movable removable mosaic-tile mosaic-collective.themefragments.fragment-tile\">\n<div class=\"mosaic-tile-content\">\n<section id=\"section_title_description\" class=\"lrblock\" title=\"\u00bfPor qu\u00e9 los clientes eligen MAIOR?\" data-anchor=\"anchor-\u00bfPor qu\u00e9 los clientes eligen MAIOR?\">\n<div class=\"container flex\">\n<div class=\"halftext bodytext\">\n<h2 class=\"h2sectiono\" style=\"text-align: left;\">\u00bfPor qu\u00e9 los clientes eligen MAIOR?<\/h2>\n<div class=\"textsectiono textleft\" style=\"text-align: left;\">\n<p>Creo que los clientes nos eligen porque quieren cambiar y mejorar. Hasta hace unos a\u00f1os, herramientas como nuestra Suite MAIOR no estaban todav\u00eda muy extendidas, por lo que para una empresa confiar en MAIOR era una opci\u00f3n extremadamente innovadora, fuertemente ligada al<strong>\u00a0deseo de hacer las cosas de forma diferente.<\/strong><\/p>\n<p>&nbsp;<\/p>\n<\/div>\n<\/div>\n<\/div>\n<\/section>\n<\/div>\n<\/div>\n<div class=\"movable removable mosaic-tile mosaic-collective.themefragments.fragment-tile\">\n<div class=\"mosaic-tile-content\">\n<section id=\"fragment-sectiono\" class=\"lrblock\" data-anchor=\"anchor-\">\n<div class=\"container flex right\">\n<div class=\"half bodytext\">\n<div class=\"textsectiono textright\">\n<p style=\"text-align: left;\">Hoy es diferente, quienes acuden a nosotros suelen venir de un competidor y<strong>\u00a0eligen MAIOR porque reconocen la alta calidad de lo que hacemos<\/strong>, pero sobre todo aprecian el esp\u00edritu que mencion\u00e9 antes: la atenci\u00f3n a las necesidades espec\u00edficas de cada realidad.<\/p>\n<p style=\"text-align: left;\">Creo que el alto \u00edndice de fidelidad de nuestros clientes se debe precisamente a esto, al hecho de que siempre ofrecemos<strong>\u00a0soluciones\u00a0de acuerdo con las\u00a0necesidades espec\u00edficas<\/strong>.<\/p>\n<\/div>\n<\/div>\n<\/div>\n<\/section>\n<\/div>\n<\/div>\n<\/div>\n<\/div>\n<\/section>\n<\/div>\n<\/div>\n<div class=\"movable removable mosaic-tile mosaic-collective.themefragments.fragment-tile\">\n<div class=\"mosaic-tile-content\">\n<section id=\"fragment-sectiono\" class=\"lrblock\" data-anchor=\"anchor-\">\n<div class=\"container flex right\">\n<div class=\"half bodytext\">\n<div class=\"textsectiono textright\">\n<p>&nbsp;<\/p>\n<\/div>\n<\/div>\n<\/div>\n<\/section>\n<\/div>\n<\/div>\n<\/div>\n<\/div>\n<\/section>\n<\/div>\n<\/div>\n[\/vc_column_text][vc_empty_space][vc_single_image image=&#8221;2703&#8243; alignment=&#8221;center&#8221;][vc_column_text css=&#8221;.vc_custom_1710497375088{margin-top: 40px !important;}&#8221; text_align=&#8221;left&#8221;]\n<div class=\"movable removable mosaic-tile mosaic-collective.themefragments.fragment-tile\">\n<div class=\"mosaic-tile-content\">\n<section id=\"section_title_description\" class=\"lrblock\" title=\"What makes MAIOR an innovative company?\" data-anchor=\"anchor-What makes MAIOR an innovative company?\">\n<div class=\"container flex\">\n<div class=\"halftext bodytext\">\n<div class=\"movable removable mosaic-tile mosaic-collective.themefragments.fragment-tile\">\n<div class=\"mosaic-tile-content\">\n<section id=\"section_title_description\" class=\"lrblock\" title=\"\u00bfQu\u00e9 es lo que hace de MAIOR una empresa innovadora?\" data-anchor=\"anchor-\u00bfQu\u00e9 es lo que hace de MAIOR una empresa innovadora?\">\n<div class=\"container flex\">\n<div class=\"halftext bodytext\">\n<h2 class=\"h2sectiono\" style=\"text-align: left;\">\u00bfQu\u00e9 es lo que hace de MAIOR una empresa innovadora?<\/h2>\n<div class=\"textsectiono textleft\" style=\"text-align: left;\">\n<p>La estrecha relaci\u00f3n con la\u00a0<strong>Universidad de Pisa<\/strong>, desde los comienzos de la empresa, ha hecho que el elemento innovador sea muy importante desde el principio.<\/p>\n<p>&nbsp;<\/p>\n<\/div>\n<\/div>\n<\/div>\n<\/section>\n<\/div>\n<\/div>\n<div class=\"movable removable mosaic-tile mosaic-collective.themefragments.fragment-tile\">\n<div class=\"mosaic-tile-content\">\n<section id=\"fragment-sectiono\" class=\"lrblock\" data-anchor=\"anchor-\">\n<div class=\"container flex left\">\n<div class=\"half bodytext\">\n<div class=\"textsectiono textleft\">\n<p style=\"text-align: left;\">Est\u00e1bamos a finales de los a\u00f1os 80 y los computadores estaban muy lejos de lo que ser\u00edan despu\u00e9s, es decir, estamos hablando de una pantalla negra con caracteres verdes y sin ning\u00fan tipo de gr\u00e1fica.<\/p>\n<p style=\"text-align: left;\">Los fundadores, Paolo Carraresi y Angelo Davini, estaban convencidos de que era necesario crear aplicaciones con interfaces gr\u00e1ficas bien hechas y que para ello era necesario desarrollarlas en el Macintosh de Apple, el \u00fanico sistema que en ese momento lo permit\u00eda.<\/p>\n<p style=\"text-align: left;\">As\u00ed, nuestro software\u00a0<strong>fue uno de los primeros del mundo con el que se pudo interactuar de forma sencilla e intuitiva.<\/strong><\/p>\n<\/div>\n<\/div>\n<\/div>\n<\/section>\n<\/div>\n<\/div>\n<\/div>\n<\/div>\n<\/section>\n<\/div>\n<\/div>\n[\/vc_column_text][vc_empty_space][vc_single_image image=&#8221;2705&#8243; alignment=&#8221;center&#8221;][vc_column_text css=&#8221;.vc_custom_1710497398928{margin-top: 40px !important;}&#8221; text_align=&#8221;left&#8221;]\n<div class=\"movable removable mosaic-tile mosaic-collective.themefragments.fragment-tile\">\n<div class=\"mosaic-tile-content\">\n<section id=\"section_title_description\" class=\"lrblock\" title=\"What will be the future of the public transport world?\" data-anchor=\"anchor-What will be the future of the public transport world?\">\n<div class=\"container flex\">\n<div class=\"halftext bodytext\">\n<div class=\"movable removable mosaic-tile mosaic-collective.themefragments.fragment-tile\">\n<div class=\"mosaic-tile-content\">\n<section id=\"section_title_description\" class=\"lrblock\" title=\"\u00bfCu\u00e1l ser\u00e1 el futuro del mundo del transporte?\" data-anchor=\"anchor-\u00bfCu\u00e1l ser\u00e1 el futuro del mundo del transporte?\">\n<div class=\"container flex\">\n<div class=\"halftext bodytext\">\n<h2 class=\"h2sectiono\" style=\"text-align: left;\">\u00bfCu\u00e1l ser\u00e1 el futuro del mundo del transporte?<\/h2>\n<div class=\"textsectiono textleft\" style=\"text-align: left;\">\n<p>Las necesidades de la\u00a0<strong>nueva normalidad<\/strong>\u00a0y el d<strong>istanciamiento social ligado a las consecuencias de la pandemia<\/strong>, la tendencia a utilizar cada vez m\u00e1s m\u00e9todos alternativos de movilidad, como el\u00a0<strong>car sharing<\/strong>, el\u00a0<strong>bike sharing<\/strong>, el<strong>\u00a0scooter sharing<\/strong>, as\u00ed como el desarrollo de nuevas tecnolog\u00edas, como los\u00a0<strong>veh\u00edculos el\u00e9ctricos y aut\u00f3nomos<\/strong>, son elementos que jugar\u00e1n un papel importante en los pr\u00f3ximos a\u00f1os.<\/p>\n<p>Siempre me ha llamado la atenci\u00f3n que, a pesar de que Italia es un pa\u00eds formado por muchas ciudades que tienen una historia muy antigua, con centros hist\u00f3ricos hechos para ir a pie o, como mucho, en carruaje, hoy en d\u00eda la movilidad suave a\u00fan no ha conseguido establecerse. Las personas que se mueven\u00a0<strong>a pie<\/strong>,<strong>\u00a0en bicicleta<\/strong>\u00a0o con\u00a0<strong>veh\u00edculos el\u00e9ctricos no son muchas.<\/strong><\/p>\n<\/div>\n<\/div>\n<\/div>\n<\/section>\n<\/div>\n<\/div>\n<div class=\"movable removable mosaic-tile mosaic-collective.themefragments.fragment-tile\">\n<div class=\"mosaic-tile-content\">\n<section id=\"fragment-sectiono\" class=\"lrblock\" data-anchor=\"anchor-\">\n<div class=\"container flex left\">\n<div class=\"half bodytext\">\n<div class=\"textsectiono textleft\">\n<p style=\"text-align: left;\">Esto se debe a que el transporte p\u00fablico no es algo que haga historia por s\u00ed mismo. Las formas en que nos movemos no est\u00e1n simplemente vinculadas a las\u00a0<strong>infraestructuras de transporte<\/strong>, sino que est\u00e1n relacionadas con la\u00a0<strong>planificaci\u00f3n urbana<\/strong>, por lo tanto con las opciones con las que se construyen y estructuran las ciudades.<\/p>\n<p style=\"text-align: left;\"><strong>Los escenarios futuros de movilidad depender\u00e1n en gran medida de las decisiones de planificaci\u00f3n urbana que tomemos hoy.<\/strong><\/p>\n<\/div>\n<\/div>\n<\/div>\n<\/section>\n<\/div>\n<\/div>\n<\/div>\n<\/div>\n<\/section>\n<\/div>\n<\/div>\n<div class=\"movable removable mosaic-tile mosaic-collective.themefragments.fragment-tile\">\n<div class=\"mosaic-tile-content\">\n<section id=\"fragment-sectiono\" class=\"lrblock\" data-anchor=\"anchor-\">\n<div class=\"container flex left\">\n<div class=\"half bodytext\">\n<div class=\"textsectiono textleft\">\n<p>&nbsp;<\/p>\n<\/div>\n<\/div>\n<\/div>\n<\/section>\n<\/div>\n<\/div>\n[\/vc_column_text][vc_empty_space][vc_single_image image=&#8221;2708&#8243; alignment=&#8221;center&#8221;][vc_column_text css=&#8221;.vc_custom_1710497413815{margin-top: 40px !important;}&#8221; text_align=&#8221;left&#8221;]\n<div class=\"half bodytext\">\n<div class=\"textsectiono textright\">\n<p style=\"text-align: center;\">El\u00a0<strong>caos urban\u00edstico<\/strong>\u00a0va necesariamente de la mano del<strong>\u00a0caos del transporte<\/strong>. Por el contrario, si la planificaci\u00f3n urbana funciona correctamente, el transporte tambi\u00e9n puede funcionar. El futuro depender\u00e1 mucho de las manos en las que lo pongamos. Si las decisiones que se tomen son adecuadas,<strong>\u00a0las nuevas formas de movilidad, tambi\u00e9n ligadas a las nuevas tecnolog\u00edas, tendr\u00e1n mucho \u00e9xito.<\/strong><\/p>\n<\/div>\n<\/div>\n[\/vc_column_text][vc_empty_space][vc_single_image image=&#8221;2711&#8243; alignment=&#8221;center&#8221;][vc_column_text css=&#8221;.vc_custom_1710497429585{margin-top: 40px !important;}&#8221; text_align=&#8221;left&#8221;]\n<div class=\"movable removable mosaic-tile mosaic-collective.themefragments.fragment-tile\">\n<div class=\"mosaic-tile-content\">\n<section id=\"section_title_description\" class=\"lrblock\" title=\"How important is research and development for MAIOR?\" data-anchor=\"anchor-How important is research and development for MAIOR?\">\n<div class=\"container flex\">\n<div class=\"halftext bodytext\">\n<div class=\"movable removable mosaic-tile mosaic-collective.themefragments.fragment-tile\">\n<div class=\"mosaic-tile-content\">\n<section id=\"section_title_description\" class=\"lrblock\" title=\"\u00bfQu\u00e9 importancia tienen la investigaci\u00f3n y el desarrollo para MAIOR?\" data-anchor=\"anchor-\u00bfQu\u00e9 importancia tienen la investigaci\u00f3n y el desarrollo para MAIOR?\">\n<div class=\"container flex\">\n<div class=\"halftext bodytext\">\n<h2 class=\"h2sectiono\" style=\"text-align: left;\">\u00bfQu\u00e9 importancia tienen la investigaci\u00f3n y el desarrollo para MAIOR?<\/h2>\n<div class=\"textsectiono textleft\" style=\"text-align: left;\">\n<p><strong>La importancia es alt\u00edsima<\/strong>\u00a0y sin duda es un factor que nos distingue y nos diferencia.<\/p>\n<\/div>\n<\/div>\n<\/div>\n<\/section>\n<\/div>\n<\/div>\n<div class=\"movable removable mosaic-tile mosaic-collective.themefragments.fragment-tile\">\n<div class=\"mosaic-tile-content\">\n<section id=\"fragment-sectiono\" class=\"lrblock\" data-anchor=\"anchor-\">\n<div class=\"container flex right\">\n<div class=\"half bodytext\">\n<div class=\"textsectiono textright\">\n<p style=\"text-align: left;\">Desde hace muchos a\u00f1os<strong>\u00a0invertimos una media de alrededor del 30% de nuestra facturaci\u00f3n en I+D,<\/strong>\u00a0lo que es muy importante para el desarrollo de la empresa. Hemos creado un equipo interno de m\u00e1s de 15 personas, entre matem\u00e1ticos, desarrolladores e investigadores, cuyo\u00a0<strong>\u00fanico objetivo es la innovaci\u00f3n<\/strong>.<\/p>\n<p style=\"text-align: left;\">Llevamos a cabo proyectos de Investigaci\u00f3n Operativa para mejorar constantemente nuestros algoritmos e integrar cada vez m\u00e1s la IA en nuestras soluciones de software.<\/p>\n<\/div>\n<\/div>\n<\/div>\n<\/section>\n<\/div>\n<\/div>\n<\/div>\n<\/div>\n<\/section>\n<\/div>\n<\/div>\n<div class=\"movable removable mosaic-tile mosaic-collective.themefragments.fragment-tile\">\n<div class=\"mosaic-tile-content\">\n<section id=\"fragment-sectiono\" class=\"lrblock\" data-anchor=\"anchor-\">\n<div class=\"container flex right\">\n<div class=\"half bodytext\">\n<div class=\"textsectiono textright\">\n<p>&nbsp;<\/p>\n<\/div>\n<\/div>\n<\/div>\n<\/section>\n<\/div>\n<\/div>\n[\/vc_column_text][vc_empty_space][vc_single_image image=&#8221;2717&#8243; alignment=&#8221;center&#8221;][vc_column_text css=&#8221;.vc_custom_1710497449498{margin-top: 40px !important;}&#8221; text_align=&#8221;left&#8221;]\n<div class=\"movable removable mosaic-tile mosaic-collective.themefragments.fragment-tile\">\n<div class=\"mosaic-tile-content\">\n<section id=\"section_title_description\" class=\"lrblock\" title=\"What is the relationship between MAIOR and academia?\" data-anchor=\"anchor-What is the relationship between MAIOR and academia?\">\n<div class=\"container flex\">\n<div class=\"halftext bodytext\">\n<div class=\"vc_row wpb_row vc_row-fluid articolo_riga_content\">\n<div class=\"wpb_column vc_column_container vc_col-sm-12\">\n<div class=\"vc_column-inner\">\n<div class=\"wpb_wrapper\">\n<div class=\"wpb_text_column wpb_content_element vc_custom_1695975167031\">\n<div class=\"wpb_wrapper\">\n<div class=\"movable removable mosaic-tile mosaic-collective.themefragments.fragment-tile\">\n<div class=\"mosaic-tile-content\">\n<section id=\"section_title_description\" class=\"lrblock\" title=\"\u00bfCu\u00e1l es la diferencia entre la Inteligencia Artificial y la Investigaci\u00f3n Operativa?\" data-anchor=\"anchor-\u00bfCu\u00e1l es la diferencia entre la Inteligencia Artificial y la Investigaci\u00f3n Operativa?\">\n<div class=\"container flex\">\n<div class=\"halftext bodytext\">\n<div class=\"movable removable mosaic-tile mosaic-collective.themefragments.fragment-tile\">\n<div class=\"mosaic-tile-content\">\n<section id=\"section_title_description\" class=\"lrblock\" title=\"\u00bfPor qu\u00e9 los clientes eligen MAIOR?\" data-anchor=\"anchor-\u00bfPor qu\u00e9 los clientes eligen MAIOR?\">\n<div class=\"container flex\">\n<div class=\"halftext bodytext\">\n<div class=\"movable removable mosaic-tile mosaic-collective.themefragments.fragment-tile\">\n<div class=\"mosaic-tile-content\">\n<section id=\"section_title_description\" class=\"lrblock\" title=\"\u00bfQu\u00e9 es lo que hace de MAIOR una empresa innovadora?\" data-anchor=\"anchor-\u00bfQu\u00e9 es lo que hace de MAIOR una empresa innovadora?\">\n<div class=\"container flex\">\n<div class=\"halftext bodytext\">\n<div class=\"movable removable mosaic-tile mosaic-collective.themefragments.fragment-tile\">\n<div class=\"mosaic-tile-content\">\n<section id=\"section_title_description\" class=\"lrblock\" title=\"\u00bfCu\u00e1l ser\u00e1 el futuro del mundo del transporte?\" data-anchor=\"anchor-\u00bfCu\u00e1l ser\u00e1 el futuro del mundo del transporte?\">\n<div class=\"container flex\">\n<div class=\"halftext bodytext\">\n<div class=\"movable removable mosaic-tile mosaic-collective.themefragments.fragment-tile\">\n<div class=\"mosaic-tile-content\">\n<section id=\"section_title_description\" class=\"lrblock\" title=\"\u00bfQu\u00e9 importancia tienen la investigaci\u00f3n y el desarrollo para MAIOR?\" data-anchor=\"anchor-\u00bfQu\u00e9 importancia tienen la investigaci\u00f3n y el desarrollo para MAIOR?\">\n<div class=\"container flex\">\n<div class=\"halftext bodytext\">\n<h2 class=\"h2sectiono\" style=\"text-align: left;\">\u00bfCu\u00e1les son los retos en el horizonte de MAIOR?<\/h2>\n<div class=\"textsectiono textleft\" style=\"text-align: left;\">\n<p>Haber ingresado a\u00a0<strong>Clever Devices<\/strong>\u00a0representa uno de los retos m\u00e1s importantes a los que nos hemos enfrentado y nos seguimos enfrentando. MAIOR es una empresa italiana, e Italia, en muchos sentidos, es una gran naci\u00f3n: es el pa\u00eds que nos ha permitido crecer y llegar a donde estamos hoy. Sin embargo, desde el punto de vista econ\u00f3mico, no somos ciertamente una de las naciones m\u00e1s poderosas del mundo; para las empresas italianas, tratar con los mercados internacionales es bastante complejo. Tenemos un bagaje cultural y una actitud que nos ayudan, pero nuestro tejido econ\u00f3mico hace m\u00e1s dif\u00edcil llevar a cabo operaciones internacionales.<\/p>\n<p>Establecernos en el mercado mundial sigue siendo un objetivo muy importante y,<strong>\u00a0con el apoyo de un gran grupo como Clever Devices, estamos convencidos de que podemos alcanzarlo.<\/strong>\u00a0Desde este punto de vista, la entrada en Clever Devices ha sido un paso fundamental porque nos ha permitido crecer tambi\u00e9n en el mercado estadounidense. Sin embargo, esto no es suficiente porque tenemos la voluntad y la capacidad de trabajar en el resto del mundo.<\/p>\n<p>Somos muy conscientes de la realidad en la que nos movemos: la emergencia del coronavirus, el SaaS, la IA, la innovaci\u00f3n tecnol\u00f3gica y la investigaci\u00f3n acad\u00e9mica, los veh\u00edculos el\u00e9ctricos y aut\u00f3nomos,\u00a0<strong>son todos estos retos que estamos asumiendo.<\/strong><\/p>\n<\/div>\n<\/div>\n<\/div>\n<\/section>\n<\/div>\n<\/div>\n<\/div>\n<\/div>\n<\/section>\n<\/div>\n<\/div>\n<\/div>\n<\/div>\n<\/section>\n<\/div>\n<\/div>\n<\/div>\n<\/div>\n<\/section>\n<\/div>\n<\/div>\n<\/div>\n<\/div>\n<\/section>\n<\/div>\n<\/div>\n<\/div>\n<\/div>\n<div class=\"wpb_text_column wpb_content_element vc_custom_1695975176482\">\n<div class=\"wpb_wrapper\">\n<div class=\"movable removable mosaic-tile mosaic-collective.themefragments.fragment-tile\">\n<div class=\"mosaic-tile-content\">\n<section id=\"section_title_description\" class=\"lrblock\" title=\"\u00bfCu\u00e1l es la diferencia entre la Inteligencia Artificial y la Investigaci\u00f3n Operativa?\" data-anchor=\"anchor-\u00bfCu\u00e1l es la diferencia entre la Inteligencia Artificial y la Investigaci\u00f3n Operativa?\">\n<div class=\"container flex\">\n<div class=\"halftext bodytext\">\n<div class=\"movable removable mosaic-tile mosaic-collective.themefragments.fragment-tile\">\n<div class=\"mosaic-tile-content\">\n<section id=\"section_title_description\" class=\"lrblock\" title=\"\u00bfPor qu\u00e9 los clientes eligen MAIOR?\" data-anchor=\"anchor-\u00bfPor qu\u00e9 los clientes eligen MAIOR?\">\n<div class=\"container flex\">\n<div class=\"halftext bodytext\">\n<div class=\"movable removable mosaic-tile mosaic-collective.themefragments.fragment-tile\">\n<div class=\"mosaic-tile-content\">\n<section id=\"section_title_description\" class=\"lrblock\" title=\"\u00bfQu\u00e9 es lo que hace de MAIOR una empresa innovadora?\" data-anchor=\"anchor-\u00bfQu\u00e9 es lo que hace de MAIOR una empresa innovadora?\">\n<div class=\"container flex\">\n<div class=\"halftext bodytext\">\n<div class=\"movable removable mosaic-tile mosaic-collective.themefragments.fragment-tile\">\n<div class=\"mosaic-tile-content\">\n<section id=\"section_title_description\" class=\"lrblock\" title=\"\u00bfCu\u00e1l ser\u00e1 el futuro del mundo del transporte?\" data-anchor=\"anchor-\u00bfCu\u00e1l ser\u00e1 el futuro del mundo del transporte?\">\n<div class=\"container flex\">\n<div class=\"halftext bodytext\">\n<div class=\"movable removable mosaic-tile mosaic-collective.themefragments.fragment-tile\">\n<div class=\"mosaic-tile-content\">\n<section id=\"section_title_description\" class=\"lrblock\" title=\"\u00bfQu\u00e9 importancia tienen la investigaci\u00f3n y el desarrollo para MAIOR?\" data-anchor=\"anchor-\u00bfQu\u00e9 importancia tienen la investigaci\u00f3n y el desarrollo para MAIOR?\">\n<div class=\"container flex\">\n<div class=\"halftext bodytext\">\n<h2 class=\"h2sectiono\" style=\"text-align: left;\">\u00bfCu\u00e1l es la relaci\u00f3n entre MAIOR y el mundo acad\u00e9mico?<\/h2>\n<div class=\"textsectiono textleft\">\n<p style=\"text-align: left;\">MAIOR se form\u00f3\u00a0dentro de la Universidad de Pisa, con la que la relaci\u00f3n ha sido siempre muy importante y fruct\u00edfera. Nuestras inversiones han implicado a menudo a la Universidad de Pisa en numerosas colaboraciones; tambi\u00e9n<strong>\u00a0hemos financiado y cofinanciado proyectos de investigaci\u00f3n<\/strong>\u00a0con la Universidad de Florencia y el Polit\u00e9cnico de Mil\u00e1n, as\u00ed como colaboraciones con la Sapienza de Roma y Roma Tre.<\/p>\n<p style=\"text-align: left;\">Tambi\u00e9n nos gustar\u00eda iniciar colaboraciones con universidades extranjeras; hasta ahora s\u00f3lo lo hemos hecho en el marco de proyectos europeos, algunos de los cuales a\u00fan est\u00e1n en marcha. Muchos estudiantes\u00a0<strong>de todo el mundo han realizado proyectos de investigaci\u00f3n con nosotros<\/strong>, algo de lo que estamos muy orgullosos y que ha aportado riqueza cultural a MAIOR.<\/p>\n<\/div>\n<\/div>\n<\/div>\n<\/section>\n<\/div>\n<\/div>\n<\/div>\n<\/div>\n<\/section>\n<\/div>\n<\/div>\n<\/div>\n<\/div>\n<\/section>\n<\/div>\n<\/div>\n<\/div>\n<\/div>\n<\/section>\n<\/div>\n<\/div>\n<\/div>\n<\/div>\n<\/section>\n<\/div>\n<\/div>\n<\/div>\n<\/div>\n<\/div>\n<\/div>\n<\/div>\n<\/div>\n<div class=\"vc_row wpb_row vc_row-fluid margin_top_100\">\n<div class=\"wpb_column vc_column_container vc_col-sm-2\">\n<div class=\"vc_column-inner\">\n<div class=\"wpb_wrapper\"><\/div>\n<\/div>\n<\/div>\n<div class=\"wpb_column vc_column_container vc_col-sm-8\">\n<div class=\"vc_column-inner\">\n<div class=\"wpb_wrapper\">\n<div class=\"vc_separator wpb_content_element vc_separator_align_center vc_sep_width_10 vc_sep_border_width_6 vc_sep_pos_align_center vc_separator_no_text desktop\"><\/div>\n<\/div>\n<\/div>\n<\/div>\n<\/div>\n<\/div>\n<\/div>\n<\/section>\n<\/div>\n<\/div>\n<div class=\"movable removable mosaic-tile mosaic-collective.themefragments.fragment-tile\">\n<div class=\"mosaic-tile-content\">\n<section id=\"section_title_description\" class=\"lrblock\" title=\"What are the upcoming challenges for MAIOR?\" data-anchor=\"anchor-What are the upcoming challenges for MAIOR?\">\n<div class=\"container flex\">\n<div class=\"halftext bodytext\">\n<div class=\"textsectiono textleft\">\n<p>&nbsp;<\/p>\n<\/div>\n<\/div>\n<\/div>\n<\/section>\n<\/div>\n<\/div>\n[\/vc_column_text][vc_empty_space][\/vc_column][\/vc_row][vc_row el_class=&#8221;margin_top_100&#8243;][vc_column width=&#8221;1\/6&#8243;][\/vc_column][vc_column width=&#8221;2\/3&#8243;][vc_separator color=&#8221;custom&#8221; border_width=&#8221;6&#8243; el_width=&#8221;10&#8243; accent_color=&#8221;#003a69&#8243; el_class=&#8221;desktop&#8221;][vc_separator color=&#8221;custom&#8221; align=&#8221;align_left&#8221; border_width=&#8221;6&#8243; el_width=&#8221;20&#8243; accent_color=&#8221;#003a69&#8243; el_class=&#8221;mobile&#8221;][vc_column_text color=&#8221;#0071bb&#8221; font_size=&#8221;d:19px|pl:16px|pp:16px&#8221; font_family=&#8221;Montserrat&#8221; letter_spacing=&#8221;2.28px&#8221; font_weight=&#8221;600&#8243; text_transform=&#8221;uppercase&#8221; css=&#8221;.vc_custom_1710497458271{margin-top: 15px !important;}&#8221; el_class=&#8221;center_desktop&#8221;]\n<h4>TEMAS RELACIONADOS<\/h4>\n[\/vc_column_text][\/vc_column][vc_column width=&#8221;1\/6&#8243;][\/vc_column][\/vc_row][vc_row el_class=&#8221;articolo_riga_correlati margin_bot_100&#8243;][vc_column width=&#8221;1\/12&#8243;][\/vc_column][vc_column width=&#8221;10\/12&#8243;][vc_basic_grid post_type=&#8221;post&#8221; max_items=&#8221;2&#8243; element_width=&#8221;6&#8243; item=&#8221;8525&#8243; grid_id=&#8221;vc_gid:1738601834644-94dbe52d-3da4-8&#8243; page_id=&#8221;1772&#8243; css=&#8221;.vc_custom_1738601857575{margin-top: 30px !important;}&#8221;][\/vc_column][vc_column width=&#8221;1\/12&#8243;][\/vc_column][\/vc_row]\n<\/section>","protected":false},"excerpt":{"rendered":"<p>[vc_row full_width=&#8221;stretch_row&#8221; equal_height=&#8221;yes&#8221; wpex_bg_overlay=&#8221;custom&#8221; css=&#8221;.vc_custom_1693558013074{background-image: url(https:\/\/www.maior.it\/wp-content\/uploads\/2023\/09\/Leopoldo-Girardi.jpeg?id=2725) !important;background-position: center !important;background-repeat: no-repeat !important;background-size: cover !important;}&#8221; el_class=&#8221;evento_riga_slide&#8221; wpex_bg_overlay_image=&#8221;1947&#8243; wpex_bg_overlay_opacity=&#8221;0.85&#8243;][vc_column width=&#8221;1\/6&#8243;][\/vc_column][vc_column width=&#8221;2\/3&#8243;][\/vc_column][vc_column width=&#8221;1\/6&#8243;][\/vc_column][\/vc_row][vc_row el_class=&#8221;articolo_riga_content&#8221;][vc_column][vc_column_text css=&#8221;.vc_custom_1710497304441{margin-top: 40px !important;}&#8221; text_align=&#8221;left&#8221;] Entrevista con nuestro Director General Leopoldo Girardi es el Director General de MAIOR.\u00a0Hace parte en la empresa desde sus inicios y ha seguido de cerca las vicisitudes que han llevado a&hellip;<\/p>\n","protected":false},"author":2,"featured_media":3706,"comment_status":"open","ping_status":"open","sticky":false,"template":"","format":"standard","meta":{"_acf_changed":false,"inline_featured_image":false,"footnotes":""},"categories":[87],"tags":[],"post_series":[],"class_list":["post-14422","post","type-post","status-publish","format-standard","has-post-thumbnail","hentry","category-novedades","entry","has-media"],"acf":[],"yoast_head":"<!-- This site is optimized with the Yoast SEO plugin v27.1.1 - https:\/\/yoast.com\/product\/yoast-seo-wordpress\/ -->\n<title>Entrevista con nuestro Director General - MAIOR<\/title>\n<meta name=\"description\" content=\"Discover in this interview with Leopoldo Girardi how the company was founded, what makes MAIOR unique, the importance of R&amp;D activities and cooperation with universities, and which are the future challenges of the public transportation industry.\" \/>\n<meta name=\"robots\" content=\"index, follow, max-snippet:-1, max-image-preview:large, max-video-preview:-1\" \/>\n<link rel=\"canonical\" href=\"https:\/\/www.maior.it\/es\/entrevista-nuestro-director-general\/\" \/>\n<meta property=\"og:locale\" content=\"es_ES\" \/>\n<meta property=\"og:type\" content=\"article\" \/>\n<meta property=\"og:title\" content=\"Entrevista con nuestro Director General - MAIOR\" \/>\n<meta property=\"og:description\" content=\"Discover in this interview with Leopoldo Girardi how the company was founded, what makes MAIOR unique, the importance of R&amp;D activities and cooperation with universities, and which are the future challenges of the public transportation industry.\" \/>\n<meta property=\"og:url\" content=\"https:\/\/www.maior.it\/es\/entrevista-nuestro-director-general\/\" \/>\n<meta property=\"og:site_name\" content=\"MAIOR\" \/>\n<meta property=\"article:published_time\" content=\"2021-07-01T08:35:47+00:00\" \/>\n<meta property=\"article:modified_time\" content=\"2025-02-03T16:57:39+00:00\" \/>\n<meta property=\"og:image\" content=\"https:\/\/www.maior.it\/wp-content\/uploads\/2023\/09\/AN-INTERVIEW-WITH-OUR-CEO-LEOPOLDO-GIRARDI.jpeg\" \/>\n\t<meta property=\"og:image:width\" content=\"551\" \/>\n\t<meta property=\"og:image:height\" content=\"300\" \/>\n\t<meta property=\"og:image:type\" content=\"image\/jpeg\" \/>\n<meta name=\"author\" content=\"mentarossa\" \/>\n<meta name=\"twitter:card\" content=\"summary_large_image\" \/>\n<meta name=\"twitter:label1\" content=\"Escrito por\" \/>\n\t<meta name=\"twitter:data1\" content=\"mentarossa\" \/>\n\t<meta name=\"twitter:label2\" content=\"Tiempo de lectura\" \/>\n\t<meta name=\"twitter:data2\" content=\"8 minutos\" \/>\n<script type=\"application\/ld+json\" class=\"yoast-schema-graph\">{\"@context\":\"https:\/\/schema.org\",\"@graph\":[{\"@type\":\"Article\",\"@id\":\"https:\/\/www.maior.it\/es\/entrevista-nuestro-director-general\/#article\",\"isPartOf\":{\"@id\":\"https:\/\/www.maior.it\/es\/entrevista-nuestro-director-general\/\"},\"author\":{\"name\":\"mentarossa\",\"@id\":\"https:\/\/www.maior.it\/#\/schema\/person\/86c8a8dfd1855850685b62611a92b0ae\"},\"headline\":\"Entrevista con nuestro Director General\",\"datePublished\":\"2021-07-01T08:35:47+00:00\",\"dateModified\":\"2025-02-03T16:57:39+00:00\",\"mainEntityOfPage\":{\"@id\":\"https:\/\/www.maior.it\/es\/entrevista-nuestro-director-general\/\"},\"wordCount\":2210,\"commentCount\":0,\"publisher\":{\"@id\":\"https:\/\/www.maior.it\/#organization\"},\"image\":{\"@id\":\"https:\/\/www.maior.it\/es\/entrevista-nuestro-director-general\/#primaryimage\"},\"thumbnailUrl\":\"https:\/\/www.maior.it\/wp-content\/uploads\/2023\/09\/AN-INTERVIEW-WITH-OUR-CEO-LEOPOLDO-GIRARDI.jpeg\",\"articleSection\":[\"Novedades\"],\"inLanguage\":\"es\"},{\"@type\":\"WebPage\",\"@id\":\"https:\/\/www.maior.it\/es\/entrevista-nuestro-director-general\/\",\"url\":\"https:\/\/www.maior.it\/es\/entrevista-nuestro-director-general\/\",\"name\":\"Entrevista con nuestro Director General - MAIOR\",\"isPartOf\":{\"@id\":\"https:\/\/www.maior.it\/#website\"},\"primaryImageOfPage\":{\"@id\":\"https:\/\/www.maior.it\/es\/entrevista-nuestro-director-general\/#primaryimage\"},\"image\":{\"@id\":\"https:\/\/www.maior.it\/es\/entrevista-nuestro-director-general\/#primaryimage\"},\"thumbnailUrl\":\"https:\/\/www.maior.it\/wp-content\/uploads\/2023\/09\/AN-INTERVIEW-WITH-OUR-CEO-LEOPOLDO-GIRARDI.jpeg\",\"datePublished\":\"2021-07-01T08:35:47+00:00\",\"dateModified\":\"2025-02-03T16:57:39+00:00\",\"description\":\"Discover in this interview with Leopoldo Girardi how the company was founded, what makes MAIOR unique, the importance of R&D activities and cooperation with universities, and which are the future challenges of the public transportation industry.\",\"breadcrumb\":{\"@id\":\"https:\/\/www.maior.it\/es\/entrevista-nuestro-director-general\/#breadcrumb\"},\"inLanguage\":\"es\",\"potentialAction\":[{\"@type\":\"ReadAction\",\"target\":[\"https:\/\/www.maior.it\/es\/entrevista-nuestro-director-general\/\"]}]},{\"@type\":\"ImageObject\",\"inLanguage\":\"es\",\"@id\":\"https:\/\/www.maior.it\/es\/entrevista-nuestro-director-general\/#primaryimage\",\"url\":\"https:\/\/www.maior.it\/wp-content\/uploads\/2023\/09\/AN-INTERVIEW-WITH-OUR-CEO-LEOPOLDO-GIRARDI.jpeg\",\"contentUrl\":\"https:\/\/www.maior.it\/wp-content\/uploads\/2023\/09\/AN-INTERVIEW-WITH-OUR-CEO-LEOPOLDO-GIRARDI.jpeg\",\"width\":551,\"height\":300,\"caption\":\"Entrevista con nuestro Director General\"},{\"@type\":\"BreadcrumbList\",\"@id\":\"https:\/\/www.maior.it\/es\/entrevista-nuestro-director-general\/#breadcrumb\",\"itemListElement\":[{\"@type\":\"ListItem\",\"position\":1,\"name\":\"Home\",\"item\":\"https:\/\/www.maior.it\/es\/\"},{\"@type\":\"ListItem\",\"position\":2,\"name\":\"Entrevista con nuestro Director General\"}]},{\"@type\":\"WebSite\",\"@id\":\"https:\/\/www.maior.it\/#website\",\"url\":\"https:\/\/www.maior.it\/\",\"name\":\"MAIOR\",\"description\":\"\",\"publisher\":{\"@id\":\"https:\/\/www.maior.it\/#organization\"},\"potentialAction\":[{\"@type\":\"SearchAction\",\"target\":{\"@type\":\"EntryPoint\",\"urlTemplate\":\"https:\/\/www.maior.it\/?s={search_term_string}\"},\"query-input\":{\"@type\":\"PropertyValueSpecification\",\"valueRequired\":true,\"valueName\":\"search_term_string\"}}],\"inLanguage\":\"es\"},{\"@type\":\"Organization\",\"@id\":\"https:\/\/www.maior.it\/#organization\",\"name\":\"MAIOR\",\"url\":\"https:\/\/www.maior.it\/\",\"logo\":{\"@type\":\"ImageObject\",\"inLanguage\":\"es\",\"@id\":\"https:\/\/www.maior.it\/#\/schema\/logo\/image\/\",\"url\":\"https:\/\/www.maior.it\/wp-content\/uploads\/2023\/08\/maior-favicon.jpg\",\"contentUrl\":\"https:\/\/www.maior.it\/wp-content\/uploads\/2023\/08\/maior-favicon.jpg\",\"width\":48,\"height\":48,\"caption\":\"MAIOR\"},\"image\":{\"@id\":\"https:\/\/www.maior.it\/#\/schema\/logo\/image\/\"},\"sameAs\":[\"https:\/\/www.instagram.com\/maior.it\",\"https:\/\/www.linkedin.com\/company\/m-a-i-o-r-\/\"]},{\"@type\":\"Person\",\"@id\":\"https:\/\/www.maior.it\/#\/schema\/person\/86c8a8dfd1855850685b62611a92b0ae\",\"name\":\"mentarossa\",\"image\":{\"@type\":\"ImageObject\",\"inLanguage\":\"es\",\"@id\":\"https:\/\/www.maior.it\/#\/schema\/person\/image\/\",\"url\":\"https:\/\/secure.gravatar.com\/avatar\/989259148a9f4e461636de4e7fedd396cf3809275930008cb654afa2eef469ba?s=96&d=mm&r=g\",\"contentUrl\":\"https:\/\/secure.gravatar.com\/avatar\/989259148a9f4e461636de4e7fedd396cf3809275930008cb654afa2eef469ba?s=96&d=mm&r=g\",\"caption\":\"mentarossa\"},\"url\":\"https:\/\/www.maior.it\/es\/author\/mentarossa\/\"}]}<\/script>\n<!-- \/ Yoast SEO plugin. -->","yoast_head_json":{"title":"Entrevista con nuestro Director General - MAIOR","description":"Discover in this interview with Leopoldo Girardi how the company was founded, what makes MAIOR unique, the importance of R&D activities and cooperation with universities, and which are the future challenges of the public transportation industry.","robots":{"index":"index","follow":"follow","max-snippet":"max-snippet:-1","max-image-preview":"max-image-preview:large","max-video-preview":"max-video-preview:-1"},"canonical":"https:\/\/www.maior.it\/es\/entrevista-nuestro-director-general\/","og_locale":"es_ES","og_type":"article","og_title":"Entrevista con nuestro Director General - MAIOR","og_description":"Discover in this interview with Leopoldo Girardi how the company was founded, what makes MAIOR unique, the importance of R&D activities and cooperation with universities, and which are the future challenges of the public transportation industry.","og_url":"https:\/\/www.maior.it\/es\/entrevista-nuestro-director-general\/","og_site_name":"MAIOR","article_published_time":"2021-07-01T08:35:47+00:00","article_modified_time":"2025-02-03T16:57:39+00:00","og_image":[{"width":551,"height":300,"url":"https:\/\/www.maior.it\/wp-content\/uploads\/2023\/09\/AN-INTERVIEW-WITH-OUR-CEO-LEOPOLDO-GIRARDI.jpeg","type":"image\/jpeg"}],"author":"mentarossa","twitter_card":"summary_large_image","twitter_misc":{"Escrito por":"mentarossa","Tiempo de lectura":"8 minutos"},"schema":{"@context":"https:\/\/schema.org","@graph":[{"@type":"Article","@id":"https:\/\/www.maior.it\/es\/entrevista-nuestro-director-general\/#article","isPartOf":{"@id":"https:\/\/www.maior.it\/es\/entrevista-nuestro-director-general\/"},"author":{"name":"mentarossa","@id":"https:\/\/www.maior.it\/#\/schema\/person\/86c8a8dfd1855850685b62611a92b0ae"},"headline":"Entrevista con nuestro Director General","datePublished":"2021-07-01T08:35:47+00:00","dateModified":"2025-02-03T16:57:39+00:00","mainEntityOfPage":{"@id":"https:\/\/www.maior.it\/es\/entrevista-nuestro-director-general\/"},"wordCount":2210,"commentCount":0,"publisher":{"@id":"https:\/\/www.maior.it\/#organization"},"image":{"@id":"https:\/\/www.maior.it\/es\/entrevista-nuestro-director-general\/#primaryimage"},"thumbnailUrl":"https:\/\/www.maior.it\/wp-content\/uploads\/2023\/09\/AN-INTERVIEW-WITH-OUR-CEO-LEOPOLDO-GIRARDI.jpeg","articleSection":["Novedades"],"inLanguage":"es"},{"@type":"WebPage","@id":"https:\/\/www.maior.it\/es\/entrevista-nuestro-director-general\/","url":"https:\/\/www.maior.it\/es\/entrevista-nuestro-director-general\/","name":"Entrevista con nuestro Director General - MAIOR","isPartOf":{"@id":"https:\/\/www.maior.it\/#website"},"primaryImageOfPage":{"@id":"https:\/\/www.maior.it\/es\/entrevista-nuestro-director-general\/#primaryimage"},"image":{"@id":"https:\/\/www.maior.it\/es\/entrevista-nuestro-director-general\/#primaryimage"},"thumbnailUrl":"https:\/\/www.maior.it\/wp-content\/uploads\/2023\/09\/AN-INTERVIEW-WITH-OUR-CEO-LEOPOLDO-GIRARDI.jpeg","datePublished":"2021-07-01T08:35:47+00:00","dateModified":"2025-02-03T16:57:39+00:00","description":"Discover in this interview with Leopoldo Girardi how the company was founded, what makes MAIOR unique, the importance of R&D activities and cooperation with universities, and which are the future challenges of the public transportation industry.","breadcrumb":{"@id":"https:\/\/www.maior.it\/es\/entrevista-nuestro-director-general\/#breadcrumb"},"inLanguage":"es","potentialAction":[{"@type":"ReadAction","target":["https:\/\/www.maior.it\/es\/entrevista-nuestro-director-general\/"]}]},{"@type":"ImageObject","inLanguage":"es","@id":"https:\/\/www.maior.it\/es\/entrevista-nuestro-director-general\/#primaryimage","url":"https:\/\/www.maior.it\/wp-content\/uploads\/2023\/09\/AN-INTERVIEW-WITH-OUR-CEO-LEOPOLDO-GIRARDI.jpeg","contentUrl":"https:\/\/www.maior.it\/wp-content\/uploads\/2023\/09\/AN-INTERVIEW-WITH-OUR-CEO-LEOPOLDO-GIRARDI.jpeg","width":551,"height":300,"caption":"Entrevista con nuestro Director General"},{"@type":"BreadcrumbList","@id":"https:\/\/www.maior.it\/es\/entrevista-nuestro-director-general\/#breadcrumb","itemListElement":[{"@type":"ListItem","position":1,"name":"Home","item":"https:\/\/www.maior.it\/es\/"},{"@type":"ListItem","position":2,"name":"Entrevista con nuestro Director General"}]},{"@type":"WebSite","@id":"https:\/\/www.maior.it\/#website","url":"https:\/\/www.maior.it\/","name":"MAIOR","description":"","publisher":{"@id":"https:\/\/www.maior.it\/#organization"},"potentialAction":[{"@type":"SearchAction","target":{"@type":"EntryPoint","urlTemplate":"https:\/\/www.maior.it\/?s={search_term_string}"},"query-input":{"@type":"PropertyValueSpecification","valueRequired":true,"valueName":"search_term_string"}}],"inLanguage":"es"},{"@type":"Organization","@id":"https:\/\/www.maior.it\/#organization","name":"MAIOR","url":"https:\/\/www.maior.it\/","logo":{"@type":"ImageObject","inLanguage":"es","@id":"https:\/\/www.maior.it\/#\/schema\/logo\/image\/","url":"https:\/\/www.maior.it\/wp-content\/uploads\/2023\/08\/maior-favicon.jpg","contentUrl":"https:\/\/www.maior.it\/wp-content\/uploads\/2023\/08\/maior-favicon.jpg","width":48,"height":48,"caption":"MAIOR"},"image":{"@id":"https:\/\/www.maior.it\/#\/schema\/logo\/image\/"},"sameAs":["https:\/\/www.instagram.com\/maior.it","https:\/\/www.linkedin.com\/company\/m-a-i-o-r-\/"]},{"@type":"Person","@id":"https:\/\/www.maior.it\/#\/schema\/person\/86c8a8dfd1855850685b62611a92b0ae","name":"mentarossa","image":{"@type":"ImageObject","inLanguage":"es","@id":"https:\/\/www.maior.it\/#\/schema\/person\/image\/","url":"https:\/\/secure.gravatar.com\/avatar\/989259148a9f4e461636de4e7fedd396cf3809275930008cb654afa2eef469ba?s=96&d=mm&r=g","contentUrl":"https:\/\/secure.gravatar.com\/avatar\/989259148a9f4e461636de4e7fedd396cf3809275930008cb654afa2eef469ba?s=96&d=mm&r=g","caption":"mentarossa"},"url":"https:\/\/www.maior.it\/es\/author\/mentarossa\/"}]}},"_links":{"self":[{"href":"https:\/\/www.maior.it\/es\/wp-json\/wp\/v2\/posts\/14422","targetHints":{"allow":["GET"]}}],"collection":[{"href":"https:\/\/www.maior.it\/es\/wp-json\/wp\/v2\/posts"}],"about":[{"href":"https:\/\/www.maior.it\/es\/wp-json\/wp\/v2\/types\/post"}],"author":[{"embeddable":true,"href":"https:\/\/www.maior.it\/es\/wp-json\/wp\/v2\/users\/2"}],"replies":[{"embeddable":true,"href":"https:\/\/www.maior.it\/es\/wp-json\/wp\/v2\/comments?post=14422"}],"version-history":[{"count":4,"href":"https:\/\/www.maior.it\/es\/wp-json\/wp\/v2\/posts\/14422\/revisions"}],"predecessor-version":[{"id":20651,"href":"https:\/\/www.maior.it\/es\/wp-json\/wp\/v2\/posts\/14422\/revisions\/20651"}],"wp:featuredmedia":[{"embeddable":true,"href":"https:\/\/www.maior.it\/es\/wp-json\/wp\/v2\/media\/3706"}],"wp:attachment":[{"href":"https:\/\/www.maior.it\/es\/wp-json\/wp\/v2\/media?parent=14422"}],"wp:term":[{"taxonomy":"category","embeddable":true,"href":"https:\/\/www.maior.it\/es\/wp-json\/wp\/v2\/categories?post=14422"},{"taxonomy":"post_tag","embeddable":true,"href":"https:\/\/www.maior.it\/es\/wp-json\/wp\/v2\/tags?post=14422"},{"taxonomy":"post_series","embeddable":true,"href":"https:\/\/www.maior.it\/es\/wp-json\/wp\/v2\/post_series?post=14422"}],"curies":[{"name":"wp","href":"https:\/\/api.w.org\/{rel}","templated":true}]}}