{"id":14327,"date":"2023-07-01T12:46:02","date_gmt":"2023-07-01T10:46:02","guid":{"rendered":"https:\/\/www.maior.it\/electric-bus-fleet-management-with-the-maior-suite\/"},"modified":"2025-02-03T18:01:39","modified_gmt":"2025-02-03T17:01:39","slug":"gestion-buses-electricos-suite-maior","status":"publish","type":"post","link":"https:\/\/www.maior.it\/es\/gestion-buses-electricos-suite-maior\/","title":{"rendered":"Gesti\u00f3n de buses el\u00e9ctricos en la Suite MAIOR"},"content":{"rendered":"<section class=\"wpb-content-wrapper\">[vc_row full_width=&#8221;stretch_row&#8221; equal_height=&#8221;yes&#8221; wpex_bg_overlay=&#8221;custom&#8221; css=&#8221;.vc_custom_1693564858225{background-image: url(https:\/\/www.maior.it\/wp-content\/uploads\/2023\/09\/MAIOR-Suite-Electric-bus-fleet-management.jpeg?id=2879) !important;background-position: center !important;background-repeat: no-repeat !important;background-size: cover !important;}&#8221; el_class=&#8221;evento_riga_slide&#8221; wpex_bg_overlay_image=&#8221;1947&#8243; wpex_bg_overlay_opacity=&#8221;0.85&#8243;][vc_column width=&#8221;1\/6&#8243;][\/vc_column][vc_column width=&#8221;2\/3&#8243;]<nav class=\"vcex-breadcrumbs vcex-breadcrumbs--links-inherit-color vcex-breadcrumbs--custom-color center_desktop bread\" style=\"color:#b9d6f4;--vcex-breadcrumbs-sep-color:#b9d6f4;font-size:14px;font-family:&#039;Inter&#039;,sans-serif;line-height:140%;\"><span><span><a href=\"https:\/\/www.maior.it\/es\/\">Home<\/a><\/span><\/span><\/nav><div class=\"vcex-module vcex-page-title center_desktop evento_riga_slide_titolo desktop\"><h2 class=\"wpex-heading vcex-page-title__heading wpex-text-3xl\" style=\"color:#ffffff;\"><span class=\"vcex-page-title__text\">Gesti\u00f3n de buses el\u00e9ctricos en la Suite MAIOR<\/span><\/h2><\/div>[\/vc_column][vc_column width=&#8221;1\/6&#8243;][\/vc_column][\/vc_row][vc_row el_class=&#8221;articolo_riga_content&#8221;][vc_column][vc_column_text css=&#8221;.vc_custom_1710422550441{margin-top: 40px !important;}&#8221; text_align=&#8221;left&#8221;]\n<div class=\"movable removable mosaic-tile mosaic-collective.themefragments.fragment-tile\">\n<div class=\"mosaic-tile-content\">\n<section id=\"section_title_description\" class=\"lrblock\" title=\"Electric bus fleet management with the MAIOR Suite\" data-anchor=\"anchor-Electric bus fleet management with the MAIOR Suite\">\n<div class=\"container flex\">\n<div class=\"halftext bodytext\">\n<div class=\"wpb_text_column wpb_content_element vc_custom_1695983315113\">\n<div class=\"wpb_wrapper\">\n<h2 class=\"h2sectiono\">Gesti\u00f3n de buses el\u00e9ctricos en la Suite MAIOR<\/h2>\n<p>&nbsp;<\/p>\n<div class=\"textsectiono textleft\">\n<p>En este art\u00edculo hablaremos de c\u00f3mo la Suite MAIOR da soporte a\u00a0las empresas de transporte p\u00fablico durante su\u00a0<strong>transici\u00f3n energ\u00e9tica<\/strong>\u00a0y c\u00f3mo puede ayudar a planificar y optimizar su servicio utilizando autobuses el\u00e9ctricos.<\/p>\n<\/div>\n<\/div>\n<\/div>\n<div class=\"wpb_text_column wpb_content_element vc_custom_1695983345223\">\n<div class=\"wpb_wrapper\">\n<h2 class=\"h2sectiono\">\u00bfCu\u00e1l es el enfoque que hay que dar a los veh\u00edculos el\u00e9ctricos?<\/h2>\n<p>&nbsp;<\/p>\n<div class=\"textsectiono textleft\">\n<p>Cuando se trata de veh\u00edculos el\u00e9ctricos, es importante adoptar un enfoque adecuado.<\/p>\n<p>La planificaci\u00f3n de un servicio de autobuses el\u00e9ctricos implica no s\u00f3lo la planificaci\u00f3n del servicio en s\u00ed mismo, sino tambi\u00e9n de los\u00a0<strong>sistemas de recarga, como la recarga en dep\u00f3sito y la recarga tipo \u2018opportunity\u2019.<\/strong><\/p>\n<p>Hay que tener en cuenta los\u00a0<strong>factores medioambientales<\/strong>, las tecnolog\u00edas de las\u00a0<strong>bater\u00edas<\/strong>, los servicios de apoyo durante la prestaci\u00f3n del servicio y la gesti\u00f3n de la flota.<\/p>\n<\/div>\n<\/div>\n<\/div>\n<\/div>\n<\/div>\n<\/section>\n<\/div>\n<\/div>\n<div class=\"movable removable mosaic-tile mosaic-collective.themefragments.fragment-tile\">\n<div class=\"mosaic-tile-content\">\n<section id=\"fragment-sectiono\" class=\"lrblock\" title=\"What is the approach to have when it comes to e-buses?\" data-anchor=\"anchor-What is the approach to have when it comes to e-buses?\">\n<div class=\"container flex left\">\n<div class=\"half bodytext\">\n<div class=\"textsectiono textleft\">\n<p>&nbsp;<\/p>\n<\/div>\n<\/div>\n<\/div>\n<\/section>\n<\/div>\n<\/div>\n[\/vc_column_text][vc_empty_space][vc_single_image image=&#8221;2880&#8243; alignment=&#8221;center&#8221;][vc_column_text css=&#8221;.vc_custom_1710422563425{margin-top: 40px !important;}&#8221; text_align=&#8221;left&#8221;]\n<div class=\"movable removable mosaic-tile mosaic-collective.themefragments.fragment-tile\">\n<div class=\"mosaic-tile-content\">\n<section id=\"section_title_description\" class=\"lrblock\" title=\"What is the goal of the MAIOR Suite?\" data-anchor=\"anchor-What is the goal of the MAIOR Suite?\">\n<div class=\"container flex\">\n<div class=\"halftext bodytext\">\n<div class=\"movable removable mosaic-tile mosaic-collective.themefragments.fragment-tile\">\n<div class=\"mosaic-tile-content\">\n<section id=\"section_title_description\" class=\"lrblock\" title=\"\u00bfCu\u00e1l es el objetivo de la Suite MAIOR?\" data-anchor=\"anchor-\u00bfCu\u00e1l es el objetivo de la Suite MAIOR?\">\n<div class=\"container flex\">\n<div class=\"halftext bodytext\">\n<h2 class=\"h2sectiono\">\u00bfCu\u00e1l es el objetivo de la Suite MAIOR?<\/h2>\n<p>&nbsp;<\/p>\n<div class=\"textsectiono textleft\">\n<p>El objetivo de la Suite MAIOR es planificar el servicio respetando las restricciones impuestas por el uso de veh\u00edculos el\u00e9ctricos.<\/p>\n<p>En el contexto de la planificaci\u00f3n, es importante distinguir las distintas fases que intervienen:<\/p>\n<p>1.\u00a0<strong>Datos de la red y del proyecto:<\/strong>\u00a0es necesario determinar d\u00f3nde ubicar los puntos de recarga. Se pueden distinguir dos tipos de recarga:<\/p>\n<p>\u2013 La recarga nocturna, en los dep\u00f3sitos, cuando el servicio est\u00e1 parado.<\/p>\n<p>\u2013 Carga tipo \u2018opportunity\u2019 (oportuna), mientras el servicio est\u00e1 en marcha.<\/p>\n<p>2.\u00a0<strong>Horarios:<\/strong>\u00a0es importante cubrir el servicio teniendo en cuenta las diferencias entre las l\u00edneas en cuanto a consumo energ\u00e9tico.<\/p>\n<p>3.\u00a0<strong>Optimizaci\u00f3n de los turnos de\u00a0veh\u00edculos:\u00a0<\/strong>es necesario considerar todos los factores implicados sin aumentar el n\u00famero de recursos necesarios.<\/p>\n<p>4.\u00a0<strong>Gesti\u00f3n diaria:<\/strong>\u00a0durante la fase de gesti\u00f3n, es \u00fatil disponer de herramientas de apoyo a la toma de decisiones para hacer frente a los retos diarios e imprevistos.<\/p>\n<\/div>\n<\/div>\n<\/div>\n<\/section>\n<\/div>\n<\/div>\n<div class=\"movable removable mosaic-tile mosaic-collective.themefragments.fragment-tile\">\n<div class=\"mosaic-tile-content\">\n<section id=\"fragment-sectiono\" class=\"lrblock\" data-anchor=\"anchor-\">\n<div class=\"container flex left\">\n<div class=\"half bodytext\">\n<div class=\"textsectiono textleft\">\n<p>Referencias mundiales de planificaci\u00f3n y gesti\u00f3n de flotas con autobuses el\u00e9ctricos con la Suite MAIOR:<\/p>\n<p>\u2013 Colombia: m\u00e1s de\u00a0<strong>400<\/strong>\u00a0autobuses el\u00e9ctricos<\/p>\n<p>\u2013 Qatar:\u00a0<strong>1000<\/strong>\u00a0autobuses el\u00e9ctricos<\/p>\n<p>\u2013 Italia: m\u00e1s de\u00a0<strong>200<\/strong>\u00a0autobuses el\u00e9ctricos<\/p>\n<\/div>\n<\/div>\n<\/div>\n<\/section>\n<\/div>\n<\/div>\n<\/div>\n<\/div>\n<\/section>\n<\/div>\n<\/div>\n<div class=\"movable removable mosaic-tile mosaic-collective.themefragments.fragment-tile\" style=\"text-align: left;\">\n<div class=\"mosaic-tile-content\">\n<section id=\"fragment-sectiono\" class=\"lrblock\" data-anchor=\"anchor-\">\n<div class=\"container flex left\">\n<div class=\"half bodytext\">\n<div class=\"textsectiono textleft\">\n<p>&nbsp;<\/p>\n<\/div>\n<\/div>\n<\/div>\n<\/section>\n<\/div>\n<\/div>\n<div class=\"textsectiono textleft\" style=\"text-align: left;\"><\/div>\n[\/vc_column_text][vc_empty_space][vc_single_image image=&#8221;2881&#8243; alignment=&#8221;center&#8221;][vc_column_text css=&#8221;.vc_custom_1715069231691{margin-top: 40px !important;}&#8221; text_align=&#8221;left&#8221;]\n<h2 class=\"h2sectiono\" style=\"text-align: left;\">\u00bfCu\u00e1les son los retos de la transici\u00f3n energ\u00e9tica?<\/h2>\n<p style=\"text-align: left;\">La transici\u00f3n hacia una flota m\u00e1s sostenible presenta varios retos. La configuraci\u00f3n y definici\u00f3n de los par\u00e1metros de infraestructura de los veh\u00edculos el\u00e9ctricos, incluidos los<strong>\u00a0perfiles de consumo, la capacidad de las bater\u00edas y la profundidad de descarga, son aspectos que deben tenerse en cuenta a la hora de planificar y gestionar el servicio con autobuses el\u00e9ctricos.<\/strong><\/p>\n<p style=\"text-align: left;\">Entre los par\u00e1metros de veh\u00edculos el\u00e9ctricos que deben incluirse en la\u00a0<strong><a href=\"https:\/\/www.maior.it\/es\/soluzioni\/for-electric-fleets\/e-bus-schedules-optimization\/\" target=\"_blank\" rel=\"noopener noreferrer\" data-linktype=\"external\" data-val=\"https:\/\/www.maior.it\/es\/vehiculoselectricos\">Suite MAIOR para una planificaci\u00f3n eficiente y eficaz de las operaciones de los autobuses el\u00e9ctricos<\/a><\/strong>\u00a0se encuentran los par\u00e1metros de la bater\u00eda: es decir, la\u00a0<strong>capacidad, el consumo<\/strong>\u00a0(tambi\u00e9n relacionado con el territorio),\u00a0<strong>DoD (Deph of Discharge, Profundidad de Descarga)<\/strong>\u00a0que representa cu\u00e1nto se puede utilizar realmente la bater\u00eda sin comprometer su vida \u00fatil, y<strong>\u00a0SoC (State of Charge, Estado de Carga)<\/strong>\u00a0que es crucial para la planificaci\u00f3n de la prestaci\u00f3n del servicio.<\/p>\n[\/vc_column_text][vc_empty_space][vc_single_image image=&#8221;2882&#8243; alignment=&#8221;center&#8221;][vc_column_text css=&#8221;.vc_custom_1710422594784{margin-top: 40px !important;}&#8221; text_align=&#8221;left&#8221;]\n<div class=\"mosaic-grid-row\">\n<div class=\"mosaic-grid-cell mosaic-width-full mosaic-position-leftmost\">\n<div class=\"movable removable mosaic-tile mosaic-collective.themefragments.fragment-tile\">\n<div class=\"mosaic-tile-content\">\n<section id=\"section_title_description\" class=\"lrblock\" title=\"Green transition: How to plan the transition from a non-electric vehicle service to an EV service?\" data-anchor=\"anchor-Green transition: How to plan the transition from a non-electric vehicle service to an EV service?\">\n<div class=\"container flex\">\n<div class=\"halftext bodytext\">\n<div class=\"mosaic-grid-row\">\n<div class=\"mosaic-grid-cell mosaic-width-full mosaic-position-leftmost\">\n<div class=\"movable removable mosaic-tile mosaic-collective.themefragments.fragment-tile\">\n<div class=\"mosaic-tile-content\">\n<section id=\"section_title_description\" class=\"lrblock\" title=\"Transici\u00f3n ecol\u00f3gica: \u00bfC\u00f3mo planificar la transici\u00f3n de un servicio de buses no el\u00e9ctricos a uno con buses el\u00e9ctricos?\" data-anchor=\"anchor-Transici\u00f3n ecol\u00f3gica: \u00bfC\u00f3mo planificar la transici\u00f3n de un servicio de buses no el\u00e9ctricos a uno con buses el\u00e9ctricos?\">\n<div class=\"container flex\">\n<div class=\"halftext bodytext\">\n<h2 class=\"h2sectiono\">Transici\u00f3n ecol\u00f3gica: \u00bfC\u00f3mo planificar la transici\u00f3n de un servicio de buses no el\u00e9ctricos a uno con buses el\u00e9ctricos?<\/h2>\n<p>&nbsp;<\/p>\n<div class=\"textsectiono textleft\">\n<p>Hay ciertos aspectos que deben tenerse en cuenta para<strong>\u00a0garantizar una planificaci\u00f3n eficaz:<\/strong><\/p>\n<p>1.<strong>\u00a0Evaluaci\u00f3n integrada del impacto de los viajes en vac\u00edo en los turnos de los veh\u00edculos:<\/strong>\u00a0es necesario evaluar c\u00f3mo los viajes en vac\u00edos\u00a0pueden afectar a los turnos de veh\u00edculos el\u00e9ctricos. Esto implica considerar la disponibilidad de veh\u00edculos el\u00e9ctricos para los recorridos, teniendo en cuenta su autonom\u00eda y la infraestructura de recarga. Es importante establecer turnos que equilibren estos viajes en vac\u00edo con la capacidad de los veh\u00edculos el\u00e9ctricos para mantener un nivel de carga adecuado.<\/p>\n<p>2.\u00a0<strong>Seguimiento del progreso del Estado de Carga (SoC):<\/strong>\u00a0El SoC representa el estado de carga de las bater\u00edas de los veh\u00edculos el\u00e9ctricos. Es esencial hacer seguimiento al progreso del SoC durante los\u00a0viajes para garantizar que los veh\u00edculos\u00a0mantengan un nivel de carga adecuada para completar los viajes planificados. Esto requiere el uso de sistemas de\u00a0<strong>seguimiento\u00a0en tiempo real para evaluar el estado de carga de los buses y tomar medidas correctivas, como reducir la velocidad o planificar una parada para recargar, de ser necesario.<\/strong><\/p>\n<p>La planificaci\u00f3n de los\u00a0viajes\u00a0de los veh\u00edculos el\u00e9ctricos requiere una gesti\u00f3n cuidadosa y prestar atenci\u00f3n a la\u00a0<strong>disponibilidad y autonom\u00eda de los veh\u00edculos,<\/strong>\u00a0as\u00ed como a la gesti\u00f3n de la infraestructura de recarga.<\/p>\n<p>El uso de herramientas avanzadas de planificaci\u00f3n y supervisi\u00f3n, como las que ofrece la Suite MAIOR, puede ayudar a las empresas a\u00a0<strong>garantizar una transici\u00f3n fluida hacia el uso de veh\u00edculos el\u00e9ctricos, optimizando la eficiencia operativa y asegurando una cobertura adecuada del servicio.<\/strong><\/p>\n<\/div>\n<\/div>\n<\/div>\n<\/section>\n<\/div>\n<\/div>\n<\/div>\n<\/div>\n<div class=\"mosaic-grid-row\">\n<div class=\"mosaic-grid-cell mosaic-width-full mosaic-position-leftmost\">\n<div class=\"movable removable mosaic-tile mosaic-collective.themefragments.fragment-tile\">\n<div class=\"mosaic-tile-content\">\n<section id=\"fragment-sectiono\" class=\"lrblock\" data-anchor=\"anchor-\">\n<div class=\"container flex left\">\n<div class=\"half bodytext\">\n<div class=\"textsectiono textleft\">\n<p>Partiendo de datos reales, los atributos de los veh\u00edculos el\u00e9ctricos pueden modificarse para lograr una soluci\u00f3n m\u00e1s precisa. El usuario puede modificar de forma independiente los datos de los distintos par\u00e1metros para intentar emular o simular la autonom\u00eda real de los veh\u00edculos, que puede disminuir con el tiempo, a partir de datos reales del servicio prestado. Esto permite\u00a0<strong>planificar turnos de veh\u00edculos el\u00e9ctricos cada vez m\u00e1s fiables.<\/strong><\/p>\n<p>La\u00a0<strong><a href=\"https:\/\/www.maior.it\/es\/soluzioni\/for-electric-fleets\/maior-suite-for-e-bus\/\" target=\"_blank\" rel=\"noopener noreferrer\" data-linktype=\"external\" data-val=\"https:\/\/www.maior.it\/es\/vehiculoselectricos\">Suite MAIOR para veh\u00edculos el\u00e9ctricos<\/a><\/strong>\u00a0es una poderoso software para las empresas de transporte p\u00fablico que deseen adoptar veh\u00edculos el\u00e9ctricos en su flota, ofreciendo una soluci\u00f3n completa para planificar, optimizar y gestionar eficazmente servicios de transporte energ\u00e9ticamente eficientes, contribuyendo as\u00ed a construir un futuro m\u00e1s sostenible.<\/p>\n<\/div>\n<\/div>\n<\/div>\n<\/section>\n<\/div>\n<\/div>\n<\/div>\n<\/div>\n<\/div>\n<\/div>\n<\/section>\n<\/div>\n<\/div>\n<\/div>\n<\/div>\n<div class=\"mosaic-grid-row\">\n<div class=\"mosaic-grid-cell mosaic-width-full mosaic-position-leftmost\">\n<div class=\"movable removable mosaic-tile mosaic-collective.themefragments.fragment-tile\">\n<div class=\"mosaic-tile-content\">\n<section id=\"fragment-sectiono\" class=\"lrblock\" data-anchor=\"anchor-\">\n<div class=\"container flex left\">\n<div class=\"half bodytext\">\n<div class=\"textsectiono textleft\">\n<p>&nbsp;<\/p>\n<\/div>\n<\/div>\n<\/div>\n<\/section>\n<\/div>\n<\/div>\n<\/div>\n<\/div>\n[\/vc_column_text][vc_empty_space][vc_single_image image=&#8221;2883&#8243; alignment=&#8221;center&#8221;][\/vc_column][\/vc_row][vc_row el_class=&#8221;margin_top_100&#8243;][vc_column width=&#8221;1\/6&#8243;][\/vc_column][vc_column width=&#8221;2\/3&#8243;][vc_separator color=&#8221;custom&#8221; border_width=&#8221;6&#8243; el_width=&#8221;10&#8243; accent_color=&#8221;#003a69&#8243; el_class=&#8221;desktop&#8221;][vc_separator color=&#8221;custom&#8221; align=&#8221;align_left&#8221; border_width=&#8221;6&#8243; el_width=&#8221;20&#8243; accent_color=&#8221;#003a69&#8243; el_class=&#8221;mobile&#8221;][vc_column_text color=&#8221;#0071bb&#8221; font_size=&#8221;d:19px|pl:16px|pp:16px&#8221; font_family=&#8221;Montserrat&#8221; letter_spacing=&#8221;2.28px&#8221; font_weight=&#8221;600&#8243; text_transform=&#8221;uppercase&#8221; css=&#8221;.vc_custom_1710422607895{margin-top: 15px !important;}&#8221; el_class=&#8221;center_desktop&#8221;]\n<h4>TEMAS RELACIONADOS<\/h4>\n[\/vc_column_text][\/vc_column][vc_column width=&#8221;1\/6&#8243;][\/vc_column][\/vc_row][vc_row el_class=&#8221;articolo_riga_correlati margin_bot_100&#8243;][vc_column width=&#8221;1\/12&#8243;][\/vc_column][vc_column width=&#8221;10\/12&#8243;][vc_basic_grid post_type=&#8221;post&#8221; max_items=&#8221;2&#8243; element_width=&#8221;6&#8243; item=&#8221;8525&#8243; grid_id=&#8221;vc_gid:1738602069152-f28943c3-0cbd-3&#8243; page_id=&#8221;1772&#8243; css=&#8221;.vc_custom_1738602096159{margin-top: 30px !important;}&#8221;][\/vc_column][vc_column width=&#8221;1\/12&#8243;][\/vc_column][\/vc_row][vc_row][vc_column][vc_column_text]\n[\/vc_column_text][\/vc_column][\/vc_row]\n<\/section>","protected":false},"excerpt":{"rendered":"<p>[vc_row full_width=&#8221;stretch_row&#8221; equal_height=&#8221;yes&#8221; wpex_bg_overlay=&#8221;custom&#8221; css=&#8221;.vc_custom_1693564858225{background-image: url(https:\/\/www.maior.it\/wp-content\/uploads\/2023\/09\/MAIOR-Suite-Electric-bus-fleet-management.jpeg?id=2879) !important;background-position: center !important;background-repeat: no-repeat !important;background-size: cover !important;}&#8221; el_class=&#8221;evento_riga_slide&#8221; wpex_bg_overlay_image=&#8221;1947&#8243; wpex_bg_overlay_opacity=&#8221;0.85&#8243;][vc_column width=&#8221;1\/6&#8243;][\/vc_column][vc_column width=&#8221;2\/3&#8243;][\/vc_column][vc_column width=&#8221;1\/6&#8243;][\/vc_column][\/vc_row][vc_row el_class=&#8221;articolo_riga_content&#8221;][vc_column][vc_column_text css=&#8221;.vc_custom_1710422550441{margin-top: 40px !important;}&#8221; text_align=&#8221;left&#8221;] Gesti\u00f3n de buses el\u00e9ctricos en la Suite MAIOR &nbsp; En este art\u00edculo hablaremos de c\u00f3mo la Suite MAIOR da soporte a\u00a0las empresas de transporte p\u00fablico durante su\u00a0transici\u00f3n energ\u00e9tica\u00a0y c\u00f3mo puede ayudar&hellip;<\/p>\n","protected":false},"author":2,"featured_media":3976,"comment_status":"open","ping_status":"open","sticky":false,"template":"","format":"standard","meta":{"_acf_changed":false,"inline_featured_image":false,"footnotes":""},"categories":[20],"tags":[],"post_series":[],"class_list":["post-14327","post","type-post","status-publish","format-standard","has-post-thumbnail","hentry","category-sin-categorizar","entry","has-media"],"acf":[],"yoast_head":"<!-- This site is optimized with the Yoast SEO plugin v27.1.1 - https:\/\/yoast.com\/product\/yoast-seo-wordpress\/ -->\n<title>Gesti\u00f3n de buses el\u00e9ctricos en la Suite MAIOR - MAIOR<\/title>\n<meta name=\"description\" content=\"Discover how the MAIOR Transit Scheduling Suite helps to support public transport companies during the energy transition.\" \/>\n<meta name=\"robots\" content=\"index, follow, max-snippet:-1, max-image-preview:large, max-video-preview:-1\" \/>\n<link rel=\"canonical\" href=\"https:\/\/www.maior.it\/es\/gestion-buses-electricos-suite-maior\/\" \/>\n<meta property=\"og:locale\" content=\"es_ES\" \/>\n<meta property=\"og:type\" content=\"article\" \/>\n<meta property=\"og:title\" content=\"Gesti\u00f3n de buses el\u00e9ctricos en la Suite MAIOR - MAIOR\" \/>\n<meta property=\"og:description\" content=\"Discover how the MAIOR Transit Scheduling Suite helps to support public transport companies during the energy transition.\" \/>\n<meta property=\"og:url\" content=\"https:\/\/www.maior.it\/es\/gestion-buses-electricos-suite-maior\/\" \/>\n<meta property=\"og:site_name\" content=\"MAIOR\" \/>\n<meta property=\"article:published_time\" content=\"2023-07-01T10:46:02+00:00\" \/>\n<meta property=\"article:modified_time\" content=\"2025-02-03T17:01:39+00:00\" \/>\n<meta property=\"og:image\" content=\"https:\/\/www.maior.it\/wp-content\/uploads\/2023\/09\/ELECTRIC-BUS-FLEET-MANAGEMENT-WITH-THE-MAIOR-SUITE.jpeg\" \/>\n\t<meta property=\"og:image:width\" content=\"553\" \/>\n\t<meta property=\"og:image:height\" content=\"301\" \/>\n\t<meta property=\"og:image:type\" content=\"image\/jpeg\" \/>\n<meta name=\"author\" content=\"mentarossa\" \/>\n<meta name=\"twitter:card\" content=\"summary_large_image\" \/>\n<meta name=\"twitter:label1\" content=\"Escrito por\" \/>\n\t<meta name=\"twitter:data1\" content=\"mentarossa\" \/>\n\t<meta name=\"twitter:label2\" content=\"Tiempo de lectura\" \/>\n\t<meta name=\"twitter:data2\" content=\"6 minutos\" \/>\n<script type=\"application\/ld+json\" class=\"yoast-schema-graph\">{\"@context\":\"https:\/\/schema.org\",\"@graph\":[{\"@type\":\"Article\",\"@id\":\"https:\/\/www.maior.it\/es\/gestion-buses-electricos-suite-maior\/#article\",\"isPartOf\":{\"@id\":\"https:\/\/www.maior.it\/es\/gestion-buses-electricos-suite-maior\/\"},\"author\":{\"name\":\"mentarossa\",\"@id\":\"https:\/\/www.maior.it\/#\/schema\/person\/86c8a8dfd1855850685b62611a92b0ae\"},\"headline\":\"Gesti\u00f3n de buses el\u00e9ctricos en la Suite MAIOR\",\"datePublished\":\"2023-07-01T10:46:02+00:00\",\"dateModified\":\"2025-02-03T17:01:39+00:00\",\"mainEntityOfPage\":{\"@id\":\"https:\/\/www.maior.it\/es\/gestion-buses-electricos-suite-maior\/\"},\"wordCount\":1364,\"commentCount\":0,\"publisher\":{\"@id\":\"https:\/\/www.maior.it\/#organization\"},\"image\":{\"@id\":\"https:\/\/www.maior.it\/es\/gestion-buses-electricos-suite-maior\/#primaryimage\"},\"thumbnailUrl\":\"https:\/\/www.maior.it\/wp-content\/uploads\/2023\/09\/ELECTRIC-BUS-FLEET-MANAGEMENT-WITH-THE-MAIOR-SUITE.jpeg\",\"articleSection\":[\"Investigacion y innovacion\"],\"inLanguage\":\"es\"},{\"@type\":\"WebPage\",\"@id\":\"https:\/\/www.maior.it\/es\/gestion-buses-electricos-suite-maior\/\",\"url\":\"https:\/\/www.maior.it\/es\/gestion-buses-electricos-suite-maior\/\",\"name\":\"Gesti\u00f3n de buses el\u00e9ctricos en la Suite MAIOR - MAIOR\",\"isPartOf\":{\"@id\":\"https:\/\/www.maior.it\/#website\"},\"primaryImageOfPage\":{\"@id\":\"https:\/\/www.maior.it\/es\/gestion-buses-electricos-suite-maior\/#primaryimage\"},\"image\":{\"@id\":\"https:\/\/www.maior.it\/es\/gestion-buses-electricos-suite-maior\/#primaryimage\"},\"thumbnailUrl\":\"https:\/\/www.maior.it\/wp-content\/uploads\/2023\/09\/ELECTRIC-BUS-FLEET-MANAGEMENT-WITH-THE-MAIOR-SUITE.jpeg\",\"datePublished\":\"2023-07-01T10:46:02+00:00\",\"dateModified\":\"2025-02-03T17:01:39+00:00\",\"description\":\"Discover how the MAIOR Transit Scheduling Suite helps to support public transport companies during the energy transition.\",\"breadcrumb\":{\"@id\":\"https:\/\/www.maior.it\/es\/gestion-buses-electricos-suite-maior\/#breadcrumb\"},\"inLanguage\":\"es\",\"potentialAction\":[{\"@type\":\"ReadAction\",\"target\":[\"https:\/\/www.maior.it\/es\/gestion-buses-electricos-suite-maior\/\"]}]},{\"@type\":\"ImageObject\",\"inLanguage\":\"es\",\"@id\":\"https:\/\/www.maior.it\/es\/gestion-buses-electricos-suite-maior\/#primaryimage\",\"url\":\"https:\/\/www.maior.it\/wp-content\/uploads\/2023\/09\/ELECTRIC-BUS-FLEET-MANAGEMENT-WITH-THE-MAIOR-SUITE.jpeg\",\"contentUrl\":\"https:\/\/www.maior.it\/wp-content\/uploads\/2023\/09\/ELECTRIC-BUS-FLEET-MANAGEMENT-WITH-THE-MAIOR-SUITE.jpeg\",\"width\":553,\"height\":301,\"caption\":\"Gesti\u00f3n de buses el\u00e9ctricos en la Suite MAIOR\"},{\"@type\":\"BreadcrumbList\",\"@id\":\"https:\/\/www.maior.it\/es\/gestion-buses-electricos-suite-maior\/#breadcrumb\",\"itemListElement\":[{\"@type\":\"ListItem\",\"position\":1,\"name\":\"Home\",\"item\":\"https:\/\/www.maior.it\/es\/\"},{\"@type\":\"ListItem\",\"position\":2,\"name\":\"Gesti\u00f3n de buses el\u00e9ctricos en la Suite MAIOR\"}]},{\"@type\":\"WebSite\",\"@id\":\"https:\/\/www.maior.it\/#website\",\"url\":\"https:\/\/www.maior.it\/\",\"name\":\"MAIOR\",\"description\":\"\",\"publisher\":{\"@id\":\"https:\/\/www.maior.it\/#organization\"},\"potentialAction\":[{\"@type\":\"SearchAction\",\"target\":{\"@type\":\"EntryPoint\",\"urlTemplate\":\"https:\/\/www.maior.it\/?s={search_term_string}\"},\"query-input\":{\"@type\":\"PropertyValueSpecification\",\"valueRequired\":true,\"valueName\":\"search_term_string\"}}],\"inLanguage\":\"es\"},{\"@type\":\"Organization\",\"@id\":\"https:\/\/www.maior.it\/#organization\",\"name\":\"MAIOR\",\"url\":\"https:\/\/www.maior.it\/\",\"logo\":{\"@type\":\"ImageObject\",\"inLanguage\":\"es\",\"@id\":\"https:\/\/www.maior.it\/#\/schema\/logo\/image\/\",\"url\":\"https:\/\/www.maior.it\/wp-content\/uploads\/2023\/08\/maior-favicon.jpg\",\"contentUrl\":\"https:\/\/www.maior.it\/wp-content\/uploads\/2023\/08\/maior-favicon.jpg\",\"width\":48,\"height\":48,\"caption\":\"MAIOR\"},\"image\":{\"@id\":\"https:\/\/www.maior.it\/#\/schema\/logo\/image\/\"},\"sameAs\":[\"https:\/\/www.instagram.com\/maior.it\",\"https:\/\/www.linkedin.com\/company\/m-a-i-o-r-\/\"]},{\"@type\":\"Person\",\"@id\":\"https:\/\/www.maior.it\/#\/schema\/person\/86c8a8dfd1855850685b62611a92b0ae\",\"name\":\"mentarossa\",\"image\":{\"@type\":\"ImageObject\",\"inLanguage\":\"es\",\"@id\":\"https:\/\/www.maior.it\/#\/schema\/person\/image\/\",\"url\":\"https:\/\/secure.gravatar.com\/avatar\/989259148a9f4e461636de4e7fedd396cf3809275930008cb654afa2eef469ba?s=96&d=mm&r=g\",\"contentUrl\":\"https:\/\/secure.gravatar.com\/avatar\/989259148a9f4e461636de4e7fedd396cf3809275930008cb654afa2eef469ba?s=96&d=mm&r=g\",\"caption\":\"mentarossa\"},\"url\":\"https:\/\/www.maior.it\/es\/author\/mentarossa\/\"}]}<\/script>\n<!-- \/ Yoast SEO plugin. -->","yoast_head_json":{"title":"Gesti\u00f3n de buses el\u00e9ctricos en la Suite MAIOR - MAIOR","description":"Discover how the MAIOR Transit Scheduling Suite helps to support public transport companies during the energy transition.","robots":{"index":"index","follow":"follow","max-snippet":"max-snippet:-1","max-image-preview":"max-image-preview:large","max-video-preview":"max-video-preview:-1"},"canonical":"https:\/\/www.maior.it\/es\/gestion-buses-electricos-suite-maior\/","og_locale":"es_ES","og_type":"article","og_title":"Gesti\u00f3n de buses el\u00e9ctricos en la Suite MAIOR - MAIOR","og_description":"Discover how the MAIOR Transit Scheduling Suite helps to support public transport companies during the energy transition.","og_url":"https:\/\/www.maior.it\/es\/gestion-buses-electricos-suite-maior\/","og_site_name":"MAIOR","article_published_time":"2023-07-01T10:46:02+00:00","article_modified_time":"2025-02-03T17:01:39+00:00","og_image":[{"width":553,"height":301,"url":"https:\/\/www.maior.it\/wp-content\/uploads\/2023\/09\/ELECTRIC-BUS-FLEET-MANAGEMENT-WITH-THE-MAIOR-SUITE.jpeg","type":"image\/jpeg"}],"author":"mentarossa","twitter_card":"summary_large_image","twitter_misc":{"Escrito por":"mentarossa","Tiempo de lectura":"6 minutos"},"schema":{"@context":"https:\/\/schema.org","@graph":[{"@type":"Article","@id":"https:\/\/www.maior.it\/es\/gestion-buses-electricos-suite-maior\/#article","isPartOf":{"@id":"https:\/\/www.maior.it\/es\/gestion-buses-electricos-suite-maior\/"},"author":{"name":"mentarossa","@id":"https:\/\/www.maior.it\/#\/schema\/person\/86c8a8dfd1855850685b62611a92b0ae"},"headline":"Gesti\u00f3n de buses el\u00e9ctricos en la Suite MAIOR","datePublished":"2023-07-01T10:46:02+00:00","dateModified":"2025-02-03T17:01:39+00:00","mainEntityOfPage":{"@id":"https:\/\/www.maior.it\/es\/gestion-buses-electricos-suite-maior\/"},"wordCount":1364,"commentCount":0,"publisher":{"@id":"https:\/\/www.maior.it\/#organization"},"image":{"@id":"https:\/\/www.maior.it\/es\/gestion-buses-electricos-suite-maior\/#primaryimage"},"thumbnailUrl":"https:\/\/www.maior.it\/wp-content\/uploads\/2023\/09\/ELECTRIC-BUS-FLEET-MANAGEMENT-WITH-THE-MAIOR-SUITE.jpeg","articleSection":["Investigacion y innovacion"],"inLanguage":"es"},{"@type":"WebPage","@id":"https:\/\/www.maior.it\/es\/gestion-buses-electricos-suite-maior\/","url":"https:\/\/www.maior.it\/es\/gestion-buses-electricos-suite-maior\/","name":"Gesti\u00f3n de buses el\u00e9ctricos en la Suite MAIOR - MAIOR","isPartOf":{"@id":"https:\/\/www.maior.it\/#website"},"primaryImageOfPage":{"@id":"https:\/\/www.maior.it\/es\/gestion-buses-electricos-suite-maior\/#primaryimage"},"image":{"@id":"https:\/\/www.maior.it\/es\/gestion-buses-electricos-suite-maior\/#primaryimage"},"thumbnailUrl":"https:\/\/www.maior.it\/wp-content\/uploads\/2023\/09\/ELECTRIC-BUS-FLEET-MANAGEMENT-WITH-THE-MAIOR-SUITE.jpeg","datePublished":"2023-07-01T10:46:02+00:00","dateModified":"2025-02-03T17:01:39+00:00","description":"Discover how the MAIOR Transit Scheduling Suite helps to support public transport companies during the energy transition.","breadcrumb":{"@id":"https:\/\/www.maior.it\/es\/gestion-buses-electricos-suite-maior\/#breadcrumb"},"inLanguage":"es","potentialAction":[{"@type":"ReadAction","target":["https:\/\/www.maior.it\/es\/gestion-buses-electricos-suite-maior\/"]}]},{"@type":"ImageObject","inLanguage":"es","@id":"https:\/\/www.maior.it\/es\/gestion-buses-electricos-suite-maior\/#primaryimage","url":"https:\/\/www.maior.it\/wp-content\/uploads\/2023\/09\/ELECTRIC-BUS-FLEET-MANAGEMENT-WITH-THE-MAIOR-SUITE.jpeg","contentUrl":"https:\/\/www.maior.it\/wp-content\/uploads\/2023\/09\/ELECTRIC-BUS-FLEET-MANAGEMENT-WITH-THE-MAIOR-SUITE.jpeg","width":553,"height":301,"caption":"Gesti\u00f3n de buses el\u00e9ctricos en la Suite MAIOR"},{"@type":"BreadcrumbList","@id":"https:\/\/www.maior.it\/es\/gestion-buses-electricos-suite-maior\/#breadcrumb","itemListElement":[{"@type":"ListItem","position":1,"name":"Home","item":"https:\/\/www.maior.it\/es\/"},{"@type":"ListItem","position":2,"name":"Gesti\u00f3n de buses el\u00e9ctricos en la Suite MAIOR"}]},{"@type":"WebSite","@id":"https:\/\/www.maior.it\/#website","url":"https:\/\/www.maior.it\/","name":"MAIOR","description":"","publisher":{"@id":"https:\/\/www.maior.it\/#organization"},"potentialAction":[{"@type":"SearchAction","target":{"@type":"EntryPoint","urlTemplate":"https:\/\/www.maior.it\/?s={search_term_string}"},"query-input":{"@type":"PropertyValueSpecification","valueRequired":true,"valueName":"search_term_string"}}],"inLanguage":"es"},{"@type":"Organization","@id":"https:\/\/www.maior.it\/#organization","name":"MAIOR","url":"https:\/\/www.maior.it\/","logo":{"@type":"ImageObject","inLanguage":"es","@id":"https:\/\/www.maior.it\/#\/schema\/logo\/image\/","url":"https:\/\/www.maior.it\/wp-content\/uploads\/2023\/08\/maior-favicon.jpg","contentUrl":"https:\/\/www.maior.it\/wp-content\/uploads\/2023\/08\/maior-favicon.jpg","width":48,"height":48,"caption":"MAIOR"},"image":{"@id":"https:\/\/www.maior.it\/#\/schema\/logo\/image\/"},"sameAs":["https:\/\/www.instagram.com\/maior.it","https:\/\/www.linkedin.com\/company\/m-a-i-o-r-\/"]},{"@type":"Person","@id":"https:\/\/www.maior.it\/#\/schema\/person\/86c8a8dfd1855850685b62611a92b0ae","name":"mentarossa","image":{"@type":"ImageObject","inLanguage":"es","@id":"https:\/\/www.maior.it\/#\/schema\/person\/image\/","url":"https:\/\/secure.gravatar.com\/avatar\/989259148a9f4e461636de4e7fedd396cf3809275930008cb654afa2eef469ba?s=96&d=mm&r=g","contentUrl":"https:\/\/secure.gravatar.com\/avatar\/989259148a9f4e461636de4e7fedd396cf3809275930008cb654afa2eef469ba?s=96&d=mm&r=g","caption":"mentarossa"},"url":"https:\/\/www.maior.it\/es\/author\/mentarossa\/"}]}},"_links":{"self":[{"href":"https:\/\/www.maior.it\/es\/wp-json\/wp\/v2\/posts\/14327","targetHints":{"allow":["GET"]}}],"collection":[{"href":"https:\/\/www.maior.it\/es\/wp-json\/wp\/v2\/posts"}],"about":[{"href":"https:\/\/www.maior.it\/es\/wp-json\/wp\/v2\/types\/post"}],"author":[{"embeddable":true,"href":"https:\/\/www.maior.it\/es\/wp-json\/wp\/v2\/users\/2"}],"replies":[{"embeddable":true,"href":"https:\/\/www.maior.it\/es\/wp-json\/wp\/v2\/comments?post=14327"}],"version-history":[{"count":4,"href":"https:\/\/www.maior.it\/es\/wp-json\/wp\/v2\/posts\/14327\/revisions"}],"predecessor-version":[{"id":20661,"href":"https:\/\/www.maior.it\/es\/wp-json\/wp\/v2\/posts\/14327\/revisions\/20661"}],"wp:featuredmedia":[{"embeddable":true,"href":"https:\/\/www.maior.it\/es\/wp-json\/wp\/v2\/media\/3976"}],"wp:attachment":[{"href":"https:\/\/www.maior.it\/es\/wp-json\/wp\/v2\/media?parent=14327"}],"wp:term":[{"taxonomy":"category","embeddable":true,"href":"https:\/\/www.maior.it\/es\/wp-json\/wp\/v2\/categories?post=14327"},{"taxonomy":"post_tag","embeddable":true,"href":"https:\/\/www.maior.it\/es\/wp-json\/wp\/v2\/tags?post=14327"},{"taxonomy":"post_series","embeddable":true,"href":"https:\/\/www.maior.it\/es\/wp-json\/wp\/v2\/post_series?post=14327"}],"curies":[{"name":"wp","href":"https:\/\/api.w.org\/{rel}","templated":true}]}}